{"id":54162,"date":"2024-05-20T07:29:42","date_gmt":"2024-05-20T05:29:42","guid":{"rendered":"https:\/\/www.infokuryr.cz\/n\/?p=54162"},"modified":"2024-05-20T07:29:42","modified_gmt":"2024-05-20T05:29:42","slug":"iran-potvrdil-smrt-sveho-prezidenta-pri-havarii-vrtulniku","status":"publish","type":"post","link":"https:\/\/www.infokuryr.cz\/n\/2024\/05\/20\/iran-potvrdil-smrt-sveho-prezidenta-pri-havarii-vrtulniku\/","title":{"rendered":"\u00cdr\u00e1n potvrdil smrt sv\u00e9ho prezidenta p\u0159i hav\u00e1rii vrtuln\u00edku"},"content":{"rendered":"<div id=\"fb-root\"><\/div>\n<p><span style=\"font-size: 18pt;\"><strong>Ebrahim Raisi (63) byl zvolen prezidentem v roce 2021 pot\u00e9, co m\u011bl za sebou desetilet\u00ed dlouhou kari\u00e9ru v soudn\u00edm syst\u00e9mu zem\u011b<\/strong><\/span><\/p>\n<p><span>\u00cdr\u00e1nsk\u00e1 st\u00e1tn\u00ed m\u00e9dia potvrdila, \u017ee prezident Ebrahim Raisi zahynul p\u0159i hav\u00e1rii vrtuln\u00edku v provincii V\u00fdchodn\u00ed \u00c1zerb\u00e1jd\u017e\u00e1n na severoz\u00e1pad\u011b zem\u011b. Cel\u00fd jeho doprovod, v\u010detn\u011b ministra zahrani\u010d\u00ed Hosseina Amir-Abdollahiana a guvern\u00e9ra v\u00fdchodn\u00edho \u00c1zerb\u00e1jd\u017e\u00e1nu Maleka Rahmatiho, tak\u00e9 zahynul, uvedla Press TV.<\/span><\/p>\n<p><span>Hlava st\u00e1tu odcestovala do pohrani\u010dn\u00ed oblasti pot\u00e9, co se v sobotu p\u0159ipojila k \u00e1zerb\u00e1jd\u017e\u00e1nsk\u00e9mu prezidentovi Ilh\u00e1mu Alijevovi, aby slavnostn\u011b otev\u0159ela p\u0159ehradu. Raisi se zav\u00e1zal nav\u0161t\u00edvit ka\u017edou z 30 \u00edr\u00e1nsk\u00fdch provinci\u00ed alespo\u0148 jednou ro\u010dn\u011b, a proto se pravideln\u011b pohyboval po zemi.<\/span><\/p>\n<p><span>Zpr\u00e1vy o\u00a0<\/span><em><span>\u201ene\u0161\u0165astn\u00e9m p\u0159ist\u00e1n\u00ed\u201c<\/span><\/em><span>\u00a0za\u010daly kolovat d\u0159\u00edve v ned\u011bli, p\u0159i\u010dem\u017e \u00edr\u00e1nsk\u00e1 st\u00e1tn\u00ed m\u00e9dia citovala ministra vnitra Ahmada Vahidiho. Podle m\u00e9dia IRNA bylo v oblasti, kde se p\u0159edpokl\u00e1d\u00e1, \u017ee spadl prezidentsk\u00fd vrtuln\u00edk, mlhav\u00e9 po\u010das\u00ed.<\/span><\/p>\n<p><span>Podle m\u00e9di\u00ed Raisi cestoval ve vrtuln\u00edku Bell 212 americk\u00e9 v\u00fdroby. N\u00edzk\u00e1 viditelnost a nepr\u016fchodnost oblasti zt\u011b\u017eovaly p\u00e1trac\u00ed operace, napsala tak\u00e9 IRNA. P\u0159esto\u017ee z\u00e1chrann\u00e9 t\u00fdmy \u00fadajn\u011b zah\u00e1jily p\u00e1trac\u00ed operaci do hodiny po incidentu, nep\u0159\u00edzniv\u00e9 pov\u011btrnostn\u00ed podm\u00ednky proces brzdily.<\/span><\/p>\n<p><span>Podle m\u00e9di\u00ed Raisi cestoval ve vrtuln\u00edku Bell 212 americk\u00e9 v\u00fdroby. M\u00edsto hav\u00e1rie se nakonec poda\u0159ilo z\u00e1chran\u00e1\u0159\u016fm lokalizovat v pond\u011bl\u00ed r\u00e1no za pomoci tureck\u00fdch sledovac\u00edch dron\u016f. Vrak byl objeven v lesn\u00ed oblasti na horsk\u00e9m svahu. Letoun byl t\u011b\u017ece po\u0161kozen a oho\u0159el\u00fd. Neexistuj\u00ed \u017e\u00e1dn\u00e9 zn\u00e1mky p\u0159e\u017eiv\u0161\u00edch, uvedla \u00edr\u00e1nsk\u00e1 spole\u010dnost \u010cerven\u00e9ho p\u016flm\u011bs\u00edce.<\/span><\/p>\n<p><span>Po Raisiho odchodu se o\u010dek\u00e1v\u00e1, \u017ee prvn\u00ed viceprezident Mohammad Mokhber p\u0159evezme \u00fa\u0159ad jako prozat\u00edmn\u00ed v\u016fdce.<\/span><\/p>\n<p><span>Z\u00e1stupce konzervativn\u00edho k\u0159\u00eddla republiky Raisi byl zvolen ji\u017e v roce 2021. P\u0159ed n\u00e1stupem do nejvy\u0161\u0161\u00ed funkce \u00cdr\u00e1nu se v 80. a 90. letech v Teher\u00e1nu vypracoval ze st\u00e1tn\u00edho z\u00e1stupce a z\u00e1stupce prokur\u00e1tora a\u017e na gener\u00e1ln\u00edho prokur\u00e1tora a pozd\u011bji Hlavn\u00ed soudce.<\/span><\/p>\n<p><img decoding=\"async\" loading=\"lazy\" class=\"alignnone size-full wp-image-1185\" src=\"http:\/\/www.infokuryr.cz\/n\/wp-content\/uploads\/2021\/04\/kuryr-podpis.png\" alt=\"\" width=\"84\" height=\"24\" \/><\/p>\n<p>&nbsp;<\/p>\n","protected":false},"excerpt":{"rendered":"<p>Ebrahim Raisi (63) byl zvolen prezidentem v roce 2021 pot\u00e9, co m\u011bl za sebou desetilet\u00ed&#8230;<\/p>\n","protected":false},"author":2,"featured_media":54163,"comment_status":"closed","ping_status":"closed","sticky":false,"template":"","format":"standard","meta":[],"categories":[7],"tags":[7327,1421,165,3912],"_links":{"self":[{"href":"https:\/\/www.infokuryr.cz\/n\/wp-json\/wp\/v2\/posts\/54162"}],"collection":[{"href":"https:\/\/www.infokuryr.cz\/n\/wp-json\/wp\/v2\/posts"}],"about":[{"href":"https:\/\/www.infokuryr.cz\/n\/wp-json\/wp\/v2\/types\/post"}],"author":[{"embeddable":true,"href":"https:\/\/www.infokuryr.cz\/n\/wp-json\/wp\/v2\/users\/2"}],"replies":[{"embeddable":true,"href":"https:\/\/www.infokuryr.cz\/n\/wp-json\/wp\/v2\/comments?post=54162"}],"version-history":[{"count":0,"href":"https:\/\/www.infokuryr.cz\/n\/wp-json\/wp\/v2\/posts\/54162\/revisions"}],"wp:featuredmedia":[{"embeddable":true,"href":"https:\/\/www.infokuryr.cz\/n\/wp-json\/wp\/v2\/media\/54163"}],"wp:attachment":[{"href":"https:\/\/www.infokuryr.cz\/n\/wp-json\/wp\/v2\/media?parent=54162"}],"wp:term":[{"taxonomy":"category","embeddable":true,"href":"https:\/\/www.infokuryr.cz\/n\/wp-json\/wp\/v2\/categories?post=54162"},{"taxonomy":"post_tag","embeddable":true,"href":"https:\/\/www.infokuryr.cz\/n\/wp-json\/wp\/v2\/tags?post=54162"}],"curies":[{"name":"wp","href":"https:\/\/api.w.org\/{rel}","templated":true}]}}