{"id":5413,"date":"2021-10-16T04:08:10","date_gmt":"2021-10-16T02:08:10","guid":{"rendered":"http:\/\/www.infokuryr.cz\/n\/?p=5413"},"modified":"2021-10-16T04:08:10","modified_gmt":"2021-10-16T02:08:10","slug":"francouzi-podporuji-polske-odpirani-evropskemu-soudu","status":"publish","type":"post","link":"https:\/\/www.infokuryr.cz\/n\/2021\/10\/16\/francouzi-podporuji-polske-odpirani-evropskemu-soudu\/","title":{"rendered":"Francouzi podporuj\u00ed polsk\u00e9 odp\u00edr\u00e1n\u00ed Evropsk\u00e9mu soudu"},"content":{"rendered":"<div id=\"fb-root\"><\/div>\n<p>Nikoli u\u017e jen p\u0159edstavitel\u00e9 francouzsk\u00e9 rezolutn\u00ed pravice Marine Le Penov\u00e1 a Erich Zemmour, ale i hlavn\u00edho pravicov\u00e9ho proudu v \u010dele s Xavierem Bertrandem se stav\u00ed za Polsko v jeho odp\u00edra\u010dstv\u00ed v\u016f\u010di (germ\u00e1nsk\u00e9mu rozhodnut\u00ed) soudu EU, a poukazuj\u00ed na to, \u017ee Polsko je v pr\u00e1vu, kdy\u017e nad\u0159azuje svoji \u00dastavu pr\u00e1vu EU.<\/p>\n<p>Naposledy pak republik\u00e1nsk\u00e1 p\u0159edsedkyn\u011b centr\u00e1ln\u00edho francouzsk\u00e9ho regionu Ile-de-France, Valerie Pecreseov\u00e1, prohl\u00e1sila pro CNN, \u017ee Evropa se \u0159\u00edd\u00ed\u00a0 v r\u00e1mci smluv, kter\u00e9 jsou nad\u0159azeny na\u0161emu z\u00e1konod\u00e1rstv\u00ed, ale nemohou b\u00fdt nad\u0159azeny na\u0161\u00ed \u00fastavn\u00ed identit\u011b, ani Polska, ani Francie. (<em>\u00ab\u00a0L\u2019Europe exerce son magist\u00e8re dans le cadre des trait\u00e9s qui sont au-dessus de nos lois mais\u00a0<strong>ne peuvent pas \u00eatre au-dessus de nos identit\u00e9s constitutionnelles<\/strong>, ni celle de la Pologne, ni celle de la France\u00a0\u00bb).\u00a0<\/em>Uvedla rovn\u011b\u017e, \u017ee je \u0161okov\u00e1na na\u0159\u00edzen\u00edm Evropsk\u00e9ho soudu zru\u0161it Disciplin\u00e1rn\u00ed komoru polsk\u00e9ho Nejvy\u0161\u0161\u00edho soudu (<strong><em>\u00ab\u00a0tr\u00e8s choqu\u00e9e\u00a0\u00bb<\/em><\/strong><strong>\u00a0par l\u2019ordre\u00a0<\/strong>donn\u00e9 en juillet \u00e0 la Pologne p<strong>ar la Cour de justice de l\u2019UE\u00a0<\/strong>(CJUE) de faire cesser imm\u00e9diatement les activit\u00e9s de la chambre disciplinaire de sa Cour supr\u00eame).<\/p>\n<p>Nejnad\u011bjn\u011bj\u0161\u00ed kandid\u00e1t na francouzsk\u00e9ho prezidenta Erich Zemmour, varoval p\u0159ed v\u00fdrokem Evropsk\u00e9ho soudu: &#8222;My ve Francii mus\u00edme vyvodit d\u016fsledky z toho federali\u010dn\u00edho ataku, o kter\u00fd se pokusil Evropsk\u00fd soud. Pln\u011b podporuji polsk\u00fd n\u00e1rod a jeho vl\u00e1du v uplat\u0148ov\u00e1n\u00ed jejich pr\u00e1vn\u00edho \u0159\u00e1du&#8220;.<\/p>\n<p>Pokud \u010cR okam\u017eit\u011b Polsko nepodpo\u0159\u00ed v jeho opr\u00e1vn\u011bn\u00e9m sporu s Evropsk\u00fdm soudem, bude pozd\u011b a po\u0161kod\u00ed to vz\u00e1jemn\u00e9 vztahy a d\u016fv\u011bru uvnit\u0159 V4. Na Z\u00e1pad a do Evropy toti\u017e nepat\u0159\u00ed ti, co dr\u017e\u00ed hubu a krok, ale ti, kte\u0159\u00ed maj\u00ed koule na to, Evropu spoluutv\u00e1\u0159et. Ti prvn\u00ed n\u00e1m toti\u017e jen p\u0159ipravuj\u00ed &#8222;demokracii sov\u011btsk\u00e9ho typu&#8220;.<\/p>\n<p><a href=\"https:\/\/www.rp.pl\/swiat\/art19017101-francuzi-wspieraja-orzeczenie-tk\">ZDROJ<\/a><\/p>\n<p>&nbsp;<\/p>\n","protected":false},"excerpt":{"rendered":"<p>Nikoli u\u017e jen p\u0159edstavitel\u00e9 francouzsk\u00e9 rezolutn\u00ed pravice Marine Le Penov\u00e1 a Erich Zemmour, ale i&#8230;<\/p>\n","protected":false},"author":2,"featured_media":2244,"comment_status":"closed","ping_status":"closed","sticky":false,"template":"","format":"standard","meta":[],"categories":[7],"tags":[277,130,31],"_links":{"self":[{"href":"https:\/\/www.infokuryr.cz\/n\/wp-json\/wp\/v2\/posts\/5413"}],"collection":[{"href":"https:\/\/www.infokuryr.cz\/n\/wp-json\/wp\/v2\/posts"}],"about":[{"href":"https:\/\/www.infokuryr.cz\/n\/wp-json\/wp\/v2\/types\/post"}],"author":[{"embeddable":true,"href":"https:\/\/www.infokuryr.cz\/n\/wp-json\/wp\/v2\/users\/2"}],"replies":[{"embeddable":true,"href":"https:\/\/www.infokuryr.cz\/n\/wp-json\/wp\/v2\/comments?post=5413"}],"version-history":[{"count":0,"href":"https:\/\/www.infokuryr.cz\/n\/wp-json\/wp\/v2\/posts\/5413\/revisions"}],"wp:featuredmedia":[{"embeddable":true,"href":"https:\/\/www.infokuryr.cz\/n\/wp-json\/wp\/v2\/media\/2244"}],"wp:attachment":[{"href":"https:\/\/www.infokuryr.cz\/n\/wp-json\/wp\/v2\/media?parent=5413"}],"wp:term":[{"taxonomy":"category","embeddable":true,"href":"https:\/\/www.infokuryr.cz\/n\/wp-json\/wp\/v2\/categories?post=5413"},{"taxonomy":"post_tag","embeddable":true,"href":"https:\/\/www.infokuryr.cz\/n\/wp-json\/wp\/v2\/tags?post=5413"}],"curies":[{"name":"wp","href":"https:\/\/api.w.org\/{rel}","templated":true}]}}