{"id":5411,"date":"2021-10-16T04:02:11","date_gmt":"2021-10-16T02:02:11","guid":{"rendered":"http:\/\/www.infokuryr.cz\/n\/?p=5411"},"modified":"2021-10-16T04:02:11","modified_gmt":"2021-10-16T02:02:11","slug":"at-vladu-sestavi-petikoalice-vzkazuje-babis-hodla-byt-v-opozici-prezident-pry-neji","status":"publish","type":"post","link":"https:\/\/www.infokuryr.cz\/n\/2021\/10\/16\/at-vladu-sestavi-petikoalice-vzkazuje-babis-hodla-byt-v-opozici-prezident-pry-neji\/","title":{"rendered":"A\u0165 vl\u00e1du sestav\u00ed p\u011btikoalice, vzkazuje Babi\u0161. Hodl\u00e1 b\u00fdt v opozici. Prezident pr\u00fd nej\u00ed"},"content":{"rendered":"<div id=\"fb-root\"><\/div>\n<p><strong>V rozhovoru pro r\u00e1dio Frekvence 1 premi\u00e9r prohl\u00e1sil, \u017ee by od prezidenta nep\u0159ijal pov\u011b\u0159en\u00ed jednat o sestaven\u00ed kabinetu. Je p\u0159ipraven\u00fd b\u00fdt v opozici.<\/strong><\/p>\n<p>Podle Babi\u0161e je \u201eprotibabi\u0161ovsk\u00fd\u201c p\u011btiblok pevn\u00fd, a nem\u00e1 proto smysl p\u0159ij\u00edmat pov\u011b\u0159en\u00ed o\u00a0<strong>sestaven\u00ed vl\u00e1dy<\/strong>.<\/p>\n<p>\u201eP\u0159ed\u00e1me to nov\u00e9 koalici a my budeme v opozici,\u201c \u0159ekl Frekvenci 1.<\/p>\n<p>D\u00e1le ujistil, \u017ee bude \u201edo posledn\u00ed chv\u00edle\u201c norm\u00e1ln\u011b pracovat jako premi\u00e9r.<\/p>\n<p>Krom\u011b toho se Babi\u0161 dotkl zdravotn\u00edho stavu prezidenta Milo\u0161e Zemana. Podle n\u011bj m\u00e1 probl\u00e9m s p\u0159\u00edjmem potravy.<\/p>\n<p>\u201ePan prezident byl unaven\u00fd. Jeho hlavn\u00ed probl\u00e9m je, \u017ee nej\u00ed a je oslaben\u00fd. To ale \u0159e\u0161\u00ed dokto\u0159i, ale j\u00e1 nejsem opr\u00e1vn\u011bn\u00fd se k tomu vyjad\u0159ovat,\u201c uvedl premi\u00e9r.<\/p>\n<p><strong>Zeman cht\u011bl pov\u011b\u0159it Babi\u0161e<\/strong><\/p>\n<p>P\u0159ipome\u0148me, \u017ee v \u00fater\u00fd Babi\u0161 novin\u00e1\u0159\u016fm\u00a0sd\u011blil, \u017ee mu Zeman b\u011bhem ned\u011bln\u00ed sch\u016fzky ozn\u00e1mil, \u017ee kdy\u017e nastane chv\u00edle, oslov\u00ed ho s pov\u011b\u0159en\u00edm k sestaven\u00ed vl\u00e1dy. ANO m\u00e1 po volb\u00e1ch nejsiln\u011bj\u0161\u00ed poslaneck\u00fd klub, ale koalice Spolu a PirSTAN ji\u017e d\u0159\u00edve deklarovaly ochotu sestavit spolu vl\u00e1du.<\/p>\n<p>\u201eV ned\u011bli, kdy\u017e jsem mluvil s panem prezidentem, mluvil o tom, \u017ee kdy\u017e nastane ta chv\u00edle, tak m\u011b oslov\u00ed. Opakovan\u011b to \u0159\u00edkal, a je na mn\u011b, jestli to pov\u011b\u0159en\u00ed p\u0159ijmu, nebo nep\u0159ijmu,\u201c \u0159ekl tehdy Babi\u0161. \u201eMy jsme vyhr\u00e1li volby na po\u010det mand\u00e1t\u016f. A kdy\u017e m\u011b pan prezident pov\u011b\u0159\u00ed, tak potom v\u00e1m \u0159eknu stanovisko,\u201c dodal.<\/p>\n<p>Pr\u00e1v\u011b kr\u00e1tce po t\u00e9to sch\u016fzce\u00a0byl prezident p\u0159evezen sanitkou do \u00dast\u0159edn\u00ed vojensk\u00e9 nemocnice (\u00daVN) v Praze, kde se l\u00e9\u010d\u00ed na Klinice anestezie, resuscitace a intenzivn\u00ed medic\u00edny (KARIM).<\/p>\n<p>Lidovci ji\u017e d\u0159\u00edve dnes prohl\u00e1sili, \u017ee cht\u011bj\u00ed vl\u00e1dn\u00ed koali\u010dn\u00ed smlouvu a programov\u00e9 prohl\u00e1\u0161en\u00ed vl\u00e1dy koalic Spolu a PirSTAN schvalovat na stranick\u00e9 \u00farovni 5. listopadu. D\u0159\u00edve z\u00e1stupci koalice ozn\u00e1mili, \u017ee\u00a0cht\u011bj\u00ed\u00a0programov\u00e9 prohl\u00e1\u0161en\u00ed vl\u00e1dy podepsat do 8. listopadu.<\/p>\n<p><strong>Sesad\u00ed Zemana?<\/strong><\/p>\n<p>Prezident se nyn\u00ed nach\u00e1z\u00ed v nemocnici a jeho zdravotn\u00ed stav st\u00e1le nen\u00ed jasn\u00fd. Z politik\u016f ho po hospitalizaci nav\u0161t\u00edvil pouze ve \u010dtvrtek \u0161\u00e9f Sn\u011bmovny Radek Vondr\u00e1\u010dek (ANO). B\u011bhem sch\u016fzky prezident podepsal rozhodnut\u00ed svolat zased\u00e1n\u00ed nov\u00e9 Sn\u011bmovny dne 8. listopadu. Nicm\u00e9n\u011b, politici i novin\u00e1\u0159i spekuluj\u00ed, \u017ee podpis nen\u00ed prav\u00fd.<\/p>\n<p>V den Vondr\u00e1\u010dkovy n\u00e1v\u0161t\u011bvy \u00daVN\u00a0Zemanova man\u017eelka Ivana\u00a0na tiskov\u00e9 konferenci \u0159ekla, \u017ee Zeman je nemocn\u00fd a spekulace o jeho zdravotn\u00edm stavu jsou neetick\u00e9.<\/p>\n<p>Ve st\u0159edu Den\u00edk N s odvol\u00e1n\u00edm na dob\u0159e informovan\u00e9 zdroje\u00a0psal, \u017ee Zeman trp\u00ed jatern\u00ed encefalopati\u00ed. Tu mu p\u0159itom zp\u016fsobuje jatern\u00ed cirh\u00f3za. Krom\u011b toho m\u00e1 b\u00fdt Zeman \u00fadajn\u011b dezorientovan\u00fd a m\u00e1 obt\u00ed\u017en\u011b komunikovat.<\/p>\n<p>P\u0159edseda Sen\u00e1tu Milo\u0161 Vystr\u010dil (ODS) v p\u00e1tek na tiskov\u00e9 konferenci\u00a0nevylou\u010dil, \u017ee m\u016f\u017ee doj\u00edt k aktivaci \u010dl\u00e1nku 66 \u00fastavy. V \u00fater\u00fd by to m\u011bla projednat sen\u00e1tn\u00ed \u00fastavn\u00ed komise. Podle tohoto \u010dl\u00e1nku usnese-li Sn\u011bmovna a Sen\u00e1t, \u017ee prezident nem\u016f\u017ee ze z\u00e1va\u017en\u00fdch d\u016fvod\u016f vykon\u00e1vat sv\u016fj \u00fa\u0159ad, p\u0159esunou se jeho pravomoce \u010d\u00e1ste\u010dn\u011b na p\u0159edsedu vl\u00e1dy a z\u010d\u00e1sti na \u0161\u00e9fa doln\u00ed komory. Jmenov\u00e1n\u00ed premi\u00e9ra a \u010dleny vl\u00e1dy by m\u011bl tud\u00ed\u017e na starosti p\u0159edseda Sn\u011bmovny.<\/p>\n<p>Prezident\u016fv mluv\u010d\u00ed Ji\u0159\u00ed Ov\u010d\u00e1\u010dek ale varoval, \u017ee by \u0161lo o n\u00e1siln\u00e9 sesazen\u00ed prezidenta a nov\u011b vznikl\u00e1 vl\u00e1da by byla nelegitimn\u00ed.<\/p>\n<p>\u201eVl\u00e1da, kter\u00e1 by byla jmenov\u00e1na za cenu v podstat\u011b n\u00e1siln\u00e9ho sesazen\u00ed prezidenta republiky podle \u010dl\u00e1nku 66, by mo\u017en\u00e1 byla leg\u00e1ln\u00ed. Ale rozhodn\u011b by nebyla legitimn\u00ed,\u201c vzk\u00e1zal Zeman\u016fv mluv\u010d\u00ed na Twitteru.<\/p>\n<p><a href=\"https:\/\/cz.sputniknews.com\/20211015\/at-vladu-sestavi-petikoalice-vzkazuje-babis-hodla-byt-v-opozici-16184122.html\">ZDROJ<\/a><\/p>\n<p>&nbsp;<\/p>\n<p>&nbsp;<\/p>\n","protected":false},"excerpt":{"rendered":"<p>V rozhovoru pro r\u00e1dio Frekvence 1 premi\u00e9r prohl\u00e1sil, \u017ee by od prezidenta nep\u0159ijal pov\u011b\u0159en\u00ed jednat&#8230;<\/p>\n","protected":false},"author":2,"featured_media":898,"comment_status":"closed","ping_status":"closed","sticky":false,"template":"","format":"standard","meta":[],"categories":[6],"tags":[126,99],"_links":{"self":[{"href":"https:\/\/www.infokuryr.cz\/n\/wp-json\/wp\/v2\/posts\/5411"}],"collection":[{"href":"https:\/\/www.infokuryr.cz\/n\/wp-json\/wp\/v2\/posts"}],"about":[{"href":"https:\/\/www.infokuryr.cz\/n\/wp-json\/wp\/v2\/types\/post"}],"author":[{"embeddable":true,"href":"https:\/\/www.infokuryr.cz\/n\/wp-json\/wp\/v2\/users\/2"}],"replies":[{"embeddable":true,"href":"https:\/\/www.infokuryr.cz\/n\/wp-json\/wp\/v2\/comments?post=5411"}],"version-history":[{"count":0,"href":"https:\/\/www.infokuryr.cz\/n\/wp-json\/wp\/v2\/posts\/5411\/revisions"}],"wp:featuredmedia":[{"embeddable":true,"href":"https:\/\/www.infokuryr.cz\/n\/wp-json\/wp\/v2\/media\/898"}],"wp:attachment":[{"href":"https:\/\/www.infokuryr.cz\/n\/wp-json\/wp\/v2\/media?parent=5411"}],"wp:term":[{"taxonomy":"category","embeddable":true,"href":"https:\/\/www.infokuryr.cz\/n\/wp-json\/wp\/v2\/categories?post=5411"},{"taxonomy":"post_tag","embeddable":true,"href":"https:\/\/www.infokuryr.cz\/n\/wp-json\/wp\/v2\/tags?post=5411"}],"curies":[{"name":"wp","href":"https:\/\/api.w.org\/{rel}","templated":true}]}}