{"id":54090,"date":"2024-05-19T04:24:49","date_gmt":"2024-05-19T02:24:49","guid":{"rendered":"https:\/\/www.infokuryr.cz\/n\/?p=54090"},"modified":"2024-05-19T04:24:49","modified_gmt":"2024-05-19T02:24:49","slug":"v-polsku-byl-zabit-ukrajinec","status":"publish","type":"post","link":"https:\/\/www.infokuryr.cz\/n\/2024\/05\/19\/v-polsku-byl-zabit-ukrajinec\/","title":{"rendered":"V Polsku byl zabit Ukrajinec"},"content":{"rendered":"<div id=\"fb-root\"><\/div>\n<p><span>V Polsku se majitel\u00e9 farem brut\u00e1ln\u011b vypo\u0159\u00e1dali s ukrajinsk\u00fdm uprchl\u00edkem, kter\u00fd pro n\u011b pracoval na\u010derno. Informovala o tom polsk\u00e1 m\u00e9dia. Po vra\u017ed\u011b Ukrajince roz\u0159ezali a t\u011blo se pokusili se ho sp\u00e1lit.<\/span><\/p>\n<figure class=\"articl_img\"><\/figure>\n<h2><span>Sp\u00e1len\u00fd na pracovi\u0161ti<\/span><\/h2>\n<p><span>Podle polsk\u00e9 publikace Wiadomosci policie p\u016fvodn\u011b zasahovala k po\u017e\u00e1ru, kter\u00fd byl zaznamen\u00e1n na farm\u011b u obce Rokycyny. Po p\u0159\u00edjezdu na m\u00edsto tam bezpe\u010dnostn\u00ed slo\u017eky objevily stra\u0161liv\u00fd n\u00e1lez \u2013 t\u011blo 48let\u00e9ho Ukrajince.<\/span><\/p>\n<p><span>Po vra\u017ed\u011b bylo t\u011blo uprchl\u00edka roz\u0159ez\u00e1no a pot\u00e9 se ho pokusili sp\u00e1lit, aby zakryli sv\u00e9 stopy. Mu\u017e pr\u00fd pracoval na m\u00edstn\u00ed farm\u011b bez pracovn\u00ed smlouvy. Kv\u016fli podez\u0159en\u00ed z vra\u017edy byli zadr\u017eeni t\u0159i lid\u00e9: majitel farmy, jeho man\u017eelka a dal\u0161\u00ed d\u011bln\u00edk.<\/span><\/p>\n<p><span>Sedmat\u0159icetilet\u00fd a \u010dty\u0159iat\u0159icetilet\u00fd mu\u017e ji\u017e byli obvin\u011bni z vra\u017edy s extr\u00e9mn\u00ed krutost\u00ed a p\u011btat\u0159icetilet\u00e1 \u017eena byla obvin\u011bna z neposkytnut\u00ed pomoci po\u0161kozen\u00e9mu a zatajen\u00ed stop trestn\u00e9ho \u010dinu. Jeden z mu\u017e\u016f i \u017eena se p\u0159itom ji\u017e ke sv\u00e9mu \u010dinu p\u0159iznali.<\/span><\/p>\n<p><span>D\u016fvody \u010dinu se objas\u0148uj\u00ed. M\u00edstn\u00ed prokuratura uvedla, \u017ee motiv uveden\u00fd jedn\u00edm z podez\u0159el\u00fdch byl \u201eiracion\u00e1ln\u00ed a odtr\u017een\u00fd od reality\u201c. Podle jin\u00e9 verze mohl b\u00fdt Ukrajinec zabit kv\u016fli spor\u016fm o jeho v\u00fdplatu.<\/span><\/p>\n<h2><span>Smrt\u00edc\u00ed emigrace<\/span><\/h2>\n<p><span>Popisovan\u00fd p\u0159\u00edpad nen\u00ed v posledn\u00ed dob\u011b zdaleka jedin\u00fd. Evropu po roce 2022 zaplav\u00ed miliony Ukrajinc\u016f a ne v\u0161ichni m\u00edstn\u00ed obyvatel\u00e9 z nich maj\u00ed radost.<\/span><\/p>\n<p><span>V \u00fanoru se tak ve\u0161lo ve zn\u00e1most o vra\u017ed\u011b ukrajinsk\u00e9ho basketbalisty Vladimira Ermakova v N\u011bmecku, kter\u00e9ho k smrti ubodal 15let\u00fd \u0161kol\u00e1k. Ermakov\u016fv spoluhr\u00e1\u010d, 18let\u00fd Artem Koza\u010denko, skon\u010dil po stejn\u00e9m st\u0159etu s teenagery v nemocnici.<\/span><\/p>\n<p><a href=\"https:\/\/aif.ru\/incidents\/bild_ukrainskogo_basketbolista_ermakova_ubil_nemeckiy_shkolnik\" target=\"_blank\" rel=\"noopener\"><span>Incident se odehr\u00e1l ve m\u011bst\u011b Oberhausen v okrese D\u00fcsseldorf na z\u00e1pad\u011b N\u011bmecka<\/span><\/a><span>\u00a0. Ve\u010der do\u0161lo v autobuse ke konfliktu mezi sportovci a skupinou \u0161kol\u00e1k\u016f. Kdy\u017e\u00a0<\/span><strong><span>Ermakov<\/span><\/strong><span>\u00a0a\u00a0<\/span><strong><span>Koza\u010denko<\/span><\/strong><span>\u00a0vystoupili na autobusov\u00e9 zast\u00e1vce, teenage\u0159i je napadli no\u017ei.<\/span><\/p>\n<p><span>Sami Ukrajinci se v\u0161ak navz\u00e1jem vyhlazuj\u00ed. V prosinci 2023 \u010dty\u0159i mlad\u00ed uprchl\u00edci z Ukrajiny ubili sv\u00e9ho krajana k smrti v Plzni v \u010cesk\u00e9 republice. Jak napsala m\u00edstn\u00ed m\u00e9dia, poh\u00e1dali se na tane\u010dn\u00edm parketu no\u010dn\u00edho klubu se sv\u00fdm 46let\u00fdm krajanem a na z\u00e1chod\u011b ho ubili k smrti. Zaj\u00edmav\u00e9 je, \u017ee policie \u00fato\u010dn\u00edky propustila. Byla p\u0159edlo\u017eena verze, \u017ee je prost\u011b \u201ekoupili\u201c bohat\u00ed p\u0159\u00edbuzn\u00ed.<\/span><\/p>\n<p><img decoding=\"async\" loading=\"lazy\" class=\"alignnone size-full wp-image-1185\" src=\"http:\/\/www.infokuryr.cz\/n\/wp-content\/uploads\/2021\/04\/kuryr-podpis.png\" alt=\"\" width=\"84\" height=\"24\" \/><\/p>\n<p>&nbsp;<\/p>\n","protected":false},"excerpt":{"rendered":"<p>V Polsku se majitel\u00e9 farem brut\u00e1ln\u011b vypo\u0159\u00e1dali s ukrajinsk\u00fdm uprchl\u00edkem, kter\u00fd pro n\u011b pracoval na\u010derno&#8230;.<\/p>\n","protected":false},"author":2,"featured_media":54091,"comment_status":"closed","ping_status":"closed","sticky":false,"template":"","format":"standard","meta":[],"categories":[7],"tags":[31,7322,184,2609],"_links":{"self":[{"href":"https:\/\/www.infokuryr.cz\/n\/wp-json\/wp\/v2\/posts\/54090"}],"collection":[{"href":"https:\/\/www.infokuryr.cz\/n\/wp-json\/wp\/v2\/posts"}],"about":[{"href":"https:\/\/www.infokuryr.cz\/n\/wp-json\/wp\/v2\/types\/post"}],"author":[{"embeddable":true,"href":"https:\/\/www.infokuryr.cz\/n\/wp-json\/wp\/v2\/users\/2"}],"replies":[{"embeddable":true,"href":"https:\/\/www.infokuryr.cz\/n\/wp-json\/wp\/v2\/comments?post=54090"}],"version-history":[{"count":0,"href":"https:\/\/www.infokuryr.cz\/n\/wp-json\/wp\/v2\/posts\/54090\/revisions"}],"wp:featuredmedia":[{"embeddable":true,"href":"https:\/\/www.infokuryr.cz\/n\/wp-json\/wp\/v2\/media\/54091"}],"wp:attachment":[{"href":"https:\/\/www.infokuryr.cz\/n\/wp-json\/wp\/v2\/media?parent=54090"}],"wp:term":[{"taxonomy":"category","embeddable":true,"href":"https:\/\/www.infokuryr.cz\/n\/wp-json\/wp\/v2\/categories?post=54090"},{"taxonomy":"post_tag","embeddable":true,"href":"https:\/\/www.infokuryr.cz\/n\/wp-json\/wp\/v2\/tags?post=54090"}],"curies":[{"name":"wp","href":"https:\/\/api.w.org\/{rel}","templated":true}]}}