{"id":5408,"date":"2021-10-15T11:52:04","date_gmt":"2021-10-15T09:52:04","guid":{"rendered":"http:\/\/www.infokuryr.cz\/n\/?p=5408"},"modified":"2021-10-15T11:55:01","modified_gmt":"2021-10-15T09:55:01","slug":"sokujici-zjisteni-lipovske-syn-poslankyne-za-top-09-mel-kseft-s-ct-v-den-jejiho-odvolani-z-rady-ct","status":"publish","type":"post","link":"https:\/\/www.infokuryr.cz\/n\/2021\/10\/15\/sokujici-zjisteni-lipovske-syn-poslankyne-za-top-09-mel-kseft-s-ct-v-den-jejiho-odvolani-z-rady-ct\/","title":{"rendered":"\u0160okuj\u00edc\u00ed zji\u0161t\u011bn\u00ed Lipovsk\u00e9: Syn poslankyn\u011b za TOP 09 m\u011bl k\u0161eft s \u010cT v den jej\u00edho odvol\u00e1n\u00ed z Rady \u010cT"},"content":{"rendered":"<div id=\"fb-root\"><\/div>\n<div class=\"article__header\">\n<div class=\"article__announce-text\">\n<p>\u010cesk\u00e1 politi\u010dka a b\u00fdval\u00e1 \u010dlenka Rady \u010cesk\u00e9 televize Hana Lipovsk\u00e1 na sv\u00e9m facebookov\u00e9m profilu pouk\u00e1zala na to, \u017ee syn poslankyn\u011b Olgy Sommerov\u00e9 v z\u00e1\u0159\u00ed podepsal smlouvu se \u0159editelem \u010cT Petrem Dvo\u0159\u00e1kem. Stalo se to ve stejn\u00fd den, kdy samotn\u00e1 Sommerov\u00e1 prosadila ve Sn\u011bmovn\u011b odvol\u00e1n\u00ed Lipovsk\u00e9 z Rady \u010cT.<\/p>\n<\/div>\n<\/div>\n<div class=\"article__body\">\n<div class=\"article__block\" data-type=\"text\">\n<div class=\"article__text\">\n<p>Dne 17. z\u00e1\u0159\u00ed leto\u0161n\u00edho roku ekonomka a politi\u010dka Hana Lipovsk\u00e1\u00a0p\u0159i\u0161la o sv\u00e9 m\u00edsto\u00a0v Rad\u011b \u010cesk\u00e9 televize, kde p\u016fsobila od 27. kv\u011btna 2020. Stalo se tak pot\u00e9, co doln\u00ed komora \u010desk\u00e9ho parlamentu schv\u00e1lila n\u00e1vrh poslankyn\u011b klubu TOP 09 Olgy Sommerov\u00e9, kter\u00e1 dlouhodob\u011b usilovala o odvol\u00e1n\u00ed Lipovsk\u00e9 kv\u016fli tomu, \u017ee ta se chystala kandidovat v \u0159\u00edjnov\u00fdch sn\u011bmovn\u00edch volb\u00e1ch. Podle Sommerov\u00e9 politick\u00e9 anga\u017em\u00e1 Lipovsk\u00e9 m\u011blo b\u00fdt v protikladu s \u010desk\u00fdmi z\u00e1kony, a to kv\u016fli \u00fadajn\u00e9mu st\u0159etu z\u00e1jm\u016f a etick\u00e9 kolize jedn\u00e1n\u00ed Lipovsk\u00e9 v souvislosti s jej\u00ed kandidaturou za\u00a0Voln\u00fd blok.<\/p>\n<\/div>\n<\/div>\n<div class=\"article__block\" data-type=\"text\">\n<div class=\"article__text\">\n<p>Nebylo to v\u0161ak jedinou zaj\u00edmavou ud\u00e1lost\u00ed toho dne, kter\u00e9 bylo spojeno s poslankyn\u00ed Sommerovou, respektive jej\u00ed rodinou. Hana Lipovsk\u00e1 na sv\u00e9m Facebooku informovala o tom, \u017ee dne 17. z\u00e1\u0159\u00ed syn Olgy Sommerov\u00e9 m\u011bl osobn\u011b uzav\u0159\u00edt smlouvu se \u0159editelem \u010cT Petrem Dvo\u0159\u00e1kem.<\/p>\n<\/div>\n<\/div>\n<div>\n<p>\u201eN\u00e1hody se d\u011bj\u00ed. Olga Sommerov\u00e1 napon\u011bkolik\u00e1t\u00e9 usp\u011bla 17. 9. s m\u00fdm odvol\u00e1n\u00edm z Rady \u010cT a 17. 9. podepsal gener\u00e1ln\u00ed \u0159editel \u010cT Petr Dvo\u0159\u00e1k osobn\u011b smlouvu s Jakubem Sommerem, synem pan\u00ed poslankyn\u011b &#8211; \u00fadajn\u011b v hodnot\u011b 10 milion\u016f K\u010d. Doufejme, \u017ee ten film bude st\u00e1t za to!\u201d ironicky podotkla b\u00fdval\u00e1 radn\u00ed \u010cT.<\/p>\n<\/div>\n<\/div>\n<div><\/div>\n<div>\n<p><span style=\"font-size: 14pt;\"><strong>Pen\u00edze koncesion\u00e1\u0159\u016f<\/strong><\/span><\/p>\n<\/div>\n<div>\n<div class=\"article__block\" data-type=\"text\">\n<div class=\"article__text\">\n<p>K cel\u00e9 situaci se vyj\u00e1d\u0159il i publicista Petr Brandtner, kter\u00fd vid\u00ed p\u0159\u00edmou souvislost mezi snahami odvolat Lipovskou a z\u00e1jmy rodiny Sommerov\u00e9. Podle Brandtnera, Lipovsk\u00e1 m\u011bla b\u00fdt\u00a0trnem v oku\u00a0t\u011bch, komu vadila jej\u00ed \u010dinnost v Rad\u011b \u010cesk\u00e9 televize, zvl\u00e1\u0161\u0165 jej\u00ed p\u0159\u00edsn\u00e9 postoje v\u016f\u010di hospoda\u0159en\u00ed \u010cT.<\/p>\n<\/div>\n<\/div>\n<\/div>\n<div>\n<p>\u201eLipovsk\u00e1 toti\u017e jako jedin\u00e1 z radn\u00edch d\u016fsledn\u011b kontrolovala hospoda\u0159en\u00ed\u00a0\u010cesk\u00e9 televize\u00a0v\u010detn\u011b financov\u00e1n\u00ed koproduk\u010dn\u00ed v\u00fdroby, co\u017e by ka\u017ed\u00fd, komu le\u017e\u00ed na srdci hospod\u00e1rnost ve\u0159ejnopr\u00e1vn\u00ed televize, m\u011bl v\u00edtat. Ne tak dokumentaristka Sommerov\u00e1, poslankyn\u011b klubu TOP 09\u2026 Sommerov\u00e1 nakonec sv\u00e9ho dos\u00e1hla. 17. z\u00e1\u0159\u00ed prosadila spolu s ostatn\u00edmi \u201edemokraty\u201c v Poslaneck\u00e9 sn\u011bmovn\u011b odvol\u00e1n\u00ed Lipovsk\u00e9 za to, \u017ee si dovolila kandidovat v parlamentn\u00edch volb\u00e1ch,\u201d uvedl Brandtner.<\/p>\n<p>D\u00e1le poukazuje na dvoj\u00ed metr Sommerov\u00e9, kter\u00e1 d\u0159\u00edve ignorovala politick\u00e9 aktivity jin\u00fdch radn\u00edch. \u201eV minulosti ov\u0161em re\u017eis\u00e9rka Sommerov\u00e1 tak p\u0159\u00edsn\u011b na ,nez\u00e1vislost\u2019 \u010cT nedbala. Pokud \u010dlen Rady \u010cT kandidoval do Poslaneck\u00e9 sn\u011bmovny t\u0159eba za ODS, nech\u00e1valo ji to v klidu,\u201d zd\u016fraznil.<\/p>\n<\/div>\n<div>\n<p>Publicista samoz\u0159ejm\u011b nenechal stranou ani v\u00fd\u0161e zm\u00edn\u011bnou dohodu mezi synem Sommerov\u00e9 a Petrem Dvo\u0159\u00e1kem v hodnot\u011b 10 a p\u016fl milion\u016f korun.<\/p>\n<\/div>\n<div><\/div>\n<div>\n<p>\u201eDo rodiny nate\u010dou z pen\u011bz koncesion\u00e1\u0159\u016f\u2026 Je v\u0161echno jenom n\u00e1hoda?\u201d pt\u00e1 se Brandtner.<\/p>\n<\/div>\n<div><\/div>\n<div><a href=\"https:\/\/cz.sputniknews.com\/20211015\/sokujici-zjisteni-lipovske-syn-poslankyne-za-top-09-mel-kseft-s-ct-v-den-jejiho-odvolani-z-rady-ct-16175913.html\">ZDROJ<\/a><\/div>\n<div><\/div>\n<div><\/div>\n<div><\/div>\n","protected":false},"excerpt":{"rendered":"<p>\u010cesk\u00e1 politi\u010dka a b\u00fdval\u00e1 \u010dlenka Rady \u010cesk\u00e9 televize Hana Lipovsk\u00e1 na sv\u00e9m facebookov\u00e9m profilu pouk\u00e1zala&#8230;<\/p>\n","protected":false},"author":2,"featured_media":1847,"comment_status":"closed","ping_status":"closed","sticky":false,"template":"","format":"standard","meta":[],"categories":[6],"tags":[47,89,1325,1326],"_links":{"self":[{"href":"https:\/\/www.infokuryr.cz\/n\/wp-json\/wp\/v2\/posts\/5408"}],"collection":[{"href":"https:\/\/www.infokuryr.cz\/n\/wp-json\/wp\/v2\/posts"}],"about":[{"href":"https:\/\/www.infokuryr.cz\/n\/wp-json\/wp\/v2\/types\/post"}],"author":[{"embeddable":true,"href":"https:\/\/www.infokuryr.cz\/n\/wp-json\/wp\/v2\/users\/2"}],"replies":[{"embeddable":true,"href":"https:\/\/www.infokuryr.cz\/n\/wp-json\/wp\/v2\/comments?post=5408"}],"version-history":[{"count":0,"href":"https:\/\/www.infokuryr.cz\/n\/wp-json\/wp\/v2\/posts\/5408\/revisions"}],"wp:featuredmedia":[{"embeddable":true,"href":"https:\/\/www.infokuryr.cz\/n\/wp-json\/wp\/v2\/media\/1847"}],"wp:attachment":[{"href":"https:\/\/www.infokuryr.cz\/n\/wp-json\/wp\/v2\/media?parent=5408"}],"wp:term":[{"taxonomy":"category","embeddable":true,"href":"https:\/\/www.infokuryr.cz\/n\/wp-json\/wp\/v2\/categories?post=5408"},{"taxonomy":"post_tag","embeddable":true,"href":"https:\/\/www.infokuryr.cz\/n\/wp-json\/wp\/v2\/tags?post=5408"}],"curies":[{"name":"wp","href":"https:\/\/api.w.org\/{rel}","templated":true}]}}