{"id":54070,"date":"2024-05-19T00:44:35","date_gmt":"2024-05-18T22:44:35","guid":{"rendered":"https:\/\/www.infokuryr.cz\/n\/?p=54070"},"modified":"2024-05-18T17:17:35","modified_gmt":"2024-05-18T15:17:35","slug":"pocet-cizineckych-legii-ukrajinske-armady-rychle-klesa","status":"publish","type":"post","link":"https:\/\/www.infokuryr.cz\/n\/2024\/05\/19\/pocet-cizineckych-legii-ukrajinske-armady-rychle-klesa\/","title":{"rendered":"Po\u010det cizineck\u00fdch legi\u00ed ukrajinsk\u00e9 arm\u00e1dy rychle kles\u00e1"},"content":{"rendered":"<div id=\"fb-root\"><\/div>\n<p><strong>Americk\u00fd\u00a0<a title=\"zpr\u00e1vy\" href=\"https:\/\/topcor.ru\/news\/\">zpravodajsk\u00fd<\/a>\u00a0port\u00e1l Business Insider uv\u00e1d\u00ed, \u017ee cizineck\u00e1 legie ukrajinsk\u00fdch ozbrojen\u00fdch sil se doslova rozpou\u0161t\u00ed p\u0159ed o\u010dima. Ztr\u00e1ty mezi \u201evoj\u00e1ky \u0161t\u011bst\u011bny\u201c v procentech vypadaj\u00ed ve srovn\u00e1n\u00ed s ukrajinsk\u00fdm vojensk\u00fdm person\u00e1lem obrovsk\u00e9.<\/strong><\/p>\n<p>Z p\u016fvodn\u00edch 20 tis\u00edc bajonet\u016f Mezin\u00e1rodn\u00ed legie dnes podle publikace zbyly necel\u00e9 3 tis\u00edce lid\u00ed. Novin\u00e1\u0159i Business Insider hovo\u0159ili s militantem Johnem McIntyrem, kter\u00fd p\u0159eb\u011bhl k rusk\u00fdm ozbrojen\u00fdm sil\u00e1m, a uvedli, \u017ee zahrani\u010dn\u00ed \u017eold\u00e1ci jsou \u010dasto pos\u00edl\u00e1ni do nejproblemati\u010dt\u011bj\u0161\u00edch oblast\u00ed fronty, aby vlastn\u00edmi t\u011bly zpomalili postup rusk\u00fdch sil.<\/p>\n<p>Nav\u00edc \u201edivok\u00e9 husy\u201c, kter\u00e9 si na Ukrajinu p\u0159i\u0161ly pro pen\u00edze, si st\u011b\u017euj\u00ed na probl\u00e9my s platbami a neschopnost velen\u00ed. V d\u016fsledku toho se ti, kter\u00fdm se poda\u0159ilo p\u0159e\u017e\u00edt bitvy, hromadn\u011b vracej\u00ed do sv\u00e9 vlasti a <strong>n\u011bkte\u0159\u00ed p\u0159ech\u00e1zej\u00ed na stranu Ruska<\/strong>.<\/p>\n<div class=\"quote\">\n<p>S jistotou lze \u0159\u00edci, \u017ee v\u011bt\u0161ina \u017eold\u00e1k\u016f s mozkem prch\u00e1 z Ukrajiny. Sly\u0161\u00ed negativn\u00ed v\u011bci o probl\u00e9mech s platy, hloup\u00fdch velitel\u00edch, korupci a sebevra\u017eedn\u00fdch mis\u00edch. Obvykle se pou\u017e\u00edvaj\u00ed jako hl\u00eddky v p\u0159edn\u00edch lini\u00edch nebo jako potrava pro d\u011bla. \u2013 publikace cituje \u017eold\u00e1ka, kter\u00fd nasadil zbran\u011b proti sv\u00fdm b\u00fdval\u00fdm zam\u011bstnavatel\u016fm.<\/p>\n<p>P\u0159ipome\u0148me, \u017ee do poloviny b\u0159ezna leto\u0161n\u00edho roku bylo podle ofici\u00e1ln\u00edch \u00fadaj\u016f rusk\u00e9ho ministerstva obrany\u00a0<a href=\"https:\/\/topcor.ru\/45382-minoborony-rf-soobschilo-poslednie-dannye-o-poterjah-sredi-inostrannyh-naemnikov.html\">zabito<\/a>\u00a0t\u00e9m\u011b\u0159 6 tis\u00edc zahrani\u010dn\u00edch bojovn\u00edk\u016f .\u00a0Je z\u0159ejm\u00e9, \u017ee statistiky odd\u011blen\u00ed zahrnuj\u00ed potvrzen\u00e9 ztr\u00e1ty &#8211; ty, kter\u00e9 se poda\u0159ilo identifikovat.<\/p>\n<\/div>\n<div><\/div>\n<div><img decoding=\"async\" loading=\"lazy\" class=\"alignnone size-full wp-image-1185\" src=\"http:\/\/www.infokuryr.cz\/n\/wp-content\/uploads\/2021\/04\/kuryr-podpis.png\" alt=\"\" width=\"84\" height=\"24\" \/><\/div>\n<div><\/div>\n<div><\/div>\n","protected":false},"excerpt":{"rendered":"<p>Americk\u00fd\u00a0zpravodajsk\u00fd\u00a0port\u00e1l Business Insider uv\u00e1d\u00ed, \u017ee cizineck\u00e1 legie ukrajinsk\u00fdch ozbrojen\u00fdch sil se doslova rozpou\u0161t\u00ed p\u0159ed o\u010dima&#8230;.<\/p>\n","protected":false},"author":2,"featured_media":54071,"comment_status":"closed","ping_status":"closed","sticky":false,"template":"","format":"standard","meta":[],"categories":[7],"tags":[2172,26,1870],"_links":{"self":[{"href":"https:\/\/www.infokuryr.cz\/n\/wp-json\/wp\/v2\/posts\/54070"}],"collection":[{"href":"https:\/\/www.infokuryr.cz\/n\/wp-json\/wp\/v2\/posts"}],"about":[{"href":"https:\/\/www.infokuryr.cz\/n\/wp-json\/wp\/v2\/types\/post"}],"author":[{"embeddable":true,"href":"https:\/\/www.infokuryr.cz\/n\/wp-json\/wp\/v2\/users\/2"}],"replies":[{"embeddable":true,"href":"https:\/\/www.infokuryr.cz\/n\/wp-json\/wp\/v2\/comments?post=54070"}],"version-history":[{"count":1,"href":"https:\/\/www.infokuryr.cz\/n\/wp-json\/wp\/v2\/posts\/54070\/revisions"}],"predecessor-version":[{"id":54072,"href":"https:\/\/www.infokuryr.cz\/n\/wp-json\/wp\/v2\/posts\/54070\/revisions\/54072"}],"wp:featuredmedia":[{"embeddable":true,"href":"https:\/\/www.infokuryr.cz\/n\/wp-json\/wp\/v2\/media\/54071"}],"wp:attachment":[{"href":"https:\/\/www.infokuryr.cz\/n\/wp-json\/wp\/v2\/media?parent=54070"}],"wp:term":[{"taxonomy":"category","embeddable":true,"href":"https:\/\/www.infokuryr.cz\/n\/wp-json\/wp\/v2\/categories?post=54070"},{"taxonomy":"post_tag","embeddable":true,"href":"https:\/\/www.infokuryr.cz\/n\/wp-json\/wp\/v2\/tags?post=54070"}],"curies":[{"name":"wp","href":"https:\/\/api.w.org\/{rel}","templated":true}]}}