{"id":5406,"date":"2021-10-15T11:22:21","date_gmt":"2021-10-15T09:22:21","guid":{"rendered":"http:\/\/www.infokuryr.cz\/n\/?p=5406"},"modified":"2021-10-15T11:22:21","modified_gmt":"2021-10-15T09:22:21","slug":"mariza-provata-30leta-ockovana-pfizerem-ma-nyni-zavazne-nezadouci-vedlejsi-ucinky-a-myokarditidu","status":"publish","type":"post","link":"https:\/\/www.infokuryr.cz\/n\/2021\/10\/15\/mariza-provata-30leta-ockovana-pfizerem-ma-nyni-zavazne-nezadouci-vedlejsi-ucinky-a-myokarditidu\/","title":{"rendered":"Mariza Provata 30let\u00e1 o\u010dkovan\u00e1 Pfizerem m\u00e1 nyn\u00ed z\u00e1va\u017en\u00e9 ne\u017e\u00e1douc\u00ed vedlej\u0161\u00ed \u00fa\u010dinky a myokarditidu"},"content":{"rendered":"<div id=\"fb-root\"><\/div>\n<p><span>U\u010ditelka Mariza m\u011bla hned po o\u010dkov\u00e1n\u00ed \u010detn\u00e9 zdravotn\u00ed probl\u00e9my. <\/span><span>O dva dny pozd\u011bji byla p\u0159ijata na jednotku intenzivn\u00ed p\u00e9\u010de s diagn\u00f3zou myokarditidy.<\/span><\/p>\n<p><span>\u0158ekla, \u017ee jen n\u011bkolik hodin po o\u010dkov\u00e1n\u00ed c\u00edtila\u00a0 velmi \u0161patn\u011b. \u0160la do nemocnice a st\u011b\u017eovala si na silnou bolest na hrudi a du\u0161nost.\u00a0L\u00e9ka\u0159i ji ujistili, \u017ee je v\u0161e v po\u0159\u00e1dku a byla propu\u0161t\u011bna dom\u016f.<\/span><\/p>\n<p><span>Druh\u00fd den se vr\u00e1tila do nemocnice, kde ji vy\u0161et\u0159ili kardiologov\u00e9.\u00a0Tam j\u00ed byla diagnostikov\u00e1na myokarditida a byla p\u0159ijata na jednotku intenzivn\u00ed p\u00e9\u010de v nemocnici Alexandra.<\/span><\/p>\n<p><span>Marie \u0159\u00edk\u00e1: \u201eJsem na stejn\u00e9m odd\u011blen\u00ed s 10 lidmi a dva z nich maj\u00ed p\u0159esn\u011b to sam\u00e9 jako j\u00e1.\u00a0Dal\u0161\u00ed d\u00edvka v m\u00e9m v\u011bku a o n\u011bco star\u0161\u00ed mu\u017e.\u00a0Jak\u00e9 je toto procento?\u00a0Jak tyto statistiky a procenta o rizic\u00edch koronaviru a vakc\u00edny vznikaj\u00ed?\u00a0Pokud bychom my t\u0159i m\u011bli COVID-19, zpr\u00e1vy o na\u0161\u00ed l\u00e9\u010db\u011b by obe\u0161ly v\u0161echna m\u00e9dia.\u00a0 Nyn\u00ed (m\u00e9dia) nic ne\u0159\u00edkaj\u00ed &#8230;<\/span><\/p>\n<p><span>Pokra\u010dovala: \u201eVakc\u00ednu jsem dostala sama.\u00a0Necht\u011bl jsem, ale jsem u\u010ditelka a jsme pod tlakem. Ano, prost\u0159ednictv\u00edm st\u00e1tu.\u00a0Stejn\u00fd st\u00e1t, kter\u00fd m\u011b nyn\u00ed chce poslat na neplacen\u00e9 volno.\u00a0D\u011bkuji!!\u00a0Chovala jsem se zodpov\u011bdn\u011b, jak jsi cht\u011bl, ale ty! &#8222;<\/span><\/p>\n<p><span>Mariza si ve sv\u00e9m videu ho\u0159ce st\u011b\u017euje, \u017ee \u201est\u00e1t m\u011b donutil o\u010dkovat\u201c a \u0159\u00edk\u00e1: \u201eD\u011blaj\u00ed na n\u00e1s tlak a vyd\u00edraj\u00ed n\u00e1s\u201c a \u017e\u00e1d\u00e1 v\u0161echny, aby zve\u0159ejnili v\u0161echny vedlej\u0161\u00ed \u00fa\u010dinky, se kter\u00fdmi se setkali, aby byli \u0159\u00e1dn\u011b informov\u00e1ni. Celosv\u011btov\u00e9 a nikoli jednostrann\u00e9 ve\u0159ejn\u00e9 m\u00edn\u011bn\u00ed, a zejm\u00e9na mlad\u00ed lid\u00e9. Dlouho n\u00e1m bylo \u0159e\u010deno, \u017ee ml\u00e1de\u017e nen\u00ed zraniteln\u00e1 skupina a \u017ee se d\u011bl\u00e1 v\u0161e pro ochranu star\u0161\u00edch osob, zat\u00edmco my se nyn\u00ed p\u0159ipravujeme na o\u010dkov\u00e1n\u00ed mal\u00fdch d\u011bt\u00ed!<\/span><\/p>\n<p><span>Zpr\u00e1va od Marizy z jej\u00edho nemocni\u010dn\u00edho l\u016f\u017eka:<\/span><\/p>\n<div class='videoWrapper'>\r\n\t            <iframe src='https:\/\/rumble.com\/embed\/pj.vl3wgv\/' frameborder='0' allowfullscreen><\/iframe>\r\n\t        <\/div>\n<p><img decoding=\"async\" loading=\"lazy\" class=\"alignnone size-full wp-image-1185\" src=\"http:\/\/www.infokuryr.cz\/n\/wp-content\/uploads\/2021\/04\/kuryr-podpis.png\" alt=\"\" width=\"84\" height=\"24\" \/><\/p>\n<p>&nbsp;<\/p>\n","protected":false},"excerpt":{"rendered":"<p>U\u010ditelka Mariza m\u011bla hned po o\u010dkov\u00e1n\u00ed \u010detn\u00e9 zdravotn\u00ed probl\u00e9my. O dva dny pozd\u011bji byla p\u0159ijata&#8230;<\/p>\n","protected":false},"author":2,"featured_media":5407,"comment_status":"closed","ping_status":"closed","sticky":false,"template":"","format":"standard","meta":[],"categories":[7],"tags":[23,213,315,46,21],"_links":{"self":[{"href":"https:\/\/www.infokuryr.cz\/n\/wp-json\/wp\/v2\/posts\/5406"}],"collection":[{"href":"https:\/\/www.infokuryr.cz\/n\/wp-json\/wp\/v2\/posts"}],"about":[{"href":"https:\/\/www.infokuryr.cz\/n\/wp-json\/wp\/v2\/types\/post"}],"author":[{"embeddable":true,"href":"https:\/\/www.infokuryr.cz\/n\/wp-json\/wp\/v2\/users\/2"}],"replies":[{"embeddable":true,"href":"https:\/\/www.infokuryr.cz\/n\/wp-json\/wp\/v2\/comments?post=5406"}],"version-history":[{"count":0,"href":"https:\/\/www.infokuryr.cz\/n\/wp-json\/wp\/v2\/posts\/5406\/revisions"}],"wp:featuredmedia":[{"embeddable":true,"href":"https:\/\/www.infokuryr.cz\/n\/wp-json\/wp\/v2\/media\/5407"}],"wp:attachment":[{"href":"https:\/\/www.infokuryr.cz\/n\/wp-json\/wp\/v2\/media?parent=5406"}],"wp:term":[{"taxonomy":"category","embeddable":true,"href":"https:\/\/www.infokuryr.cz\/n\/wp-json\/wp\/v2\/categories?post=5406"},{"taxonomy":"post_tag","embeddable":true,"href":"https:\/\/www.infokuryr.cz\/n\/wp-json\/wp\/v2\/tags?post=5406"}],"curies":[{"name":"wp","href":"https:\/\/api.w.org\/{rel}","templated":true}]}}