{"id":5404,"date":"2021-10-15T08:03:34","date_gmt":"2021-10-15T06:03:34","guid":{"rendered":"http:\/\/www.infokuryr.cz\/n\/?p=5404"},"modified":"2021-10-15T08:03:34","modified_gmt":"2021-10-15T06:03:34","slug":"ve-francii-bude-povinne-ockovani-proti-koronaviru-od-1-1-2022-tyka-se-vsech-francouzu-s-vyjimkou-muslimskych-uprchliku","status":"publish","type":"post","link":"https:\/\/www.infokuryr.cz\/n\/2021\/10\/15\/ve-francii-bude-povinne-ockovani-proti-koronaviru-od-1-1-2022-tyka-se-vsech-francouzu-s-vyjimkou-muslimskych-uprchliku\/","title":{"rendered":"Ve Francii bude povinn\u00e9 o\u010dkov\u00e1n\u00ed proti koronaviru od 1.1.2022. T\u00fdk\u00e1 se v\u0161ech Francouz\u016f s v\u00fdjimkou muslimsk\u00fdch uprchl\u00edk\u016f"},"content":{"rendered":"<div id=\"fb-root\"><\/div>\n<p>Ve Francii se v parlamentu debatuje o z\u00e1konu,<strong>\u00a0<a href=\"https:\/\/gatesofvienna.net\/2021\/10\/compulsory-vax-in-france\/\">kter\u00fd na\u0159\u00edd\u00ed povinn\u00e9 o\u010dkov\u00e1n\u00ed proti koronaviru od 1.1.2022.\u00a0<\/a>To se bude t\u00fdkat v\u0161ech Francouz\u016f a kdo odm\u00edtne dostane nejprve pokutu 135EUR a n\u00e1sledn\u011b 1500 EUR. D\u00edky volebn\u00ed sestav\u011b ve francouzsk\u00e9m parlamentu bude z\u00e1kon nepochybn\u011b p\u0159ijat.\u00a0<\/strong>\u017de se jedn\u00e1 o nevyzkou\u0161en\u00e9 vakc\u00edny? Koho to zaj\u00edm\u00e1, \u017ee?!<\/p>\n<p>Ono se to ve skute\u010dnosti v\u0161ech lid\u00ed ve Francii t\u00fdkat nebude.\u00a0<strong>Nap\u0159\u00edklad francouzsk\u00fd st\u00e1t nem\u00e1 \u017e\u00e1dnou kontrolu nad muslimsk\u00fdmi uprchl\u00edky a cel\u00e9 imigrantsk\u00e9 \u010dtvrti se o\u010dkov\u00e1n\u00ed tedy vyhnou.\u00a0<\/strong>Je to n\u00e1hoda? Vzhledem k pl\u00e1novan\u00e9 genocid\u011b b\u00edl\u00fdch evropsk\u00fdch n\u00e1rod\u016f a jejich nahrazen\u00edm muslimsk\u00fdm obyvatelstvem, to n\u00e1hoda nen\u00ed. Je to dlouhodob\u00fd pl\u00e1n finan\u010dn\u00edch glob\u00e1ln\u00edch elit. P<strong>odobn\u00fd vakcina\u010dn\u00ed teror lze o\u010dek\u00e1vat i v povolebn\u00ed \u010cR.<\/strong><\/p>\n<p><a href=\"https:\/\/ceskavec.com\/2021\/10\/ve-francii-bude-povinne-ockovani-proti-koronaviru-od-1-1-2022-tyka-se-vsech-francouzu-s-vyjimkou-muslimskych-uprchliku\">Jan Beran, Francie<\/a><\/p>\n<p>&nbsp;<\/p>\n","protected":false},"excerpt":{"rendered":"<p>Ve Francii se v parlamentu debatuje o z\u00e1konu,\u00a0kter\u00fd na\u0159\u00edd\u00ed povinn\u00e9 o\u010dkov\u00e1n\u00ed proti koronaviru od 1.1.2022.\u00a0To&#8230;<\/p>\n","protected":false},"author":2,"featured_media":3713,"comment_status":"closed","ping_status":"closed","sticky":false,"template":"","format":"standard","meta":[],"categories":[7],"tags":[130,213,651],"_links":{"self":[{"href":"https:\/\/www.infokuryr.cz\/n\/wp-json\/wp\/v2\/posts\/5404"}],"collection":[{"href":"https:\/\/www.infokuryr.cz\/n\/wp-json\/wp\/v2\/posts"}],"about":[{"href":"https:\/\/www.infokuryr.cz\/n\/wp-json\/wp\/v2\/types\/post"}],"author":[{"embeddable":true,"href":"https:\/\/www.infokuryr.cz\/n\/wp-json\/wp\/v2\/users\/2"}],"replies":[{"embeddable":true,"href":"https:\/\/www.infokuryr.cz\/n\/wp-json\/wp\/v2\/comments?post=5404"}],"version-history":[{"count":0,"href":"https:\/\/www.infokuryr.cz\/n\/wp-json\/wp\/v2\/posts\/5404\/revisions"}],"wp:featuredmedia":[{"embeddable":true,"href":"https:\/\/www.infokuryr.cz\/n\/wp-json\/wp\/v2\/media\/3713"}],"wp:attachment":[{"href":"https:\/\/www.infokuryr.cz\/n\/wp-json\/wp\/v2\/media?parent=5404"}],"wp:term":[{"taxonomy":"category","embeddable":true,"href":"https:\/\/www.infokuryr.cz\/n\/wp-json\/wp\/v2\/categories?post=5404"},{"taxonomy":"post_tag","embeddable":true,"href":"https:\/\/www.infokuryr.cz\/n\/wp-json\/wp\/v2\/tags?post=5404"}],"curies":[{"name":"wp","href":"https:\/\/api.w.org\/{rel}","templated":true}]}}