{"id":5403,"date":"2021-10-15T08:01:09","date_gmt":"2021-10-15T06:01:09","guid":{"rendered":"http:\/\/www.infokuryr.cz\/n\/?p=5403"},"modified":"2021-10-15T08:01:09","modified_gmt":"2021-10-15T06:01:09","slug":"velka-britanie-vypustila-dalsi-katastrofalni-cisla-celych-70-obeti-covid-19-v-mesici-zari-bylo-z-rad-plne-ockovanych","status":"publish","type":"post","link":"https:\/\/www.infokuryr.cz\/n\/2021\/10\/15\/velka-britanie-vypustila-dalsi-katastrofalni-cisla-celych-70-obeti-covid-19-v-mesici-zari-bylo-z-rad-plne-ockovanych\/","title":{"rendered":"Velk\u00e1 Brit\u00e1nie vypustila dal\u0161\u00ed katastrof\u00e1ln\u00ed \u010d\u00edsla, cel\u00fdch 70% ob\u011bt\u00ed COVID-19 v m\u011bs\u00edci z\u00e1\u0159\u00ed bylo z \u0159ad pln\u011b o\u010dkovan\u00fdch!"},"content":{"rendered":"<div id=\"fb-root\"><\/div>\n<h4>Velk\u00e1 Brit\u00e1nie vypustila dal\u0161\u00ed katastrof\u00e1ln\u00ed \u010d\u00edsla, cel\u00fdch 70% ob\u011bt\u00ed COVID-19 v m\u011bs\u00edci z\u00e1\u0159\u00ed bylo z \u0159ad pln\u011b o\u010dkovan\u00fdch! Lid\u00e9 s vakc\u00ednou podle statistiky maj\u00ed 10x vy\u0161\u0161\u00ed pravd\u011bpodobnost \u00famrt\u00ed, ne\u017e maj\u00ed neo\u010dkovan\u00ed! Hospitalizovan\u00fdch lid\u00ed nad 30 let je ve Velk\u00e9 Brit\u00e1nii v\u00edce nao\u010dkovan\u00fdch ne\u017e neo\u010dkovan\u00fdch a s v\u011bkem pom\u011br dramaticky roste! A v \u010cesku skon\u010dily volby a vakcina\u010dn\u00ed mafie u\u017e vyhro\u017euje, \u017ee kdo si nevezme jehlu, nebude moci j\u00edt do restaurace, anebo dokonce u\u017e ani do pr\u00e1ce! Kdy\u017e se lid\u00e9 nep\u0159ijdou o\u010dkovat dobrovoln\u011b, opravdu to ud\u011bl\u00e1me, vyhro\u017euj\u00ed \u010de\u0161t\u00ed politici p\u00e1r dn\u00ed po volb\u00e1ch!<\/h4>\n<p>Agentura pro zdravotn\u00ed bezpe\u010dnost Spojen\u00e9ho kr\u00e1lovstv\u00ed (UK Health Security Agency) dnes publikovala statistiky covidov\u00fdch \u010d\u00edsel ve Velk\u00e9 Brit\u00e1nii za m\u011bs\u00edc z\u00e1\u0159\u00ed\u00a0<strong>[<a href=\"https:\/\/href.li\/?https:\/\/assets.publishing.service.gov.uk\/government\/uploads\/system\/uploads\/attachment_data\/file\/1023849\/Vaccine_surveillance_report_-_week_40.pdf\" target=\"_blank\" rel=\"nofollow noopener\">1<\/a>]<\/strong>, konkr\u00e9tn\u011b za 36. a\u017e 39. t\u00fdden a statistiky znovu potvrzuj\u00ed, \u017ee o\u010dkov\u00e1n\u00ed je ve skute\u010dnosti n\u00e1strojem, kter\u00fd funguje jako induktor pro vyvol\u00e1n\u00ed t\u011b\u017ek\u00e9ho pr\u016fb\u011bhu nemoci s n\u00e1slednou smrt\u00ed, a to p\u0159edev\u0161\u00edm pro osoby ve v\u011bkov\u00e9 hranici nad 80 let.\u00a0<strong>Znovu se potvrzuje, \u017ee nam\u00edsto zdrav\u00ed a bezpe\u010dnosti z\u00edsk\u00e1vaj\u00ed o\u010dkovan\u00ed lid\u00e9 jak\u00fdsi bizarn\u00ed l\u00edstek do d\u011bsiv\u00e9 loterie, ve kter\u00e9 mohou vyhr\u00e1t hospitalizaci a p\u00e1r dn\u00ed pot\u00e9 fe\u0161\u00e1ck\u00fd mramorov\u00fd n\u00e1hrobek.<\/strong><\/p>\n<p>Vst\u0159ikov\u00e1n\u00ed experiment\u00e1ln\u00edch roztok\u016f do \u017eil senior\u016f je v podstat\u011b v rozporu s Mnichovsk\u00fdm kodexem, kter\u00fd zakazuje vykon\u00e1v\u00e1n\u00ed pokus\u016f na lidech. A spole\u010dnosti jako jsou Pfizer toto p\u0159esn\u011b na lidech prov\u00e1d\u00ed, a to ve spolupr\u00e1ci a ve spolupachatelstv\u00ed s jednotliv\u00fdmi vl\u00e1dami, kter\u00e9 jsou t\u00edm p\u00e1dem zodpov\u011bdn\u00e9 za ka\u017ed\u00e9ho zem\u0159el\u00e9ho pacienta, kter\u00fd se nechal roztokem nao\u010dkovat a stejn\u011b onemocn\u011bl a n\u00e1sledn\u011b zem\u0159el. Ale pod\u00edvejme se nejprve na \u010d\u00edsla z Velk\u00e9 Brit\u00e1nie.<strong>\u00a0Tam toti\u017e 70% lid\u00ed zem\u0159el\u00fdch v z\u00e1\u0159\u00ed na COVID-19 poch\u00e1zelo z \u0159ad o\u010dkovan\u00fdch Brit\u016f\u00a0<\/strong><strong>[<\/strong><strong><a href=\"https:\/\/href.li\/?https:\/\/www.infowars.com\/posts\/alarming-double-vaxxed-contracted-covid-at-higher-rates-than-unvaccinated-uk-data-shows\/\" target=\"_blank\" rel=\"nofollow noopener\">2<\/a><\/strong><strong>]<\/strong><strong>.<\/strong><\/p>\n<figure id=\"attachment_48765\" class=\"wp-caption aligncenter\"><a href=\"https:\/\/aeronet.cz\/news\/wp-content\/uploads\/UK_DATA_September_Rates.jpg\"><img decoding=\"async\" loading=\"lazy\" class=\"wp-image-48765 size-full\" src=\"https:\/\/aeronet.cz\/news\/wp-content\/uploads\/UK_DATA_September_Rates.jpg\" sizes=\"(max-width: 800px) 100vw, 800px\" srcset=\"https:\/\/aeronet.cz\/news\/wp-content\/uploads\/UK_DATA_September_Rates.jpg 800w, https:\/\/aeronet.cz\/news\/wp-content\/uploads\/UK_DATA_September_Rates-300x158.jpg 300w, https:\/\/aeronet.cz\/news\/wp-content\/uploads\/UK_DATA_September_Rates-768x403.jpg 768w, https:\/\/aeronet.cz\/news\/wp-content\/uploads\/UK_DATA_September_Rates-700x368.jpg 700w, https:\/\/aeronet.cz\/news\/wp-content\/uploads\/UK_DATA_September_Rates-680x357.jpg 680w\" alt=\"\" width=\"800\" height=\"420\" \/><\/a><figcaption class=\"wp-caption-text\">Po\u010dty naka\u017een\u00fdch a hospitalizovan\u00fdch ve Velk\u00e9 Brit\u00e1nii v m\u011bs\u00edci z\u00e1\u0159\u00ed<\/figcaption><\/figure>\n<p>Podle t\u011bchto \u00fadaj\u016f se po\u010dty p\u0159\u00edpad\u016f Covid li\u0161\u00ed mezi o\u010dkovan\u00fdmi a neo\u010dkovan\u00fdmi osobami kolem 30. roku v\u011bku, p\u0159i\u010dem\u017e neo\u010dkovan\u00fdch osob se Covidem nakazilo m\u00e9n\u011b (738,4) ne\u017e o\u010dkovan\u00fdch osob (763,6).\u00a0<strong>Alarmuj\u00edc\u00ed je, \u017ee po\u010det naka\u017een\u00fdch virem Covid se kolem 40. roku v\u011bku v\u00edce ne\u017e zdvojn\u00e1sobuje, p\u0159i\u010dem\u017e na o\u010dkovan\u00e9 osoby p\u0159ipad\u00e1 1281,8 p\u0159\u00edpad\u016f, zat\u00edmco neo\u010dkovan\u00ed \u010dty\u0159ic\u00e1tn\u00edci hl\u00e1s\u00ed pouze 690 p\u0159\u00edpad\u016f.<\/strong>\u00a0Trend v\u00fdskytu infekc\u00ed Covid navzdory dvoj\u00edmu o\u010dkov\u00e1n\u00ed pokra\u010duje i ve v\u011bkov\u00fdch skupin\u00e1ch po 49. roce v\u011bku, p\u0159i\u010dem\u017e star\u0161\u00ed v\u011bkov\u00e9 skupiny vykazuj\u00ed podobn\u00fd vzorec. \u00dadaje, kter\u00e9 zd\u00e1nliv\u011b vyvracej\u00ed narativ o tom, \u017ee \u201cvakc\u00edny funguj\u00ed\u201d, vyvolaly na soci\u00e1ln\u00edch s\u00edt\u00edch nevoli, p\u0159i\u010dem\u017e mnoz\u00ed obvi\u0148uj\u00ed ve sv\u011bt\u011b ji\u017e mnohdy povinn\u00e9 vl\u00e1dn\u00ed o\u010dkovac\u00ed programy z \u0161\u00ed\u0159en\u00ed pr\u00e1v\u011b toho viru, kter\u00fd pr\u00fd cht\u011bj\u00ed vakc\u00edny zastavit.<\/p>\n<h6><span style=\"font-size: 14pt;\">O\u010dkovan\u00fdch ve v\u011bku nad 80 let zem\u0159elo v z\u00e1\u0159\u00ed ve Velk\u00e9 Brit\u00e1nii 10x v\u00edce ne\u017e neo\u010dkovan\u00fdch<\/span><\/h6>\n<p>Tabulky \u00famrtnosti jsou potom je\u0161t\u011b d\u011bsiv\u011bj\u0161\u00ed. Za m\u011bs\u00edc z\u00e1\u0159\u00ed zem\u0159elo ve Velk\u00e9 Brit\u00e1nii po 2. d\u00e1vce ve v\u011bku nad 80 let celkem 1235 pacient\u016f, zat\u00edmco neo\u010dkovan\u00fdch zem\u0159elo jenom 133 osob. To je t\u00e9m\u011b\u0159 10x vy\u0161\u0161\u00ed \u00famrtnost o\u010dkovan\u00fdch hospitalizovan\u00fdch pacient\u016f ne\u017e t\u011bch neo\u010dkovan\u00fdch. Takto \u0161\u00edlen\u00e1 statistick\u00e1 data nepot\u0159ebuj\u00ed naprosto \u017e\u00e1dn\u00e9 dal\u0161\u00ed koment\u00e1\u0159e.\u00a0<strong>Jsou to stejn\u00e1 data, jako maj\u00ed v Izraeli, stejn\u00e9 pom\u011bry o\u010dkovan\u00fdch a neo\u010dkovan\u00fdch.<\/strong><\/p>\n<p><a href=\"https:\/\/aeronet.cz\/news\/wp-content\/uploads\/VaxxedUKtweet.jpg\"><img decoding=\"async\" loading=\"lazy\" class=\"alignnone wp-image-48772 size-full\" src=\"https:\/\/aeronet.cz\/news\/wp-content\/uploads\/VaxxedUKtweet.jpg\" sizes=\"(max-width: 568px) 100vw, 568px\" srcset=\"https:\/\/aeronet.cz\/news\/wp-content\/uploads\/VaxxedUKtweet.jpg 568w, https:\/\/aeronet.cz\/news\/wp-content\/uploads\/VaxxedUKtweet-300x167.jpg 300w\" alt=\"\" width=\"568\" height=\"316\" \/><\/a><\/p>\n<p>Znovu si p\u0159edstavte, \u017ee by ne\u0161lo o o\u010dkov\u00e1n\u00ed proti koronaviru, ale t\u0159eba proti \u017eloutence. A te\u010f si p\u0159edstavte, \u017ee by na nemocni\u010dn\u00edch l\u016f\u017ek\u00e1ch bylo hospitalizov\u00e1no te\u010f ve Velk\u00e9 Brit\u00e1nii t\u00e9m\u011b\u0159 10x v\u00edce o\u010dkovan\u00fdch ne\u017e t\u011bch neo\u010dkovan\u00fdch. Co by to znamenalo? No, byl by to obrovsk\u00fd skand\u00e1l, \u017ee vakc\u00edna proti \u017eloutence nefunguje, jinak by p\u0159ece nebylo v nemocnici 10x v\u00edce nao\u010dkovan\u00fdch ne\u017e t\u011bch neo\u010dkovan\u00fdch.<\/p>\n<figure id=\"attachment_48766\" class=\"wp-caption aligncenter\"><a href=\"https:\/\/aeronet.cz\/news\/wp-content\/uploads\/UK_DATA_September_Deaths.jpg\"><img decoding=\"async\" loading=\"lazy\" class=\"wp-image-48766 size-full\" src=\"https:\/\/aeronet.cz\/news\/wp-content\/uploads\/UK_DATA_September_Deaths.jpg\" sizes=\"(max-width: 800px) 100vw, 800px\" srcset=\"https:\/\/aeronet.cz\/news\/wp-content\/uploads\/UK_DATA_September_Deaths.jpg 800w, https:\/\/aeronet.cz\/news\/wp-content\/uploads\/UK_DATA_September_Deaths-300x143.jpg 300w, https:\/\/aeronet.cz\/news\/wp-content\/uploads\/UK_DATA_September_Deaths-768x367.jpg 768w, https:\/\/aeronet.cz\/news\/wp-content\/uploads\/UK_DATA_September_Deaths-700x334.jpg 700w, https:\/\/aeronet.cz\/news\/wp-content\/uploads\/UK_DATA_September_Deaths-748x357.jpg 748w\" alt=\"\" width=\"800\" height=\"382\" \/><\/a><figcaption class=\"wp-caption-text\">Po\u010dty zem\u0159el\u00fdch o\u010dkovan\u00fdch v m\u011bs\u00edci z\u00e1\u0159\u00ed ve Velk\u00e9 Brit\u00e1nii<\/figcaption><\/figure>\n<p>Tahle jednoduch\u00e1 matematika je o to d\u011bsiv\u011bj\u0161\u00ed, \u017ee se neust\u00e1le zd\u016fraz\u0148uje, jak o\u010dkov\u00e1n\u00ed ochra\u0148uje zraniteln\u00e9 seniory. P\u0159itom pr\u00e1v\u011b oni po o\u010dkov\u00e1n\u00ed um\u00edraj\u00ed v nemocnic\u00edch suver\u00e9nn\u011b nejv\u00edce. Je jich prakticky 10x v\u00edce ne\u017e neo\u010dkovan\u00fdch. Takhle d\u011bsiv\u00e1 realita je pro mnoho lid\u00ed naprosto nestraviteln\u00e1,\u00a0<strong>je to doslova na \u00farovni genocidy a za asistence zmanipulovan\u00e9ho obyvatelstva, u kter\u00e9ho se objevuje \u010d\u00edm d\u00e1l z\u0159eteln\u011bji Stockholmsk\u00fd syndrom.<\/strong><\/p>\n<p>Obyvatelstvo je rukojm\u00edm vl\u00e1dn\u00ed a vakcina\u010dn\u00ed mafie, ale po roce a p\u016fl \u017eivota v rol\u00edch rukojm\u00edch najednou za\u010d\u00edn\u00e1 obyvatelstvo sympatizovat s touto mafi\u00ed a stav\u00ed se na obranu o\u010dkov\u00e1n\u00ed, propaguj\u00ed o\u010dkov\u00e1n\u00ed a sami p\u0159esv\u011bd\u010duj\u00ed p\u0159\u00edbuzn\u00e9 a rodinn\u00e9 p\u0159\u00edslu\u0161n\u00edky, aby se dali o\u010dkovat. V\u00fdsledek voleb v \u010cR to mimochodem potvrdil, \u017ee tento Stockholmsk\u00fd syndrom opravu \u00fa\u010dinkuje na obyvatelstvo, proto\u017ee to zvolilo do parlamentu jen ty strany, kter\u00e9 o\u010dkov\u00e1n\u00ed propaguj\u00ed a raz\u00ed, anebo klidn\u011b a bez protestu toleruj\u00ed. Mafie sob\u011b! Takto lakonicky by se daly ohodnotit \u010desk\u00e9 volby a jejich v\u00fdsledek.<\/p>\n<h6><span style=\"font-size: 14pt;\">L\u00e9ka\u0159 z plze\u0148sk\u00e9 fakultn\u00ed nemocnice vyhro\u017eoval, \u017ee je t\u0159eba zv\u00e1\u017eit z\u00e1kaz chozen\u00ed lidem do pr\u00e1ce, pokud nebudou o\u010dkovan\u00ed<\/span><\/h6>\n<p>A d\u016fkaz o tom, \u017ee mafie se nyn\u00ed po volb\u00e1ch rozjede, o tom sv\u011bd\u010d\u00ed posledn\u00ed v\u00fdroky p\u0159edstavitel\u016f st\u00e1tu a vakcina\u010dn\u00edch dr\u00e1b\u016f na \u010cesk\u00e9 televizi a v \u010desk\u00fdch m\u00e9di\u00edch. Jist\u00fd epidemiolog z Plzn\u011b z tamn\u00ed fakultn\u00ed nemocnice, ve kter\u00e9 zem\u0159ela maminka Pavla Hl\u00e1vky ze SVCS, arogantn\u011b na \u010cesk\u00e9 televizi vyslal v\u00fdhr\u016f\u017eku 10 milion\u016fm ob\u010dan\u016f \u010cR, \u017ee\u00a0<strong>pokud se nep\u0159ijdou o\u010dkovat, tak\u017ee je t\u0159eba zv\u00e1\u017eit i mo\u017enost, \u017ee se neo\u010dkovan\u00fdm zak\u00e1\u017ee chozen\u00ed do pr\u00e1ce, do zam\u011bstn\u00e1n\u00ed\u00a0<\/strong><strong>[<\/strong><strong><a href=\"https:\/\/href.li\/?https:\/\/www.parlamentnilisty.cz\/arena\/monitor\/-Konec-neockovani-Ani-do-prace-Toto-zaznelo-v-CT-dalsi-krok-680234\" target=\"_blank\" rel=\"nofollow noopener\">3<\/a><\/strong><strong>]<\/strong><strong>.<\/strong><\/p>\n<p>Ano, p\u0159esn\u011b takhle se chovali nacist\u00e9, ov\u0161em nikoliv k obyvatel\u016fm Protektor\u00e1tu \u010cechy a Morava, ale k v\u011bz\u0148\u016fm v koncentra\u010dn\u00edm t\u00e1bo\u0159e Auschwitz-Birkenau, kde Dr. Joseph Mengele prov\u00e1d\u011bl mj. i vakcina\u010dn\u00ed testy na v\u011bzn\u00edch. Kdo odm\u00edtl s Mengelem spolupracovat, byl odstran\u011bn z denn\u00edho rozpisu pr\u00e1ce v Osv\u011btimi, nesm\u011bl pracovat. A kdo nepracoval, to automaticky znamenalo rozsudek smrti.\u00a0<strong>Je neuv\u011b\u0159iteln\u00e9, \u017ee dnes v roce 2021 v \u010cesk\u00e9 republice jsou l\u00e9ka\u0159i, kte\u0159\u00ed cht\u011bj\u00ed na cel\u00e9 populaci vynucovat \u00fa\u010dast na o\u010dkov\u00e1n\u00ed experiment\u00e1ln\u00ed vakc\u00ednou t\u00edm, \u017ee kdo se nez\u00fa\u010dastn\u00ed, nebude moci chodit do pr\u00e1ce.<\/strong><\/p>\n<div class=\"twitter-tweet twitter-tweet-rendered\"><iframe id=\"twitter-widget-0\" class=\"\" title=\"Twitter Tweet\" src=\"https:\/\/platform.twitter.com\/embed\/Tweet.html?dnt=true&amp;embedId=twitter-widget-0&amp;features=eyJ0ZndfZXhwZXJpbWVudHNfY29va2llX2V4cGlyYXRpb24iOnsiYnVja2V0IjoxMjA5NjAwLCJ2ZXJzaW9uIjpudWxsfSwidGZ3X2hvcml6b25fdHdlZXRfZW1iZWRfOTU1NSI6eyJidWNrZXQiOiJodGUiLCJ2ZXJzaW9uIjpudWxsfSwidGZ3X3NwYWNlX2NhcmQiOnsiYnVja2V0Ijoib2ZmIiwidmVyc2lvbiI6bnVsbH19&amp;frame=false&amp;hideCard=false&amp;hideThread=false&amp;id=1448543406016323585&amp;lang=cs&amp;origin=https%3A%2F%2Faeronet.cz%2Fnews%2Fvelka-britanie-vypustila-dalsi-katastrofalni-cisla-celych-70-obeti-covid-19-v-mesici-zari-bylo-z-rad-plne-ockovanych-lide-s-vakcinou-podle-statistiky-maji-10x-vyssi-pravdepodobnost-umrti%2F&amp;sessionId=bee20b4ec2de048553dd82144efcb0ac41c804f9&amp;theme=light&amp;widgetsVersion=fcb1942%3A1632982954711&amp;width=550px\" frameborder=\"0\" scrolling=\"no\" allowfullscreen=\"allowfullscreen\" data-tweet-id=\"1448543406016323585\" data-mce-fragment=\"1\"><\/iframe><\/div>\n<p>&nbsp;<\/p>\n<p>A to nen\u00ed v\u0161echno.\u00a0<strong>Hlavn\u00ed hygieni\u010dka Pavla Svr\u010dinov\u00e1 dnes p\u0159ipustila [<a href=\"https:\/\/href.li\/?https:\/\/www.idnes.cz\/zpravy\/domaci\/covid-opatreni-svrcinova-epidemie-rousky-respirator-antigenni-pcr-testy-restaurace.A211014_135837_domaci_remy\" target=\"_blank\" rel=\"nofollow noopener\">4<\/a>], \u017ee se zva\u017euje opat\u0159en\u00ed, \u017ee restaurace budou otev\u0159en\u00e9 jenom a pouze pro o\u010dkovan\u00e9 osoby.<\/strong>\u00a0Pr\u00fd je to jen \u00favaha, ale pokud dojde ke zhor\u0161eni epidemiologick\u00e9 situace (a to dojde, na to vezm\u011bte jed, to je nachystan\u00e9) v \u010cesk\u00e9 republice, pr\u00fd to je jedna ze zva\u017eovan\u00fdch variant. A to je pouze za\u010d\u00e1tek. Jedn\u00e1 se o pokusn\u00e9 bal\u00f3nky, kdy se zji\u0161\u0165uje, jestli obyvatelstvo neza\u010dne \u0159v\u00e1t a k\u0159i\u010det, \u017ee u\u017e je to moc a p\u0159es \u010d\u00e1ru.<\/p>\n<p><strong>To pouze ukazuje, \u017ee vl\u00e1da a vakcina\u010dn\u00ed mafie si po\u0159\u00e1d je\u0161t\u011b v \u010cR nen\u00ed jist\u00e1 sv\u00fdmi kroky, tak\u017ee doch\u00e1z\u00ed na signalizace pomoc\u00ed bal\u00f3nk\u016f v podob\u011b testovac\u00edch v\u00fdrok\u016f v m\u00e9di\u00edch a \u010dek\u00e1 se na reakci, jak velk\u00fd \u0159ev tyto pokusn\u00e9 v\u00fdroky vyvolaj\u00ed.<\/strong>\u00a0Nemyslete si, \u017ee farma mafie n\u011bco politik\u016fm odpust\u00ed. Politici maj\u00ed p\u0159\u00edkazy, kter\u00e9 mus\u00ed plnit a experiment\u00e1ln\u00ed roztoky s grafenem a podivn\u00fdmi organismy cht\u011bj\u00ed napumpovat do prakticky cel\u00e9 populace. Jen si zkuste d\u00e1t vakc\u00ednu Pfizer na topen\u00ed, na radi\u00e1tor na p\u00e1r hodin a potom to str\u010dte pod mikroskop, napsala n\u00e1m l\u00e9ka\u0159ka z Ji\u017en\u00edch \u010cech. A uvid\u00edte, co\u00a0 v\u0161echno se za\u010dne v tom roztoku h\u00fdbat, jak to tam o\u017eije.<\/p>\n<h6><span style=\"font-size: 14pt;\">Vakc\u00edny mo\u017en\u00e1 nejsou ani tak terapeutick\u00fdmi jako sp\u00ed\u0161 kultiva\u010dn\u00edmi roztoky pro podivn\u00e9 organismy<\/span><\/h6>\n<p>My samoz\u0159ejm\u011b v redakci vakc\u00edny k dispozici nem\u00e1me, ale pokud n\u011bkdo m\u00e1 p\u0159\u00edstup k t\u011bmto roztok\u016fm, m\u016f\u017ee to vyzkou\u0161et a prov\u00e9st kultivaci roztoku pomoc\u00ed m\u00edrn\u00e9ho zah\u0159\u00edv\u00e1n\u00ed, a to nejl\u00e9pe na lidskou t\u011blesnou teplotu zhruba 36,5 stupn\u011b Celsia.\u00a0<strong>Pro\u010d mysl\u00edte, \u017ee Pfizer po\u0159\u00e1d mele dokola, \u017ee vakc\u00edny nesm\u00ed z\u016fstat v teple a mus\u00ed se skladovat v hlubok\u00e9m podchlazen\u00ed?<\/strong>\u00a0Pro\u010d mysl\u00edte? No tak se zamyslete? Ano, v tom roztoku jsou kultiva\u010dn\u00ed organismy, kter\u00e9 se maj\u00ed ale kultivovat a\u017e v lidsk\u00e9m t\u011ble, ne d\u0159\u00edve.<\/p>\n<figure id=\"attachment_44385\" class=\"wp-caption aligncenter\" style=\"width: 473px;\"><a href=\"https:\/\/aeronet.cz\/news\/wp-content\/uploads\/PurpleVialPfizer.jpg\"><img decoding=\"async\" loading=\"lazy\" class=\"wp-image-44385 \" src=\"https:\/\/aeronet.cz\/news\/wp-content\/uploads\/PurpleVialPfizer-1024x576.jpg\" sizes=\"(max-width: 700px) 100vw, 700px\" srcset=\"https:\/\/aeronet.cz\/news\/wp-content\/uploads\/PurpleVialPfizer-1024x576.jpg 1024w, https:\/\/aeronet.cz\/news\/wp-content\/uploads\/PurpleVialPfizer-300x169.jpg 300w, https:\/\/aeronet.cz\/news\/wp-content\/uploads\/PurpleVialPfizer-768x432.jpg 768w, https:\/\/aeronet.cz\/news\/wp-content\/uploads\/PurpleVialPfizer-700x394.jpg 700w, https:\/\/aeronet.cz\/news\/wp-content\/uploads\/PurpleVialPfizer-634x357.jpg 634w, https:\/\/aeronet.cz\/news\/wp-content\/uploads\/PurpleVialPfizer-858x483.jpg 858w, https:\/\/aeronet.cz\/news\/wp-content\/uploads\/PurpleVialPfizer.jpg 1100w\" alt=\"\" width=\"473\" height=\"266\" \/><\/a><figcaption class=\"wp-caption-text\">Roztok Pfizer<\/figcaption><\/figure>\n<p>Koneckonc\u016f, Dr. Carrie Madejova podrobn\u011b zkoumala kultivovanou vakc\u00ednu pod mikroskopem a objevila\u00a0<strong>[<a href=\"https:\/\/href.li\/?https:\/\/otevrisvoumysl.cz\/hydra-vulgaris-zivy-a-nesmrtelny-tvor-uvnitr-covid-injekci-dalsi-informace-o-obsahu-z-analyz-pod-mikroskopem\/\" target=\"_blank\" rel=\"nofollow noopener\">5<\/a>]<\/strong>\u00a0neuv\u011b\u0159iteln\u00fd organismus. Tyto organismy jako jsou morgellony \u010di chobotni\u010dky v\u0161ak vykazuj\u00ed struktur\u00e1ln\u00ed r\u016fst, tak\u017ee je jasn\u00e9, \u017ee tento r\u016fst je ne\u017e\u00e1douc\u00ed, pokud by za\u010dal v lahvi\u010dce, tedy je\u0161t\u011b p\u0159ed nata\u017een\u00edm do st\u0159\u00edka\u010dky. A spou\u0161t\u011bc\u00edm faktorem r\u016fstu je pr\u00e1v\u011b podle v\u0161eho t\u011blesn\u00e1 teplota \u010dlov\u011bka.\u00a0<strong>Rovn\u011b\u017e l\u00e9ka\u0159 n\u00e1m potvrdil, n\u00e1\u0161 kolega, \u017ee uchov\u00e1v\u00e1n\u00ed vakc\u00edn v hlubok\u00e9m podchlazen\u00ed se prov\u00e1d\u00ed jen za \u00fa\u010delem suspendace kultiva\u010dn\u00edho obsahu v roztoku.<\/strong>\u00a0Jen\u017ee virov\u00e1 \u0161ablona mRNA nepot\u0159ebuje kultivaci, ani podchlazen\u00ed, to je nesmysl zd\u016fraz\u0148uje n\u00e1\u0161 kolega.<\/p>\n<h6><span style=\"font-size: 14pt;\">Najednou to d\u00e1v\u00e1 smysl, pro\u010d vakc\u00edny mus\u00ed b\u00fdt podchlazen\u00e9 a dr\u017een\u00e9 v mraz\u00e1c\u00edch, proto\u017ee jinak by ty roztoky podle v\u0161eho \u201co\u017eily\u201d<\/span><\/h6>\n<p>\u0160ablona mRNA je uchov\u00e1na v lipidov\u00e9m virov\u00e9m pouzdru, kter\u00e9 nepodl\u00e9h\u00e1 zk\u00e1ze p\u0159i pokojov\u00e9 teplot\u011b, ani nedoch\u00e1z\u00ed k n\u011bjak\u00e9 kultivaci \u0161ablony p\u0159i t\u00e9to teplot\u011b, tak\u017ee d\u016fvod pro hlubok\u00e9 podchlazov\u00e1n\u00ed u vakc\u00edn Pfizeru mus\u00ed b\u00fdt n\u011bkde jinde. A jedin\u00fdm vysv\u011btlen\u00edm je kultiva\u010dn\u00ed organismus na \u017eiv\u00e9 \u010di ne\u017eiv\u00e9 b\u00e1zi ve vakcina\u010dn\u00edm roztoku.\u00a0<strong>Pokud ta vl\u00e1kna, morgellony a chobotni\u010dky z vakc\u00edny maj\u00ed p\u016fvod v teplotn\u00ed kultivaci, potom to zapad\u00e1 logicky v\u0161echno do sebe.<\/strong>\u00a0A dob\u0159e si v\u0161imn\u011bte, \u017ee fa\u0161izace ze strany l\u00e9ka\u0159\u016f k neo\u010dkovan\u00fdm se postupn\u011b bude zvy\u0161ovat. Jen\u017ee pozor, to nejsou l\u00e9ka\u0159i.<\/p>\n<figure id=\"attachment_48250\" class=\"wp-caption aligncenter\" style=\"width: 396px;\"><a href=\"https:\/\/aeronet.cz\/news\/wp-content\/uploads\/LabImg11.jpg\"><img decoding=\"async\" loading=\"lazy\" class=\"wp-image-48250 \" src=\"https:\/\/aeronet.cz\/news\/wp-content\/uploads\/LabImg11-1024x773.jpg\" sizes=\"(max-width: 700px) 100vw, 700px\" srcset=\"https:\/\/aeronet.cz\/news\/wp-content\/uploads\/LabImg11-1024x773.jpg 1024w, https:\/\/aeronet.cz\/news\/wp-content\/uploads\/LabImg11-300x226.jpg 300w, https:\/\/aeronet.cz\/news\/wp-content\/uploads\/LabImg11-768x580.jpg 768w, https:\/\/aeronet.cz\/news\/wp-content\/uploads\/LabImg11-700x528.jpg 700w, https:\/\/aeronet.cz\/news\/wp-content\/uploads\/LabImg11-473x357.jpg 473w, https:\/\/aeronet.cz\/news\/wp-content\/uploads\/LabImg11-640x483.jpg 640w, https:\/\/aeronet.cz\/news\/wp-content\/uploads\/LabImg11.jpg 1280w\" alt=\"\" width=\"396\" height=\"299\" \/><\/a><figcaption class=\"wp-caption-text\">Kultivovan\u00e9 organismy ve vakc\u00edn\u011b Pfizer. V\u00edce v \u010dl\u00e1nku\u00a0<a href=\"https:\/\/aeronet.cz\/news\/ve-vakcinach-proti-covid-19-byla-oficialne-objevena-cizoroda-telesa-podobna-sondam-sentinelum-s-antenami-diamantum-chobotnickam-a-dalsim-nano-a-mikro-objektum-sokujici-tiskovou-konferenci\/\">zde<\/a>.<\/figcaption><\/figure>\n<p><strong>Kdokoliv se zpronev\u011b\u0159\u00ed Hippokratov\u011b p\u0159\u00edsaze a za\u010dne pacientovi vyhro\u017eovat z\u00e1kazem chozen\u00ed do zam\u011bstn\u00e1n\u00ed, pokud si nenech\u00e1 vst\u0159\u00edknout do \u017e\u00edly kultiva\u010dn\u00ed roztok, tak p\u0159est\u00e1v\u00e1 b\u00fdt l\u00e9ka\u0159em.<\/strong>\u00a0Tak\u017ee ve Velk\u00e9 Brit\u00e1nii se znovu potvrdilo, \u017ee o\u010dkovan\u00fdch v nemocnic\u00edch um\u00edr\u00e1 a\u017e 10x v\u00edce ne\u017e t\u011bch neo\u010dkovan\u00fdch, ale to nebr\u00e1n\u00ed tomu, aby \u010de\u0161t\u00ed l\u00e9ka\u0159i za\u010dali u\u017e dokonce vyhro\u017eovat ob\u010dan\u016fm ztr\u00e1tou n\u00e1roku na chozen\u00ed do pr\u00e1ce, pokud si nevst\u0159\u00edknou roztok. Pomoc od ve\u0159ejnosti ne\u010dekejte, ta je zhypnotizov\u00e1na a ve stavu zmanipulovan\u00fdch rukojm\u00edch podle vzoru Stockholmsk\u00e9ho syndromu. Va\u0161im \u00fakolem je boj na dom\u00e1c\u00ed front\u011b, v r\u00e1mci sv\u00e9 rodiny. Pokud ochr\u00e1n\u00edte rodinu p\u0159ed vakcina\u010dn\u00ed mafi\u00ed, m\u00e1te spln\u011bno. Chra\u0148te sebe, sv\u00e9 d\u011bti a rodi\u010de, resp. potomky. To je cel\u00e9, co je pot\u0159eba ud\u011blat. Nic v\u00edc ud\u011blat nejde. Nep\u0159\u00edtel je p\u0159ed branami!<\/p>\n<p>-VK- \u0160\u00e9fredaktor AE News<\/p>\n<p><a href=\"https:\/\/aeronet.cz\/news\/velka-britanie-vypustila-dalsi-katastrofalni-cisla-celych-70-obeti-covid-19-v-mesici-zari-bylo-z-rad-plne-ockovanych-lide-s-vakcinou-podle-statistiky-maji-10x-vyssi-pravdepodobnost-umrti\/\">ZDROJ<\/a><\/p>\n<p>&nbsp;<\/p>\n","protected":false},"excerpt":{"rendered":"<p>Velk\u00e1 Brit\u00e1nie vypustila dal\u0161\u00ed katastrof\u00e1ln\u00ed \u010d\u00edsla, cel\u00fdch 70% ob\u011bt\u00ed COVID-19 v m\u011bs\u00edci z\u00e1\u0159\u00ed bylo z&#8230;<\/p>\n","protected":false},"author":2,"featured_media":4340,"comment_status":"closed","ping_status":"closed","sticky":false,"template":"","format":"standard","meta":[],"categories":[7],"tags":[23,213,474,651,303],"_links":{"self":[{"href":"https:\/\/www.infokuryr.cz\/n\/wp-json\/wp\/v2\/posts\/5403"}],"collection":[{"href":"https:\/\/www.infokuryr.cz\/n\/wp-json\/wp\/v2\/posts"}],"about":[{"href":"https:\/\/www.infokuryr.cz\/n\/wp-json\/wp\/v2\/types\/post"}],"author":[{"embeddable":true,"href":"https:\/\/www.infokuryr.cz\/n\/wp-json\/wp\/v2\/users\/2"}],"replies":[{"embeddable":true,"href":"https:\/\/www.infokuryr.cz\/n\/wp-json\/wp\/v2\/comments?post=5403"}],"version-history":[{"count":0,"href":"https:\/\/www.infokuryr.cz\/n\/wp-json\/wp\/v2\/posts\/5403\/revisions"}],"wp:featuredmedia":[{"embeddable":true,"href":"https:\/\/www.infokuryr.cz\/n\/wp-json\/wp\/v2\/media\/4340"}],"wp:attachment":[{"href":"https:\/\/www.infokuryr.cz\/n\/wp-json\/wp\/v2\/media?parent=5403"}],"wp:term":[{"taxonomy":"category","embeddable":true,"href":"https:\/\/www.infokuryr.cz\/n\/wp-json\/wp\/v2\/categories?post=5403"},{"taxonomy":"post_tag","embeddable":true,"href":"https:\/\/www.infokuryr.cz\/n\/wp-json\/wp\/v2\/tags?post=5403"}],"curies":[{"name":"wp","href":"https:\/\/api.w.org\/{rel}","templated":true}]}}