{"id":5402,"date":"2021-10-15T07:57:20","date_gmt":"2021-10-15T05:57:20","guid":{"rendered":"http:\/\/www.infokuryr.cz\/n\/?p=5402"},"modified":"2021-10-15T07:57:20","modified_gmt":"2021-10-15T05:57:20","slug":"rousky-vsude-a-restaurace-jen-pro-ockovane-vlada-po-volbach-zvazuje-zprisnit-opatreni","status":"publish","type":"post","link":"https:\/\/www.infokuryr.cz\/n\/2021\/10\/15\/rousky-vsude-a-restaurace-jen-pro-ockovane-vlada-po-volbach-zvazuje-zprisnit-opatreni\/","title":{"rendered":"Rou\u0161ky v\u0161ude a restaurace jen pro o\u010dkovan\u00e9. Vl\u00e1da po volb\u00e1ch zva\u017euje zp\u0159\u00edsnit opat\u0159en\u00ed"},"content":{"rendered":"<div id=\"fb-root\"><\/div>\n<p>Na \u00fadajn\u00fd rostouc\u00ed po\u010det naka\u017een\u00fdch i hospitalizovan\u00fdch s covidem za\u010d\u00edn\u00e1 ministerstvo zdravotnictv\u00ed reagovat. V p\u00e1tek p\u0159edstav\u00ed konkr\u00e9tn\u00ed n\u00e1vrh zm\u011bn v protiepidemick\u00fdch opat\u0159en\u00edch. Krom\u011b zkr\u00e1cen\u00ed platnosti test\u016f na covid a krat\u0161\u00ed karant\u00e9ny jsou ve h\u0159e i drasti\u010dt\u011bj\u0161\u00ed opat\u0159en\u00ed.<\/p>\n<p>C\u00edlem ministerstva je p\u0159edev\u0161\u00edm motivovat lidi k tomu, aby se nechali o\u010dkovat.\u00a0Premi\u00e9r Andrej Babi\u0161 (ANO) n\u00e1sledn\u011b uvedl, \u017ee platnost PCR test\u016f by se zkr\u00e1tila ze sedmi dn\u00ed na 72 hodin a antigenn\u00edch ze t\u0159\u00ed dn\u016f na jeden.<\/p>\n<p>Svr\u010dinov\u00e1 v\u0161ak do budoucna nevylou\u010dila ani dal\u0161\u00ed a p\u0159\u00edsn\u011bj\u0161\u00ed omezen\u00ed. \u201eV interi\u00e9rech nem\u00e1me v\u0161ichni respir\u00e1tor nebo rou\u0161ku, po\u0159\u00e1d jsou m\u00edsta, kde je nosit nemus\u00edme. M\u016f\u017ee tak doj\u00edt k tomu, \u017ee je budeme muset nosit v\u0161ude,\u201c uvedla.<\/p>\n<p>Dal\u0161\u00ed opat\u0159en\u00ed jsou \u2013 povolen\u00ed vstupu pouze o\u010dkovan\u00fdm do restaurac\u00ed, klub\u016f a jin\u00fdch za\u0159\u00edzen\u00ed.<\/p>\n<p>\u201eSamoz\u0159ejm\u011b i to je dal\u0161\u00ed stupe\u0148 mo\u017en\u00e9ho \u0159e\u0161en\u00ed. Tedy \u017ee do takov\u00fdch za\u0159\u00edzen\u00ed budou m\u00edt vstup povolen jen o\u010dkovan\u00ed nebo ti, kte\u0159\u00ed nemoc prod\u011blali. To by se ale epidemiologick\u00e1 situace musela podstatn\u011b zhor\u0161it,\u201c uzav\u0159ela.<\/p>\n<p><strong>Je po volb\u00e1ch, rukavi\u010dky jdou dol\u016f. Tak n\u011bjak jsme to \u010dekali, \u017ee? Nebo jste byli tak naivn\u00ed a v\u011b\u0159ili jste t\u011bm hloup\u00fdm kec\u016fm, \u017ee nikdy ne cestou zp\u011bt!\u00a0<\/strong><\/p>\n<p><img decoding=\"async\" loading=\"lazy\" class=\"alignnone size-full wp-image-1185\" src=\"http:\/\/www.infokuryr.cz\/n\/wp-content\/uploads\/2021\/04\/kuryr-podpis.png\" alt=\"\" width=\"84\" height=\"24\" \/><\/p>\n<p>&nbsp;<\/p>\n","protected":false},"excerpt":{"rendered":"<p>Na \u00fadajn\u00fd rostouc\u00ed po\u010det naka\u017een\u00fdch i hospitalizovan\u00fdch s covidem za\u010d\u00edn\u00e1 ministerstvo zdravotnictv\u00ed reagovat. V p\u00e1tek&#8230;<\/p>\n","protected":false},"author":2,"featured_media":4800,"comment_status":"closed","ping_status":"closed","sticky":false,"template":"","format":"standard","meta":[],"categories":[6],"tags":[98,36,48],"_links":{"self":[{"href":"https:\/\/www.infokuryr.cz\/n\/wp-json\/wp\/v2\/posts\/5402"}],"collection":[{"href":"https:\/\/www.infokuryr.cz\/n\/wp-json\/wp\/v2\/posts"}],"about":[{"href":"https:\/\/www.infokuryr.cz\/n\/wp-json\/wp\/v2\/types\/post"}],"author":[{"embeddable":true,"href":"https:\/\/www.infokuryr.cz\/n\/wp-json\/wp\/v2\/users\/2"}],"replies":[{"embeddable":true,"href":"https:\/\/www.infokuryr.cz\/n\/wp-json\/wp\/v2\/comments?post=5402"}],"version-history":[{"count":0,"href":"https:\/\/www.infokuryr.cz\/n\/wp-json\/wp\/v2\/posts\/5402\/revisions"}],"wp:featuredmedia":[{"embeddable":true,"href":"https:\/\/www.infokuryr.cz\/n\/wp-json\/wp\/v2\/media\/4800"}],"wp:attachment":[{"href":"https:\/\/www.infokuryr.cz\/n\/wp-json\/wp\/v2\/media?parent=5402"}],"wp:term":[{"taxonomy":"category","embeddable":true,"href":"https:\/\/www.infokuryr.cz\/n\/wp-json\/wp\/v2\/categories?post=5402"},{"taxonomy":"post_tag","embeddable":true,"href":"https:\/\/www.infokuryr.cz\/n\/wp-json\/wp\/v2\/tags?post=5402"}],"curies":[{"name":"wp","href":"https:\/\/api.w.org\/{rel}","templated":true}]}}