{"id":5400,"date":"2021-10-15T07:48:44","date_gmt":"2021-10-15T05:48:44","guid":{"rendered":"http:\/\/www.infokuryr.cz\/n\/?p=5400"},"modified":"2021-10-15T07:48:44","modified_gmt":"2021-10-15T05:48:44","slug":"pokutu-ulozenou-polsku-za-dul-turow-zaplati-cesi","status":"publish","type":"post","link":"https:\/\/www.infokuryr.cz\/n\/2021\/10\/15\/pokutu-ulozenou-polsku-za-dul-turow-zaplati-cesi\/","title":{"rendered":"Pokutu ulo\u017eenou Polsku za d\u016fl Turow zaplat\u00ed \u010ce\u0161i"},"content":{"rendered":"<div id=\"fb-root\"><\/div>\n<p>K \u010desk\u00e9 \u017ealob\u011b se jako str\u00e1\u017ece smluv a\u00a0sm\u011brnice EIA vyj\u00e1d\u0159ila i\u00a0Evropsk\u00e1 komise. Ve stanovisku pro soud se nezab\u00fdvala kontaminac\u00ed vod, argumentaci soust\u0159edila do podpory klimatick\u00e9 \u010d\u00e1sti \u010desk\u00e9 \u017ealoby.<\/p>\n<p><strong>Od roku 2014 do roku 2019 projedn\u00e1valo polsk\u00e9 Ministerstvo pro \u017eivotn\u00ed prost\u0159ed\u00ed ekologick\u00e9 dopady prodlou\u017een\u00ed t\u011b\u017eby hn\u011bd\u00e9ho uhl\u00ed v\u00a0dole Turow. \u017d\u00e1dost o\u00a0prodlou\u017een\u00ed t\u011b\u017eebn\u00ed licence podala polsk\u00e1 st\u00e1tn\u00ed energetick\u00e1 spole\u010dnost PGA, kter\u00e1 krom\u011b dolu provozuje i\u00a0soused\u00edc\u00ed elektr\u00e1rnu, v\u00a0n\u00ed\u017e je uhl\u00ed p\u0159em\u011b\u0148ov\u00e1no na teplo a\u00a0elekt\u0159inu. Podle sm\u011brnice o\u00a0posuzov\u00e1n\u00ed dopad\u016f na \u017eivotn\u00ed prost\u0159ed\u00ed (EIA) ekologick\u00e9 organizace z\u00a0Polska, \u010cR a\u00a0N\u011bmecka p\u0159edlo\u017eily dlouhou \u0159adu n\u00e1mitek. Krom\u011b racion\u00e1ln\u00edch po\u017eadavk\u016f, jako zaji\u0161t\u011bn\u00ed, aby z\u00a0dolu neunikala do spodn\u00edch vod de\u0161\u0165ov\u00e1 a\u00a0chlad\u00edc\u00ed voda kontaminovan\u00e1 t\u011b\u017ebou, se ve spise nakupila \u0159ada po\u017eadavk\u016f, kter\u00e9 m\u00ed\u0159ily k\u00a0okam\u017eit\u00e9mu uzav\u0159en\u00ed dolu. Bez ohledu na to, \u017ee elektr\u00e1rna, kter\u00e1 funguje na turowsk\u00e9 uhl\u00ed, vyr\u00e1b\u00ed 5 a\u00a0ve \u0161pi\u010dk\u00e1ch a\u017e 7% celkov\u00e9ho objemu elekt\u0159iny v\u00a0Polsku.<\/strong><\/p>\n<p>B\u011bhem cel\u00e9 doby posuzov\u00e1n\u00ed EIA polsk\u00e9 org\u00e1ny jednaly i\u00a0se sousedn\u00edmi zem\u011bmi \u2013 tedy s\u00a0\u010cR a\u00a0N\u011bmeckem. V\u00a0jedn\u00e1n\u00ed o\u00a0turowsk\u00e9 EIA se krom\u011b profesion\u00e1ln\u00edch i\u00a0dobrovolnick\u00fdch ekologick\u00fdch aktivist\u016f proti dolu siln\u011b anga\u017eovaly org\u00e1ny Libereck\u00e9ho kraje a\u00a0Ministerstvo \u017eivotn\u00edho prost\u0159ed\u00ed \u010cR. Org\u00e1ny ve\u0159ejn\u00e9 spr\u00e1vy \u010cR se p\u0159i\u00a0vyjedn\u00e1v\u00e1n\u00ed s\u00a0Polskem neuk\u00e1zaly jako zrovna nejskv\u011blej\u0161\u00ed diplomat\u00e9. Kdy\u017e Pol\u00e1ci nab\u00eddli \u00fastupek \u2013 nap\u0159\u00edklad v\u00a0problematice mo\u017enosti podm\u00ednit pokra\u010dov\u00e1n\u00ed t\u011b\u017eby vybudov\u00e1n\u00edm s\u00e9rie vrt\u016f, s\u00a0jejich\u017e pomoc\u00ed by byla v\u00a0geologick\u00e9m masivu na \u010desko-polsk\u00e9 hranici vybudov\u00e1na z\u00e1brana znemo\u017e\u0148uj\u00edc\u00ed kontaminaci spodn\u00edch vod v\u00a0\u010cR, z\u00e1stupci \u010desk\u00e9ho M\u017dP v\u00a0koordinaci s\u00a0aktivisty je\u0161t\u011b v\u00edce zatla\u010dili na \u201eklimatick\u00e9\u201c aspekty t\u011b\u017eby. K\u00a0dohod\u011b mezi \u010cR a\u00a0Polskem nakonec nedo\u0161lo kv\u016fli p\u0159ehnan\u00fdm klimatick\u00fdm ambic\u00edm.<\/p>\n<p>Polsk\u00e9 ministerstvo \u017eivotn\u00edho prost\u0159ed\u00ed po\u00a0krachu prvn\u00edho cyklu mezist\u00e1tn\u00edch jedn\u00e1n\u00ed nakonec zohlednilo pot\u0159ebu Pol\u00e1k\u016f topit, chladit, sv\u00edtit, va\u0159it a\u00a0vyr\u00e1b\u011bt a\u00a0zejm\u00e9na obchodovat \u2013 a\u00a0ve sv\u00e9m rozhodnut\u00ed umo\u017enilo B\u00e1\u0148sk\u00e9mu \u00fa\u0159adu licenci na t\u011b\u017ebu uhl\u00ed prodlou\u017eit o\u00a05 let. Kv\u016fli neschopnosti \u00fa\u0159edn\u00edk\u016f \u010desk\u00e9ho M\u017dP jednat racion\u00e1ln\u011b a\u00a0dohodnout se na oboustrann\u011b v\u00fdhodn\u00e9m \u0159e\u0161en\u00ed polsk\u00e9 ministerstvo do podm\u00ednek pro pokra\u010dov\u00e1n\u00ed t\u011b\u017eby nezahrnulo podm\u00ednku vytvo\u0159en\u00ed on\u011bch vrt\u016f, jim\u017e by byla na jedn\u00e9 stran\u011b do podzem\u00ed pod tlakem hn\u00e1na voda a\u00a0na druh\u00e9 stran\u011b od\u010derp\u00e1v\u00e1na a\u00a0odv\u00e1d\u011bna k\u00a0vy\u010di\u0161t\u011bn\u00ed. Co\u017e osobn\u011b pova\u017euji za ne\u0161\u0165astn\u00e9, proto\u017ee to po\u0161kozuje ob\u010dany na \u010desk\u00e9 stran\u011b spole\u010dn\u00e9 hranice.<\/p>\n<p>Domn\u00edv\u00e1m se v\u0161ak, \u017ee za krach jedn\u00e1n\u00ed s\u00a0Polskem by m\u011bl b\u00fdt vol\u00e1n k\u00a0zodpov\u011bdnosti i\u00a0ministr \u017eivotn\u00edho prost\u0159ed\u00ed Richard Brabec (ANO) a\u00a0jeho pod\u0159\u00edzen\u00ed, kte\u0159\u00ed stup\u0148ovan\u00e9 po\u017eadavky na Polsko prost\u011b p\u0159ehnali. Zejm\u00e9na v\u00a0\u201eklimatick\u00e9 \u010d\u00e1sti\u201c. M\u011bli sjednat dohodu, kter\u00e1 by zajistila \u010desko-polskou hranici p\u0159ed pr\u016fsaky kontaminovan\u00e9 vody. A\u00a0m\u011bli si uv\u011bdomit, \u017ee dal\u0161\u00ed po\u017eadavky prost\u011b s\u00a0ohledem na stav elektr\u00e1rensk\u00e9 s\u00edt\u011b nemohou b\u00fdt pro Pol\u00e1ky akceptovateln\u00e9. Pol\u00e1ci necht\u011bj\u00ed j\u00edt do black-outu a\u00a0t\u011b\u017eko se jim v\u00a0tom divit. Zvl\u00e1\u0161\u0165 kdy\u017e kv\u016fli odstavov\u00e1n\u00ed n\u011bmeck\u00fdch jadern\u00fdch elektr\u00e1ren za\u010d\u00edn\u00e1 b\u00fdt energetick\u00e1 s\u00ed\u0165 v\u00a0EU velmi napnut\u00e1. Energetici opakovan\u011b varuj\u00ed, \u017ee u\u017e nyn\u00ed ve \u0161pi\u010dk\u00e1ch soustava opakovan\u011b pracuje na hran\u011b kolapsu.<\/p>\n<p>Ministr Brabec m\u00edsto sjedn\u00e1n\u00ed rozumn\u00e9 dohody ve vleku ekologick\u00fdch aktivist\u016f p\u0159esv\u011bd\u010dil vl\u00e1du Andreje Babi\u0161e (ANO), aby Polsko \u017ealovala u\u00a0Evropsk\u00e9ho soudn\u00edho dvora. V\u011bt\u0161ina vl\u00e1dy souhlasila a\u00a0v\u00a0roce 2020 \u017ealobu do Lucembursku podala. \u010cesk\u00e1 strana se dom\u00e1hala, aby Soudn\u00ed dv\u016fr EU okam\u017eit\u011b zak\u00e1zal t\u011b\u017ebu v\u00a0dole v\u00a0Turow\u011b z\u00a0ekologick\u00fdch d\u016fvod\u016f. Do \u017ealoby jich \u00fa\u0159edn\u00edci M\u017dP navr\u0161ili velkou hromadu. Krom\u011b prokazateln\u00e9 kontaminace spodn\u00edch vod v\u00a0\u010cR i\u00a0\u0159adu velmi sporn\u00fdch \u201eklimatick\u00fdch\u201c. \u00dasp\u011bchu a\u00a0pomoci \u010desk\u00fdm ob\u010dan\u016fm posti\u017een\u00fdm kontaminac\u00ed spodn\u00edch vod, by se dalo dos\u00e1hnout i\u00a0v\u00a0p\u0159\u00edpad\u011b, pokud by se \u010desk\u00e1 \u017ealoba soust\u0159edila jen na tento probl\u00e9m a\u00a0pokud by \u010cR jako \u017ealuj\u00edc\u00ed po\u017eadovala, aby soud na\u0159\u00eddil proveden\u00ed opat\u0159en\u00ed proti kontaminaci vod. Nap\u0159\u00edklad onu hydrologickou bari\u00e9ru.<\/p>\n<p>K \u010desk\u00e9 \u017ealob\u011b se jako \u201estr\u00e1\u017ece\u201c smluv a\u00a0sm\u011brnice EIA vyj\u00e1d\u0159ila i\u00a0Evropsk\u00e1 komise. Ve sv\u00e9m stanovisku pro soud se odm\u00edtla zab\u00fdvat probl\u00e9mem kontaminace vod a\u00a0ve\u0161kerou svoji argumentaci soust\u0159edila do podpory klimatick\u00e9 \u010d\u00e1sti \u010desk\u00e9 \u017ealoby.<\/p>\n<p>Polsk\u00e1 vl\u00e1da premi\u00e9ra Mateusze Morawieck\u00e9ho (PiS) na \u010deskou \u017ealobu reagovala t\u0159emi sm\u011bry. Znovu otev\u0159ela jedn\u00e1n\u00ed s\u00a0\u010deskou stranou a\u00a0nab\u00edzela podle m\u00e9ho n\u00e1zoru oboustrann\u011b dobr\u00fd obchod. Konkr\u00e9tn\u011b dopln\u011bn\u00ed licence o\u00a0podm\u00ednku vybudov\u00e1n\u00ed vodn\u00ed bari\u00e9ry \u2013 nav\u00edc s\u00a0t\u00edm, \u017ee by ji zaplatil polsk\u00fd st\u00e1tn\u00ed rozpo\u010det a\u00a0na jej\u00edm budov\u00e1n\u00ed by se mohly pod\u00edlet i\u00a0\u010desk\u00e9 firmy, kter\u00e9 maj\u00ed v\u00a0t\u00e9to oblasti velk\u00e9 zku\u0161enosti. V\u00fdm\u011bnou cht\u011bla pouze modifikaci \u017ealoby a\u00a0sta\u017een\u00ed jej\u00ed klimatick\u00e9 \u010d\u00e1sti. Polsk\u00fd premi\u00e9r Morawiecki intenzivn\u011b jednal i\u00a0v\u00a0Bruselu s\u00a0c\u00edlem naj\u00edt dohodu, kter\u00e1 by byla v\u00fdhodn\u00e1 i\u00a0pro N\u011bmecko, kter\u00e9 je kontaminac\u00ed vody rovn\u011b\u017e po\u0161kozeno. Ale kter\u00e9 je u\u017e dnes velk\u00fdm odb\u011bratelem polsk\u00e9 elekt\u0159iny vyroben\u00e9 mimo jin\u00e9 i\u00a0v\u00a0polsk\u00e9 Turow\u011b.<\/p>\n<p>A jako pojistku po\u017e\u00e1dala polsk\u00e1 vl\u00e1da na ja\u0159e \u00dastavn\u00ed soud, aby posoudil slu\u010ditelnost Smlouvy o\u00a0EU a\u00a0o\u00a0fungov\u00e1n\u00ed EU s\u00a0\u00dastavou Polsk\u00e9 republiky. Zejm\u00e9na v\u00a0\u010d\u00e1stech t\u00fdkaj\u00edc\u00edch se pravomoc\u00ed Evropsk\u00e9ho soudn\u00edho dvora.<\/p>\n<p>V z\u00e1\u0159\u00ed 2021 Evropsk\u00fd soudn\u00ed dv\u016fr na\u0159\u00eddil okam\u017eit\u011b ukon\u010dit t\u011b\u017ebu uhl\u00ed v\u00a0turowsk\u00e9m dolu. Polsku pro p\u0159\u00edpad neproveden\u00ed soudn\u00edho p\u0159\u00edkazu vym\u011b\u0159il pokutu p\u016fl milionu eur denn\u011b. Pokuta m\u00e1 j\u00edt do rozpo\u010dtu EU. \u010cesk\u00fd rozpo\u010det a\u00a0ni \u010de\u0161t\u00ed ob\u010dan\u00e9 z\u00a0n\u00ed nikdy neuvid\u00ed ani eurocent.<\/p>\n<p>Probl\u00e9mem spodn\u00edch vod se Soudn\u00ed dv\u016fr nezab\u00fdval \u2013 stejn\u011b jako Evropsk\u00e1 komise. Soud mohl s\u00a0ohledem na svoji p\u0159edchoz\u00ed judikaturu pou\u017e\u00edt tzv.\u00a0\u201eteleologick\u00fd v\u00fdklad\u201c pr\u00e1va, a\u00a0mohl s\u00e1m i\u00a0bez \u010desk\u00e9ho n\u00e1vrhu Polsku na\u0159\u00eddit, aby d\u016fl nejd\u00e1le na \u010desk\u00e9 hranici zabezpe\u010dil proti \u00faniku nebezpe\u010dn\u00fdch l\u00e1tek do spodn\u00edch vod. Soudci k\u00a0tomu kupodivu nep\u0159ikro\u010dili, i\u00a0kdy\u017e v\u00a0mnoha rozsudc\u00edch v\u00a0minulosti \u0161li za hranici p\u016fvodn\u00ed \u017ealoby a\u00a0rozhodli s\u00a0ohledem na celkov\u00fd c\u00edl, kter\u00fd sleduje konkr\u00e9tn\u00ed pr\u00e1vn\u00ed p\u0159edpis, o\u00a0n\u011bj\u017e sv\u00e9 rozhodnut\u00ed op\u0159eli. \u010cesk\u00e9 ob\u010dany u\u00a0polsk\u00fdch hranic tak nechali ve \u0161tychu \u2013 \u010di\u00a0sp\u00ed\u0161e v\u00a0d\u016fln\u00edm odpadu \u2013 jak \u010desk\u00e9 Ministerstvo \u017eivotn\u00edho prost\u0159ed\u00ed, tak i\u00a0Evropsk\u00e1 komise a\u00a0Evropsk\u00fd soudn\u00ed dv\u016fr.<\/p>\n<p>Polsk\u00e1 vl\u00e1da se po\u00a0celou dobu od pod\u00e1n\u00ed \u010desk\u00e9 \u017ealoby sna\u017eila dohodnout s\u00a0\u010cR i\u00a0s\u00a0Bruselem. O\u00a0nevst\u0159\u00edcnosti na stran\u011b Polska rozhodn\u011b nelze hovo\u0159it. Jedn\u00e1n\u00ed zkrachovala kv\u016fli stup\u0148ov\u00e1n\u00ed po\u017eadavk\u016f ministra Brabce, kter\u00fd je ji\u017e l\u00e9ta ve vleku ekologick\u00fdch aktivist\u016f placen\u00fdch z\u00a0grant\u016f jak z\u00a0Bruselu, tak i\u00a0ze st\u00e1tn\u00edho rozpo\u010dtu \u010cR. I\u00a0po\u00a0vynesen\u00ed rozsudku Soudn\u00edho dvora EU se Polsko je\u0161t\u011b sna\u017eilo nap\u0159ed dohodnout s\u00a0\u010cR, N\u011bmeckem i\u00a0Bruselem. Za \u00fa\u010delem vytvo\u0159en\u00ed prostoru pro dohodu polsk\u00e1 vl\u00e1da \u010dty\u0159ikr\u00e1t po\u017e\u00e1dala o\u00a0odro\u010den\u00ed vynesen\u00ed rozsudku polsk\u00e9ho \u00fastavn\u00edho soudu. U\u017e kdy\u017e vl\u00e1da \u017ealobu k\u00a0\u00fastavn\u00edmu soudu pod\u00e1vala, m\u011bla od pr\u00e1vn\u00edch expert\u016f dob\u0159e zdokladov\u00e1no, \u017ee soud m\u00e1 \u00fastavn\u00ed zmocn\u011bn\u00ed prohl\u00e1sit Lisabonskou smlouvu za proti\u00fastavn\u00ed.<\/p>\n<p>I t\u0159et\u00ed cyklus jedn\u00e1n\u00ed Polska s\u00a0\u010cR, N\u011bmeckem a\u00a0Bruselem nakonec zkrachoval. Ze strany Komise skon\u010dil arogantn\u00edmi v\u00fdhr\u016f\u017ekami o\u00a0dal\u0161\u00edm \u0159\u00edzen\u00ed o\u00a0zastaven\u00ed v\u0161ech dotac\u00ed z\u00a0rozpo\u010dtu EU Polsku. N\u00e1\u0161 severn\u00ed soused tomuto \u0159\u00edzen\u00ed pro poru\u0161en\u00ed z\u00e1kladn\u00edch pr\u00e1v EU ji\u017e jednou \u010delil \u2013 stejn\u011b jako Ma\u010farsko. Ob\u011b \u0159\u00edzen\u00ed v\u0161ak byla zastavena, proto\u017ee n\u00e1vrh sankc\u00ed proti Ma\u010farsku vetovala polsk\u00e1 vl\u00e1da a\u00a0n\u00e1vrh sankc\u00ed proti Polsku vetoval v\u00a0Evropsk\u00e9 rad\u011b ma\u010farsk\u00fd premi\u00e9r Viktor Orb\u00e1n (FIDESZ).<\/p>\n<p>V p\u00e1tek 8.\u00a010.\u00a02021 polsk\u00fd \u00fastavn\u00ed soud vyhl\u00e1sil sv\u016fj n\u00e1lez v\u00a0n\u011bm\u017e judikoval, \u017ee \u010d\u00e1st Smlouvy o\u00a0EU a\u00a0o\u00a0fungov\u00e1n\u00ed EU odporuje polsk\u00e9 \u00fastav\u011b. Ve sv\u00e9m n\u00e1lezu konstatoval, \u017ee b\u00fdval\u00fd polsk\u00fd premi\u00e9r Donald Tusk p\u0159i\u00a0podpisu Lisabonsk\u00e9 smlouvy p\u0159ekro\u010dil pravomoci sv\u011b\u0159en\u00e9 vl\u00e1d\u011b \u00fastavou Polsk\u00e9 republiky. A\u00a0proto\u017ee soud dolo\u017eil protipr\u00e1vnost Tuskova kroku, prohl\u00e1sil jej zp\u011btn\u011b za od po\u010d\u00e1tku neplatn\u00fd. Pol\u0161t\u00ed \u00fastavn\u00ed soudci p\u0159\u00edmo deratifikovali \u010d\u00e1st Lisabonsk\u00e9 smlouvy. V\u00a0n\u00e1lezu, kter\u00fd ji\u017e byl publikov\u00e1n, prohl\u00e1sili pas\u00e1\u017ee, kter\u00e9 ve Smlouv\u011b o\u00a0EU a\u00a0o\u00a0fungov\u00e1n\u00ed EU upravuj\u00ed p\u016fsobnost Evropsk\u00e9ho soudn\u00edho dvora, za v\u00a0Polsku ne\u00fa\u010dinn\u00e9 z\u00a0d\u016fvodu jejich rozporu s\u00a0polskou \u00fastavou. Ta je podle nich na polsk\u00e9m \u00fazem\u00ed nad\u0159azena v\u0161emu \u2013 v\u010detn\u011b mezin\u00e1rodn\u00edch smluv.<\/p>\n<p>Z Bruselu od t\u00e9 doby neust\u00e1v\u00e1 proud ur\u00e1\u017eek a\u00a0v\u00fdhr\u016f\u017eek sm\u011brem k\u00a0Polsku. Svoji jedovatou slinu si sm\u011brem k\u00a0Var\u0161av\u011b krom\u011b p\u0159edsedkyn\u011b Evropsk\u00e9 komise Ursuly von der Leyenov\u00e9 neopomn\u011bla plivnout i\u00a0eurokomisa\u0159ka z\u00a0\u010cR V\u011bra Jourov\u00e1 (ANO). M\u00edstop\u0159edseda Komise pro Zelen\u00fd \u00fad\u011bl Frans Timmermans se ji\u017e nechal sly\u0161et, \u017ee Brusel v\u016fbec nezaj\u00edm\u00e1, \u017ee \u00fastavn\u00ed soud zak\u00e1zal polsk\u00e9 vl\u00e1d\u011b platit pokutu vym\u011b\u0159enou Lucembursk\u00fdm soudem s\u00a0t\u00edm, \u017ee Brusel ji Polsku bude strh\u00e1vat z\u00a0dotac\u00ed, kter\u00e9 mu m\u00e1 podle platn\u00e9ho rozpo\u010dtu EU pos\u00edlat.<\/p>\n<p>Jen\u017ee se ukazuje, \u017ee ani Timmermans nen\u00ed \u0159editelem v\u0161eho. I\u00a0kdy\u017e by jist\u011b r\u00e1d byl. Ceny uhl\u00ed rostou ji\u017e od po\u010d\u00e1tku leto\u0161n\u00edho roku. V\u00a0posledn\u00edch dnech v\u0161ak k\u0159\u00edvka cen uhl\u00ed na sv\u011btov\u00fdch trz\u00edch p\u0159ipom\u00edn\u00e1 dr\u00e1hu rakety po\u00a0startu. M\u016f\u017eete si ji prohl\u00e9dnout v\u00a0p\u0159ilo\u017een\u00edm grafu. Kv\u016fli utlumen\u00ed t\u011b\u017eby uhl\u00ed v\u00a0N\u011bmecku, kter\u00e9 \u0159adu let prov\u00e1d\u011bla n\u011bmeck\u00e1 vl\u00e1da kancl\u00e9\u0159ky Angely Merkelov\u00e9 (CDU), a\u00a0sou\u010dasn\u00e9 nutnosti op\u011bt vyr\u00e1b\u011bt elekt\u0159inu z\u00a0uhl\u00ed kv\u016fli nestabilit\u011b dod\u00e1vek elekt\u0159iny z\u00a0v\u011btrn\u00fdch a\u00a0sol\u00e1rn\u00edch elektr\u00e1ren, roste na evropsk\u00e9m trhu popt\u00e1vka po\u00a0uhl\u00ed. Jen\u017ee ona roste i\u00a0na sv\u011btov\u00fdch trz\u00edch. Nahoru ji \u017eenou \u010d\u00ednsk\u00e9 elektr\u00e1rny, kter\u00e9 z\u00e1sobuj\u00ed tov\u00e1rny na v\u0161echno, co se spot\u0159ebov\u00e1v\u00e1 nejen v\u00a0Evrop\u011b.<\/p>\n<p>Ceny uhl\u00ed jsou nyn\u00ed tak vysoko, \u017ee hodina pr\u00e1ce d\u016fln\u00edch rypadel v\u00a0Turow\u011b zaplat\u00ed celodenn\u00ed pokutu vym\u011b\u0159enou Polsku Soudn\u00edm dvorem EU. Rypadla v\u0161ak jednou v\u00a0nep\u0159etr\u017eit\u00e9m provozu 24 hodin denn\u011b. A\u00a0proto\u017ee ministr Brabec na rozd\u00edl od sv\u00fdch koleg\u016f z\u00a0Polska a\u00a0N\u011bmecka nevyjednal zahrnut\u00ed \u010desk\u00fdch uheln\u00fdch elektr\u00e1ren do soustavy aktivovan\u00e9 v\u017edy, kdy\u017e je nedostatek energie z\u00a0obnoviteln\u00fdch zdroj\u016f, je celkem jasn\u00e9, kdo zaplat\u00ed \u00fa\u010det. Na v\u00fdpadc\u00edch sol\u00e1rn\u00edch a\u00a0v\u011btrn\u00fdch elektr\u00e1ren a\u00a0rostouc\u00edch cen\u00e1ch elekt\u0159iny v\u00a0d\u016fsledku odstaven\u00ed n\u011bmeck\u00fdch jadern\u00fdch elektr\u00e1ren vyd\u011bl\u00e1vaj\u00ed provozovatel\u00e9 uheln\u00fdch dol\u016f a\u00a0uheln\u00fdch elektr\u00e1ren v\u00a0N\u011bmecku a\u00a0Polsku. \u010c\u00e1st n\u011bmeck\u00fdch uheln\u00fdch dol\u016f a\u00a0elektr\u00e1ren mimochodem vlastn\u00ed holding \u010desk\u00e9ho miliard\u00e1\u0159e Daniela K\u0159et\u00ednsk\u00e9ho. A\u00a0pr\u00e1v\u011b ty jeho elektr\u00e1rny jsou mezi t\u011bmi, kter\u00e9 jsou za\u0159azeny do pohotovostn\u00edho syst\u00e9mu energetick\u00e9 soustavy EU. Na rozd\u00edl od t\u011bch \u010desk\u00fdch od stejn\u00e9ho majitele.<\/p>\n<p>Polsk\u00e9 doly vlastn\u00ed Polsk\u00e1 republika. Stejn\u011b jako v\u011bt\u0161inu elektr\u00e1ren a\u00a0t\u00e9m\u011b\u0159 v\u0161echny tamn\u00ed tepeln\u00e9. Pol\u00e1ci na rostouc\u00edch cen\u00e1ch elekt\u0159iny i\u00a0uhl\u00ed vyd\u011blaj\u00ed i\u00a0p\u0159es pokutu od EU. Na pokutu i\u00a0na zisk se polsk\u00e9mu st\u00e1tu slo\u017e\u00ed v\u00a0rostouc\u00edch cen\u00e1ch elekt\u0159iny spot\u0159ebitel\u00e9 z\u00a0N\u011bmecka a\u00a0z\u00a0\u010cR. I\u00a0u\u00a0n\u00e1s je toti\u017e t\u011b\u017eba uhl\u00ed mnoho let utlumov\u00e1na kv\u016fli rozhodnut\u00ed p\u0159edchoz\u00edch vl\u00e1d. Kv\u016fli neschopnosti ministra Brabce jsou postupn\u011b odstavov\u00e1ny i\u00a0uheln\u00e9 elektr\u00e1rny v\u00a0\u010cR.<\/p>\n<p>Brusel v\u00a0\u010cR nezv\u00edt\u011bzil a\u017e ve volb\u00e1ch 8.\u00a0a\u00a09.\u00a010.\u00a02021. Brusel n\u00e1m tu vl\u00e1dne celou dobu, kdy byl Richard Brabec ministrem \u017eivotn\u00edho prost\u0159ed\u00ed. A\u00a0politika j\u00edm praktikovan\u00e1 8 let bude za premi\u00e9ra Petra Fialy (ODS) ur\u010dit\u011b pokra\u010dovat. V\u017edy\u0165 to sliboval i\u00a0p\u0159ed volbami.<\/p>\n<p><strong>MUDr. Ivan David, CSc.<\/strong><\/p>\n<p><em>Zdroj:<\/em>\u00a0<a href=\"https:\/\/www.facebook.com\/MUdrIDavid\/posts\/1471087829998390\">FB autora<\/a><\/p>\n<p>&nbsp;<\/p>\n<p>&nbsp;<\/p>\n","protected":false},"excerpt":{"rendered":"<p>K \u010desk\u00e9 \u017ealob\u011b se jako str\u00e1\u017ece smluv a\u00a0sm\u011brnice EIA vyj\u00e1d\u0159ila i\u00a0Evropsk\u00e1 komise. Ve stanovisku pro&#8230;<\/p>\n","protected":false},"author":2,"featured_media":5002,"comment_status":"closed","ping_status":"closed","sticky":false,"template":"","format":"standard","meta":[],"categories":[6],"tags":[506,41,29,31,431],"_links":{"self":[{"href":"https:\/\/www.infokuryr.cz\/n\/wp-json\/wp\/v2\/posts\/5400"}],"collection":[{"href":"https:\/\/www.infokuryr.cz\/n\/wp-json\/wp\/v2\/posts"}],"about":[{"href":"https:\/\/www.infokuryr.cz\/n\/wp-json\/wp\/v2\/types\/post"}],"author":[{"embeddable":true,"href":"https:\/\/www.infokuryr.cz\/n\/wp-json\/wp\/v2\/users\/2"}],"replies":[{"embeddable":true,"href":"https:\/\/www.infokuryr.cz\/n\/wp-json\/wp\/v2\/comments?post=5400"}],"version-history":[{"count":0,"href":"https:\/\/www.infokuryr.cz\/n\/wp-json\/wp\/v2\/posts\/5400\/revisions"}],"wp:featuredmedia":[{"embeddable":true,"href":"https:\/\/www.infokuryr.cz\/n\/wp-json\/wp\/v2\/media\/5002"}],"wp:attachment":[{"href":"https:\/\/www.infokuryr.cz\/n\/wp-json\/wp\/v2\/media?parent=5400"}],"wp:term":[{"taxonomy":"category","embeddable":true,"href":"https:\/\/www.infokuryr.cz\/n\/wp-json\/wp\/v2\/categories?post=5400"},{"taxonomy":"post_tag","embeddable":true,"href":"https:\/\/www.infokuryr.cz\/n\/wp-json\/wp\/v2\/tags?post=5400"}],"curies":[{"name":"wp","href":"https:\/\/api.w.org\/{rel}","templated":true}]}}