{"id":5398,"date":"2021-10-15T07:32:27","date_gmt":"2021-10-15T05:32:27","guid":{"rendered":"http:\/\/www.infokuryr.cz\/n\/?p=5398"},"modified":"2021-10-15T07:32:27","modified_gmt":"2021-10-15T05:32:27","slug":"jak-dopadnou-predcasne-volby","status":"publish","type":"post","link":"https:\/\/www.infokuryr.cz\/n\/2021\/10\/15\/jak-dopadnou-predcasne-volby\/","title":{"rendered":"Jak dopadnou p\u0159ed\u010dasn\u00e9 volby"},"content":{"rendered":"<div id=\"fb-root\"><\/div>\n<p><strong>Minule jsem psal o tom, \u017ee je ot\u00e1zkou \u010dasu, kdy se takov\u00e1 koalice rozpadne, d\u00edky rozporupln\u00fdm program\u016fm. Bylo by nelogick\u00e9, kdyby tyto strany op\u011bt vytvo\u0159ily koalici.<\/strong><\/p>\n<p>Proto\u017ee takov\u00e1 vl\u00e1da bude postupn\u011b d\u00edky Zelen\u00e9mu \u0161\u00edlenstv\u00ed zhor\u0161ovat \u017eivotn\u00ed \u00faroven v\u0161ech lid\u00ed \/zru\u0161en\u00ed v\u00fdroby klasick\u00fdch aut, zdra\u017een\u00ed v\u0161eho, od ropy, plynu, elekt\u0159iny, p\u0159es potraviny, podpora stejnopohlavn\u00edho man\u017eelstv\u00ed, LGBT, v\u00edt\u00e1n\u00ed \u010dern\u00e9ho hmyzu, atd.\/, postupn\u011b aspon n\u011bkter\u00fdm lidem dojde, \u017ee by m\u011bli volit jinou stranu- men\u0161\u00ed zlo.<\/p>\n<p>Jestli\u017ee ve dvou televizn\u00edch diskus\u00edch zv\u00edt\u011bzili Svobodn\u00ed, je to vzorn\u00fd d\u016fkaz, \u017ee volby byly op\u011bt cinknut\u00e9. Samoz\u0159ejm\u011b i VB m\u00e1 mnohem v\u00edc p\u0159\u00edznivc\u016f, ne\u017e se uv\u00e1d\u00ed. Jde o to, \u017ee ti &#8222;naho\u0159e&#8220; nepust\u00ed v \u017e\u00e1dn\u00e9m p\u0159\u00edpad\u011b do parlamentu jakoukoli vlasteneckou stranu. SPD je v\u00fdjimkou, proto\u017ee u\u017e jde o velkou stranu s mnoha p\u0159\u00edznivci.<\/p>\n<p>Tak\u017ee jedin\u00e1 mo\u017enost je volit men\u0161\u00ed zlo. I kdy\u017e Bure\u0161 je Jackyl a Hyde- na jedn\u00e9 stran\u011b cel\u00e9 ANO v Utopii, v\u010detn\u011b soudru\u017eky Courov\u00e9, hlasuj\u00ed proti na\u0161im z\u00e1jm\u016fm, Andrej je jedin\u00fd, kter\u00fd se sna\u017e\u00ed hasit po\u017e\u00e1r \/kter\u00fd zp\u016fsobil on a jeho poddan\u00ed\/,\u00a0 na rozd\u00edl od sou\u010dasn\u00e9 vl\u00e1dy, kter\u00e1 tento po\u017e\u00e1r bude maxim\u00e1ln\u011b podporovat.<\/p>\n<p>Tak\u017ee d\u00edky katastrof\u00e1ln\u00edmu zhor\u0161ov\u00e1n\u00ed \u017eivotn\u00ed \u00farovn\u011b, kter\u00e9 n\u00e1s \u010dek\u00e1, bude aspo\u0148 n\u011bkter\u00fdm lidem doch\u00e1zet, \u017ee tyto strany jsou nevoliteln\u00e9. Tak\u017ee je pravd\u011bpodobn\u00e9, \u017ee Bure\u0161 bude m\u00edt tentokr\u00e1t mnohem v\u00edc hlas\u016f. A nen\u00ed vylou\u010deno, \u017ee se do parlamentu op\u011bt vr\u00e1t\u00ed KS\u010cM, p\u0159\u00edpadn\u011b nevoliteln\u00e1 \u010cSSD. Tak\u017ee tentokr\u00e1t se Andrej m\u016f\u017ee spojit s n\u011bkterou z t\u011bchto stran.<\/p>\n<p>Jak je mo\u017en\u00e9, \u017ee t\u0159i \u010dtvrtiny n\u00e1roda se nech\u00e1 ovlivnit medii a vol\u00ed politiky, kter\u00e9 \u0161kod\u00ed i jim? Nebo jsou takov\u00ed hlup\u00e1ci, kte\u0159\u00ed nejsou schopni pochopit, \u017ee je takov\u00e9 strany p\u0159iv\u00e1d\u00ed do b\u00eddy a do hybridn\u00ed a dokonce ob\u010dansk\u00e9 v\u00e1lky?<\/p>\n<p>Mimochodem, nesoud\u00ed D\u017eamila n\u00e1hodou abstinenta Va\u0161ka?<\/p>\n<p><strong>Miroslav Petr<\/strong><\/p>\n<p>&nbsp;<\/p>\n<p>&nbsp;<\/p>\n","protected":false},"excerpt":{"rendered":"<p>Minule jsem psal o tom, \u017ee je ot\u00e1zkou \u010dasu, kdy se takov\u00e1 koalice rozpadne, d\u00edky&#8230;<\/p>\n","protected":false},"author":2,"featured_media":715,"comment_status":"closed","ping_status":"closed","sticky":false,"template":"","format":"standard","meta":[],"categories":[6],"tags":[29,27],"_links":{"self":[{"href":"https:\/\/www.infokuryr.cz\/n\/wp-json\/wp\/v2\/posts\/5398"}],"collection":[{"href":"https:\/\/www.infokuryr.cz\/n\/wp-json\/wp\/v2\/posts"}],"about":[{"href":"https:\/\/www.infokuryr.cz\/n\/wp-json\/wp\/v2\/types\/post"}],"author":[{"embeddable":true,"href":"https:\/\/www.infokuryr.cz\/n\/wp-json\/wp\/v2\/users\/2"}],"replies":[{"embeddable":true,"href":"https:\/\/www.infokuryr.cz\/n\/wp-json\/wp\/v2\/comments?post=5398"}],"version-history":[{"count":0,"href":"https:\/\/www.infokuryr.cz\/n\/wp-json\/wp\/v2\/posts\/5398\/revisions"}],"wp:featuredmedia":[{"embeddable":true,"href":"https:\/\/www.infokuryr.cz\/n\/wp-json\/wp\/v2\/media\/715"}],"wp:attachment":[{"href":"https:\/\/www.infokuryr.cz\/n\/wp-json\/wp\/v2\/media?parent=5398"}],"wp:term":[{"taxonomy":"category","embeddable":true,"href":"https:\/\/www.infokuryr.cz\/n\/wp-json\/wp\/v2\/categories?post=5398"},{"taxonomy":"post_tag","embeddable":true,"href":"https:\/\/www.infokuryr.cz\/n\/wp-json\/wp\/v2\/tags?post=5398"}],"curies":[{"name":"wp","href":"https:\/\/api.w.org\/{rel}","templated":true}]}}