{"id":5393,"date":"2021-10-15T04:25:06","date_gmt":"2021-10-15T02:25:06","guid":{"rendered":"http:\/\/www.infokuryr.cz\/n\/?p=5393"},"modified":"2021-10-15T04:25:06","modified_gmt":"2021-10-15T02:25:06","slug":"nevidany-utok-nezletileho-v-cesku-14lety-chlapec-nozem-zautocil-na-dva-spoluzaky-jsou-zraneni","status":"publish","type":"post","link":"https:\/\/www.infokuryr.cz\/n\/2021\/10\/15\/nevidany-utok-nezletileho-v-cesku-14lety-chlapec-nozem-zautocil-na-dva-spoluzaky-jsou-zraneni\/","title":{"rendered":"Nev\u00eddan\u00fd \u00fatok nezletil\u00e9ho v \u010cesku: 14let\u00fd chlapec no\u017eem za\u00fato\u010dil na dva spolu\u017e\u00e1ky. Jsou zran\u011bn\u00ed"},"content":{"rendered":"<div id=\"fb-root\"><\/div>\n<p><strong>U\u017e i v \u010cesku se d\u011bj\u00ed p\u0159\u00edpady, kter\u00fdm se jen st\u011b\u017e\u00ed v\u011b\u0159\u00ed. Dnes se toti\u017e objevily informace o tom, \u017ee \u010dtrn\u00e1ctilet\u00fd chlapec na z\u00e1kladn\u00ed \u0161kole v Sedl\u010danech na P\u0159\u00edbramsku no\u017eem za\u00fato\u010dil na sv\u00e9 dva spolu\u017e\u00e1ky. Oba zranil, ale na\u0161t\u011bst\u00ed se jednalo o povrchov\u00e1 zran\u011bn\u00ed, kter\u00e1 nepot\u0159ebovala l\u00e9ka\u0159sk\u00e9 o\u0161et\u0159en\u00ed.<\/strong><\/p>\n<p>T\u00edmto neobvykl\u00fdm p\u0159\u00edpadem se ji\u017e zab\u00fdvaj\u00ed\u00a0policist\u00e9, jak prozradila policejn\u00ed mluv\u010d\u00ed Michaela Richterov\u00e1.<\/p>\n<p>\u201ePolicie dnes p\u0159ijala ozn\u00e1men\u00ed o incidentu, k n\u011bmu\u017e do\u0161lo mezi t\u0159emi \u017e\u00e1ky \u0161koly. Podle prvotn\u00edch zji\u0161t\u011bn\u00ed \u010dtrn\u00e1ctilet\u00fd chlapec napadl b\u011bhem pobytu ve \u0161kole no\u017eem sv\u00e9 dva spolu\u017e\u00e1ky. Zran\u011bn\u00ed, kter\u00e1 jim zp\u016fsobil, byla povrchov\u00e1 a nevy\u017e\u00e1dala si l\u00e9ka\u0159sk\u00e9 o\u0161et\u0159en\u00ed,\u201c prozradila mluv\u010d\u00ed.<\/p>\n<p>Uv\u00e1d\u00ed se, \u017ee kriminalist\u00e9 p\u0159i vy\u0161et\u0159ov\u00e1n\u00ed p\u0159\u00edpadu po\u017e\u00e1dali o pomoc pedagogy a veden\u00ed \u0161koly. V pl\u00e1nu jsou v\u00fdslechy v\u0161ech \u00fa\u010dastn\u00edk\u016f\u00a0incidentu\u00a0i sv\u011bdk\u016f.<\/p>\n<p>\u201eS ohledem na jejich n\u00edzk\u00fd v\u011bk nebudeme poskytovat detailn\u011bj\u0161\u00ed informace,\u201c dodala Richterov\u00e1.<\/p>\n<p>Nicm\u00e9n\u011b, nen\u00ed to prvn\u00ed takov\u00fd p\u0159\u00edpad v \u010cesku. P\u0159ipome\u0148me, \u017ee n\u011bco podobn\u00e9ho se odehr\u00e1lo tak\u00e9 letos v \u010dervnu na jedn\u00e9 z p\u0159\u00edbramsk\u00fdch \u0161kol. Tam tehdy dvan\u00e1ctilet\u00fd chlapec\u00a0<strong>napadl no\u017eem\u00a0<\/strong>spolu\u017e\u00e1ka a zp\u016fsobil mu zran\u011bn\u00ed na noze. Zran\u011bn\u00ed vy\u017eadovalo o\u0161et\u0159en\u00ed v nemocnici, a n\u00e1sledn\u011b byl \u017e\u00e1k propu\u0161t\u011bn do dom\u00e1c\u00ed p\u00e9\u010de.<\/p>\n<p><a href=\"https:\/\/cz.sputniknews.com\/20211014\/nevidany-utok-nezletileho-v-cesku-14lety-chlapec-nozem-zautocil-na-dva-spoluzaky-jsou-zraneni-16173293.html\">ZDROJ<\/a><\/p>\n<p>&nbsp;<\/p>\n","protected":false},"excerpt":{"rendered":"<p>U\u017e i v \u010cesku se d\u011bj\u00ed p\u0159\u00edpady, kter\u00fdm se jen st\u011b\u017e\u00ed v\u011b\u0159\u00ed. Dnes se toti\u017e&#8230;<\/p>\n","protected":false},"author":2,"featured_media":4703,"comment_status":"closed","ping_status":"closed","sticky":false,"template":"","format":"standard","meta":[],"categories":[6],"tags":[1322,723],"_links":{"self":[{"href":"https:\/\/www.infokuryr.cz\/n\/wp-json\/wp\/v2\/posts\/5393"}],"collection":[{"href":"https:\/\/www.infokuryr.cz\/n\/wp-json\/wp\/v2\/posts"}],"about":[{"href":"https:\/\/www.infokuryr.cz\/n\/wp-json\/wp\/v2\/types\/post"}],"author":[{"embeddable":true,"href":"https:\/\/www.infokuryr.cz\/n\/wp-json\/wp\/v2\/users\/2"}],"replies":[{"embeddable":true,"href":"https:\/\/www.infokuryr.cz\/n\/wp-json\/wp\/v2\/comments?post=5393"}],"version-history":[{"count":0,"href":"https:\/\/www.infokuryr.cz\/n\/wp-json\/wp\/v2\/posts\/5393\/revisions"}],"wp:featuredmedia":[{"embeddable":true,"href":"https:\/\/www.infokuryr.cz\/n\/wp-json\/wp\/v2\/media\/4703"}],"wp:attachment":[{"href":"https:\/\/www.infokuryr.cz\/n\/wp-json\/wp\/v2\/media?parent=5393"}],"wp:term":[{"taxonomy":"category","embeddable":true,"href":"https:\/\/www.infokuryr.cz\/n\/wp-json\/wp\/v2\/categories?post=5393"},{"taxonomy":"post_tag","embeddable":true,"href":"https:\/\/www.infokuryr.cz\/n\/wp-json\/wp\/v2\/tags?post=5393"}],"curies":[{"name":"wp","href":"https:\/\/api.w.org\/{rel}","templated":true}]}}