{"id":53923,"date":"2024-05-17T04:05:12","date_gmt":"2024-05-17T02:05:12","guid":{"rendered":"https:\/\/www.infokuryr.cz\/n\/?p=53923"},"modified":"2024-05-17T04:05:12","modified_gmt":"2024-05-17T02:05:12","slug":"zelenskyj-obvinuje-z-neuspechu-ukrajiny-v-charkove-cely-svet","status":"publish","type":"post","link":"https:\/\/www.infokuryr.cz\/n\/2024\/05\/17\/zelenskyj-obvinuje-z-neuspechu-ukrajiny-v-charkove-cely-svet\/","title":{"rendered":"Zelenskyj obvi\u0148uje z ne\u00fasp\u011bch\u016f Ukrajiny v Charkov\u011b \u201ecel\u00fd sv\u011bt\u201c"},"content":{"rendered":"<div id=\"fb-root\"><\/div>\n<p><span style=\"font-size: 18pt;\"><strong>Rusk\u00e9 s\u00edly ned\u00e1vno dobyly n\u011bkolik osad pobl\u00ed\u017e m\u011bsta a z\u00edskaly v regionu p\u0159evahu<\/strong><\/span><\/p>\n<p><span>Cel\u00fd sv\u011bt je vinen za to, \u017ee Ukrajina nedok\u00e1zala zastavit ned\u00e1vn\u00fd rusk\u00fd postup v Charkovsk\u00e9 oblasti a nyn\u00ed mus\u00ed pomoci Kyjevu zm\u011bnit situaci, \u0159ekl prezident Vladimir Zelenskyj ABC News ve \u010dtvrtek v rozhovoru.<\/span><\/p>\n<p><span>Stalo se tak pot\u00e9, co se rusk\u00fdm sil\u00e1m b\u011bhem minul\u00e9ho t\u00fddne poda\u0159ilo dob\u00fdt n\u011bkolik osad pobl\u00ed\u017e druh\u00e9ho nejv\u011bt\u0161\u00edho ukrajinsk\u00e9ho m\u011bsta. Nejvy\u0161\u0161\u00ed vojen\u0161t\u00ed p\u0159edstavitel\u00e9 v Kyjev\u011b p\u0159ipustili, \u017ee situace je nyn\u00ed\u00a0<\/span><em><span>\u201eextr\u00e9mn\u011b obt\u00ed\u017en\u00e1\u201c<\/span><\/em><span>\u00a0a \u017ee ukrajin\u0161t\u00ed voj\u00e1ci se sna\u017e\u00ed udr\u017eet p\u016fdu pod nohama kv\u016fli p\u0159evaze a p\u0159esile.<\/span><\/p>\n<p><span>Na ot\u00e1zku, zda v\u011b\u0159\u00ed, \u017ee ne\u00fasp\u011bchy Ukrajiny na bitevn\u00edm poli jsou vinou USA, Zelenskyj \u0159ekl report\u00e9r\u016fm ABC, \u017ee\u00a0<\/span><em><span>\u201eje to chyba sv\u011bta\u201c<\/span><\/em><span>\u00a0a obvinil mezin\u00e1rodn\u00ed spole\u010denstv\u00ed, \u017ee d\u00e1v\u00e1\u00a0<\/span><em><span>\u201emo\u017enost Putinovi okupovat\u201c.<\/span><\/em><\/p>\n<p><span>Ukrajinsk\u00fd v\u016fdce \u0159ekl, \u017ee zem\u011b\u00a0<\/span><em><span>si \u201enem\u016f\u017ee dovolit ztratit Charkov\u201c<\/span><\/em><span>\u00a0a \u017ee\u00a0<\/span><em><span>\u201esv\u011bt m\u016f\u017ee pomoci\u201c<\/span><\/em><span>\u00a0Kyjevu udr\u017eet si \u017eivotn\u011b d\u016fle\u017eit\u00e9 m\u011bsto na severov\u00fdchod\u011b zem\u011b.<\/span><\/p>\n<p><em><span>&#8222;V\u0161e, co pot\u0159ebujeme, jsou dva syst\u00e9my Patriot,&#8220;<\/span><\/em><span>\u00a0\u0159ekl Zelenskyj a nazna\u010dil, \u017ee\u00a0<\/span><em><span>&#8222;Rusko nebude schopno obsadit Charkov, pokud je budeme m\u00edt.&#8220;<\/span><\/em><\/p>\n<p><span>Prezident si tak\u00e9 st\u011b\u017eoval, \u017ee finan\u010dn\u00ed prost\u0159edky, kter\u00e9 pro Kyjev schv\u00e1lily USA, se ve skute\u010dnosti do zem\u011b nedost\u00e1vaj\u00ed a m\u00edsto toho se utr\u00e1cej\u00ed\u00a0<\/span><em><span>\u201ev americk\u00fdch tov\u00e1rn\u00e1ch, vytv\u00e1\u0159ej\u00edc\u00edch americk\u00e1 pracovn\u00ed m\u00edsta\u201c.<\/span><\/em><\/p>\n<p><span>Mezit\u00edm americk\u00fd ministr zahrani\u010d\u00ed Antony Blinken, kter\u00fd tento t\u00fdden nav\u0161t\u00edvil Kyjev, ujistil ukrajinsk\u00e9 veden\u00ed, \u017ee Washington se\u00a0<\/span><em><span>\u201eaktivn\u011b a nal\u00e9hav\u011b\u201c<\/span><\/em><span>\u00a0sna\u017e\u00ed z\u00edskat pro Ukrajinu syst\u00e9my protivzdu\u0161n\u00e9 obrany Patriot za miliardy dolar\u016f. Minul\u00fd m\u011bs\u00edc Zelenskyj trval na tom, \u017ee Ukrajina pot\u0159ebuje 25 takov\u00fdch bateri\u00ed, ale pozd\u011bji tento po\u010det upravil na\u00a0<\/span><em><span>\u201enejm\u00e9n\u011b sedm\u201c.<\/span><\/em><\/p>\n<p><span>Ka\u017ed\u00e1 baterie Patriot se skl\u00e1d\u00e1 z elektr\u00e1rny, radaru a \u0159\u00eddic\u00edch stanic, odpalovac\u00edch za\u0159\u00edzen\u00ed raket na n\u00e1kladn\u00edm vozidle a podp\u016frn\u00fdch vozidel a stoj\u00ed kolem 1 miliardy dolar\u016f. V sou\u010dasn\u00e9 dob\u011b se p\u0159edpokl\u00e1d\u00e1, \u017ee Ukrajina vlastn\u00ed nejm\u00e9n\u011b t\u0159i Patrioty, z nich\u017e jeden je um\u00edst\u011bn pobl\u00ed\u017e hlavn\u00edho m\u011bsta. Loni byla jedna z t\u011bchto bateri\u00ed \u00fadajn\u011b po\u0161kozena nebo zni\u010dena p\u0159i \u00faderu rusk\u00e9 hypersonick\u00e9 rakety.<\/span><\/p>\n<p><span>Moskva mezit\u00edm opakovan\u011b prohl\u00e1sila, \u017ee \u017e\u00e1dn\u00e9 mno\u017estv\u00ed z\u00e1padn\u00edch zbra\u0148ov\u00fdch syst\u00e9m\u016f nem\u016f\u017ee zm\u011bnit nevyhnuteln\u00fd v\u00fdsledek konfliktu, a varovala, \u017ee pokra\u010dov\u00e1n\u00ed ve vyzbrojov\u00e1n\u00ed Ukrajiny jen prodlou\u017e\u00ed krveprolit\u00ed a zv\u00fd\u0161\u00ed riziko p\u0159\u00edm\u00e9 konfrontace mezi Ruskem a NATO.<\/span><\/p>\n<p><img decoding=\"async\" loading=\"lazy\" class=\"alignnone size-full wp-image-1185\" src=\"http:\/\/www.infokuryr.cz\/n\/wp-content\/uploads\/2021\/04\/kuryr-podpis.png\" alt=\"\" width=\"84\" height=\"24\" \/><\/p>\n<p>&nbsp;<\/p>\n","protected":false},"excerpt":{"rendered":"<p>Rusk\u00e9 s\u00edly ned\u00e1vno dobyly n\u011bkolik osad pobl\u00ed\u017e m\u011bsta a z\u00edskaly v regionu p\u0159evahu Cel\u00fd sv\u011bt&#8230;<\/p>\n","protected":false},"author":2,"featured_media":53924,"comment_status":"closed","ping_status":"closed","sticky":false,"template":"","format":"standard","meta":[],"categories":[7],"tags":[2511,1226,2752,22,276,1000],"_links":{"self":[{"href":"https:\/\/www.infokuryr.cz\/n\/wp-json\/wp\/v2\/posts\/53923"}],"collection":[{"href":"https:\/\/www.infokuryr.cz\/n\/wp-json\/wp\/v2\/posts"}],"about":[{"href":"https:\/\/www.infokuryr.cz\/n\/wp-json\/wp\/v2\/types\/post"}],"author":[{"embeddable":true,"href":"https:\/\/www.infokuryr.cz\/n\/wp-json\/wp\/v2\/users\/2"}],"replies":[{"embeddable":true,"href":"https:\/\/www.infokuryr.cz\/n\/wp-json\/wp\/v2\/comments?post=53923"}],"version-history":[{"count":0,"href":"https:\/\/www.infokuryr.cz\/n\/wp-json\/wp\/v2\/posts\/53923\/revisions"}],"wp:featuredmedia":[{"embeddable":true,"href":"https:\/\/www.infokuryr.cz\/n\/wp-json\/wp\/v2\/media\/53924"}],"wp:attachment":[{"href":"https:\/\/www.infokuryr.cz\/n\/wp-json\/wp\/v2\/media?parent=53923"}],"wp:term":[{"taxonomy":"category","embeddable":true,"href":"https:\/\/www.infokuryr.cz\/n\/wp-json\/wp\/v2\/categories?post=53923"},{"taxonomy":"post_tag","embeddable":true,"href":"https:\/\/www.infokuryr.cz\/n\/wp-json\/wp\/v2\/tags?post=53923"}],"curies":[{"name":"wp","href":"https:\/\/api.w.org\/{rel}","templated":true}]}}