{"id":53873,"date":"2024-05-17T00:51:57","date_gmt":"2024-05-16T22:51:57","guid":{"rendered":"https:\/\/www.infokuryr.cz\/n\/?p=53873"},"modified":"2024-05-16T16:32:53","modified_gmt":"2024-05-16T14:32:53","slug":"andrew-korybko-byvaly-ukrajinsky-poslanec-odpiskal-spojeni-burismy-s-terorismem","status":"publish","type":"post","link":"https:\/\/www.infokuryr.cz\/n\/2024\/05\/17\/andrew-korybko-byvaly-ukrajinsky-poslanec-odpiskal-spojeni-burismy-s-terorismem\/","title":{"rendered":"Andrew Korybko: B\u00fdval\u00fd ukrajinsk\u00fd poslanec odp\u00edskal spojen\u00ed Burismy s terorismem"},"content":{"rendered":"<div id=\"fb-root\"><\/div>\n<p><strong>\u0160p\u00edna, kterou Andrey Derkach sd\u00edlel o Hunterov\u011b korup\u010dn\u00edm skand\u00e1lu Burisma, z n\u011bj ud\u011blala nep\u0159\u00edtele americk\u00e9 a ukrajinsk\u00e9 vl\u00e1dy.<\/strong><\/p>\n<p>B\u00fdval\u00fd ukrajinsk\u00fd poslanec Andrey Derkach, kter\u00e9ho Bidenova administrativa kritizuje za to, \u017ee p\u0159ed volbami v roce 2020 sd\u00edlel \u0161p\u00ednu o korup\u010dn\u00edm skand\u00e1lu Burisma Huntera Bidena s Trumpov\u00fdm b\u00fdval\u00fdm pr\u00e1vn\u00edkem Rudym Giulianim, pr\u00e1v\u011b poskytl velmi d\u016fle\u017eit\u00fd rozhovor b\u011blorusk\u00e9mu BelTA, kde se to rozk\u0159iklo je\u0161t\u011b hlasit\u011bji. Podle n\u011bj \u00faplatek 6 milion\u016f dolar\u016f, kter\u00fd byl zaplacen v hotovosti za zastaven\u00ed vy\u0161et\u0159ov\u00e1n\u00ed skand\u00e1lu Prvn\u00edho syna, si nakonec na\u0161el cestu k <a href=\"https:\/\/eng.belta.by\/society\/view\/politician-explains-how-burisma-company-helped-buy-drones-for-ukrainian-army-158245-2024\/\">ukrajinsk\u00fdm ozbrojen\u00fdm sil\u00e1m\u00a0<\/a>a jejich\u00a0<a href=\"https:\/\/eng.belta.by\/society\/view\/how-biden-familys-partners-sponsored-ukrainian-terrorism-via-burisma-company-158241-2024\/\">vojensko-zpravodajsk\u00e9 slu\u017eb\u011b\u00a0<\/a>.<\/p>\n<p>Derkach tvrdil, \u017ee m\u00e1 d\u016fkaz o tajn\u00e9m soudn\u00edm p\u0159\u00edkazu, kter\u00fd rozd\u011blil tyto prost\u0159edky mezi tyto dva, p\u0159i\u010dem\u017e prvn\u00ed investoval svou \u010d\u00e1st do vybudov\u00e1n\u00ed bezpilotn\u00ed arm\u00e1dy sv\u00e9 zem\u011b, zat\u00edmco druh\u00fd financoval teroristick\u00e9 \u00fatoky, jako je atent\u00e1t\u00a0<a href=\"https:\/\/korybko.substack.com\/p\/the-assassination-of-alexander-dugins\">na Darju Duginovou\u00a0<\/a>, o kter\u00e9m se konkr\u00e9tn\u011b zm\u00ednil v dokumentu. rozhovor. Tato obvin\u011bn\u00ed roz\u0161i\u0159uj\u00ed ta, kter\u00e1 sd\u00edlel na za\u010d\u00e1tku tohoto roku ohledn\u011b skute\u010dn\u00e9ho dopadu Hunterova korup\u010dn\u00edho skand\u00e1lu, kter\u00e1\u00a0<a href=\"https:\/\/korybko.substack.com\/p\/biden-wont-be-removed-for-corruption\">zde byla\u00a0<\/a>v t\u00e9 dob\u011b analyzov\u00e1na.<\/p>\n<p>Na t\u00e9ma ukrajinsk\u00fdch atent\u00e1t\u016f a terorismu Derkach \u0159ekl, \u017ee CIA a FBI ve skute\u010dnosti\u00a0<a href=\"https:\/\/eng.belta.by\/society\/view\/fbi-cia-condone-political-assassinations-terrorist-attacks-by-ukraines-security-agencies-158260-2024\/\">tyto \u010diny p\u0159ehl\u00ed\u017eej\u00ed\u00a0<\/a>navzdory jejich ve\u0159ejn\u00fdm tvrzen\u00edm o opaku, ale varoval, \u017ee tato nemor\u00e1ln\u00ed politika se nevyhnuteln\u011b odraz\u00ed i na samotn\u00fdch USA. Zejm\u00e9na citoval\u00a0<a href=\"https:\/\/nypost.com\/2024\/04\/11\/us-news\/fbi-chief-wray-warns-of-co-ordinated-attack-on-us-weeks-after-moscow-concert-hall-horror\/\">sv\u011bdectv\u00ed \u0161\u00e9fa FBI Christophera Wraye\u00a0<\/a>v Kongresu loni v dubnu, kde \u0159ekl, \u017ee \u00fa\u0159edn\u00edci \u010dinn\u00ed v trestn\u00edm \u0159\u00edzen\u00ed se ob\u00e1vaj\u00ed, \u017ee proti jejich zemi jsou v sou\u010dasnosti p\u0159ipravov\u00e1ny \u00fatoky podobn\u00e9 krokus\u016fm.<\/p>\n<p>O tom by se nem\u011blo zapom\u00ednat, \u017ee ukrajinsk\u00e1 vojensk\u00e1 zpravodajsk\u00e1 slu\u017eba GUR je hlavn\u00edm\u00a0<a href=\"https:\/\/korybko.substack.com\/p\/heres-why-ukraines-gur-and-not-isis\">podez\u0159el\u00fdm\u00a0<\/a><a href=\"https:\/\/korybko.substack.com\/p\/did-the-us-first-catch-wind-of-the\">z\u00a0<\/a>rusk\u00e9ho vy\u0161et\u0159ov\u00e1n\u00ed toho, co se stalo\u00a0<a href=\"https:\/\/korybko.substack.com\/p\/the-us-latest-crocus-claim-makes\">jedn\u00edm z nejhor\u0161\u00edch teroristick\u00fdch \u00fatok\u016f\u00a0<\/a>v jeho historii, co\u017e znamen\u00e1, \u017ee \u010d\u00e1st \u00faplatku Burisma ve v\u00fd\u0161i 6 milion\u016f dolar\u016f, kter\u00e1 se dostala do jejich rukou pravd\u011bpodobn\u011b \u010d\u00e1st \u00fatoku financovaly. Jin\u00fdmi slovy, v\u00fdsledkem t\u0159et\u00edho \u0159\u00e1du Hunterova korup\u010dn\u00edho skand\u00e1lu je, \u017ee byl \u010d\u00e1ste\u010dn\u011b zodpov\u011bdn\u00fd za brut\u00e1ln\u00ed vra\u017edy nevinn\u00fdch civilist\u016f na p\u016fli sv\u011bta o n\u011bkolik let pozd\u011bji.<\/p>\n<p>To u\u017e je dost skand\u00e1ln\u00ed, ale Derkach sd\u00edlel je\u0161t\u011b v\u00edce podrobnost\u00ed o dal\u0161\u00edch nep\u0159\u00edm\u00fdch d\u016fsledc\u00edch tohoto zakr\u00fdv\u00e1n\u00ed nez\u00e1konn\u00fdch aktivit Prvn\u00edho syna a dodal, \u017ee n\u011bkter\u00e9 postavy spojen\u00e9 s GUR byly spojeny se z\u00e1padn\u00edm p\u0159\u00edb\u011bhem o\u00a0<a href=\"https:\/\/korybko.substack.com\/p\/the-anglo-american-axis-benefits\">teroristick\u00e9m \u00fatoku Nord Stream ze z\u00e1\u0159\u00ed 2022\u00a0<\/a>. Pova\u017euje tento p\u0159\u00edb\u011bh za odveden\u00ed pozornosti od spolu\u00fa\u010dasti USA, jeho\u017e n\u00e1zor\u00a0<a href=\"https:\/\/korybko.substack.com\/p\/the-us-latest-disinfo-campaign-about\">zde byl rozveden\u00a0<\/a>v dob\u011b, kdy vstoupil do diskurzu, ale\u00a0<a href=\"https:\/\/eng.belta.by\/society\/view\/how-us-security-agencies-used-ukrainian-saboteurs-to-cover-up-explosions-at-nord-streams-158243-2024\/\">chv\u00e1lil CIA\u00a0<\/a>za to, jak dlouho se sna\u017eila zakr\u00fdt svou roli.<\/p>\n<p>Podle jeho n\u00e1zoru mohla CIA velmi dob\u0159e poslat vysoce vycvi\u010den\u00fd ukrajinsk\u00fd pot\u00e1p\u011b\u010dsk\u00fd t\u00fdm do Baltsk\u00e9ho mo\u0159e p\u0159esn\u011b tak, jak informovala z\u00e1padn\u00ed m\u00e9dia, i kdy\u017e pouze proto, aby nastra\u017eili fale\u0161n\u00e9 bomby. Podle jeho slov \u201ekdy\u017e se d\u011bl\u00e1 kryc\u00ed p\u0159\u00edb\u011bh, d\u011bl\u00e1 se docela dob\u0159e. Nem\u011bli bychom zleh\u010dovat zku\u0161enosti CIA nebo MI6 p\u0159i p\u0159\u00edprav\u011b kryc\u00edch operac\u00ed. Maj\u00ed pom\u011brn\u011b hodn\u011b zku\u0161enost\u00ed s pou\u017e\u00edv\u00e1n\u00edm proxy, s pou\u017e\u00edv\u00e1n\u00edm kryc\u00edch p\u0159\u00edb\u011bh\u016f k vytvo\u0159en\u00ed ur\u010dit\u00e9 pozice, aby se vyhnuli odpov\u011bdnosti. Tohle se vlastn\u011b stalo.&#8220;<\/p>\n<p>Derkach o\u010dek\u00e1v\u00e1, \u017ee se Ukrajina pokus\u00ed o\u00a0<a href=\"https:\/\/korybko.substack.com\/p\/analyzing-belarus-claim-of-recently\">dal\u0161\u00ed teroristick\u00e9 \u00fatoky\u00a0<\/a>proti Rusku, co\u017e je americk\u00e1 ve\u0159ejnost\u00a0<a href=\"https:\/\/eng.belta.by\/society\/view\/derkach-us-public-is-being-convinced-of-the-need-to-launch-terrorist-attacks-against-union-state-158257-2024\/\">p\u0159ipravena p\u0159ijmout\u00a0<\/a>prost\u0159ednictv\u00edm r\u016fzn\u00fdch \u00fanik\u016f informac\u00ed CIA do m\u00e9di\u00ed. Zat\u00edmco mnoz\u00ed by za to v\u0161echno mohli svalit vinu na Zelensk\u00e9ho kl\u00edn, Derkach v\u011b\u0159\u00ed, \u017ee je to ve skute\u010dnosti jeho n\u00e1\u010deln\u00edk \u0161t\u00e1bu Andrey Yermak, kdo\u00a0<a href=\"https:\/\/www.belta.by\/society\/view\/zelenskij-eto-avatar-derkach-rasskazal-kto-na-samom-dele-rukovodit-ukrainoj-634548-2024\/\">\u0159\u00edd\u00ed show\u00a0<\/a>, i kdy\u017e jako z\u00e1padn\u00ed loutka. Nicm\u00e9n\u011b je tak\u00e9 p\u0159esv\u011bd\u010den, \u017ee Z\u00e1pad se skute\u010dn\u011b\u00a0<a href=\"https:\/\/korybko.substack.com\/p\/russia-hopes-to-influence-ukraines\">p\u0159ipravuje na form\u00e1ln\u00ed nahrazen\u00ed\u00a0<\/a>Zelensk\u00e9ho, ale zat\u00edm nev\u00ed kdy a s k\u00fdm.<\/p>\n<p>D\u016fle\u017eitost Derkachova rozhovoru spo\u010d\u00edv\u00e1 v tom, \u017ee jde o b\u00fdval\u00e9ho zku\u0161en\u00e9ho ukrajinsk\u00e9ho politika, kter\u00fd si st\u00e1le uchov\u00e1v\u00e1 mnoho zdroj\u016f uvnit\u0159 re\u017eimu, proto\u017ee v letech 1998-2020 slou\u017eil v Rad\u011b neuv\u011b\u0159iteln\u00fdch 22 let. Zat\u00edmco jeho vlast ho obvinila z\u00a0<a href=\"https:\/\/www.bbc.com\/news\/world-europe-67425906\">velezrady\u00a0<\/a>pot\u00e9, co na za\u010d\u00e1tku roku 2022 uprchl do Ruska, co\u017e n\u00e1sledovalo po USA, kter\u00e9 ho v z\u00e1\u0159\u00ed 2020 obvinily z\u00a0<a href=\"https:\/\/home.treasury.gov\/news\/press-releases\/sm1118\">vm\u011b\u0161ov\u00e1n\u00ed do voleb\u00a0<\/a>jm\u00e9nem t\u00e9to zem\u011b, lze argumentovat, \u017ee jde o politicky motivovan\u00e9 pokusy zastra\u0161it p\u0159edn\u00edho inform\u00e1tora.<\/p>\n<p>\u0160p\u00edna, kterou Derkach sd\u00edlel o Hunterov\u011b korup\u010dn\u00edm skand\u00e1lu Burisma, nemluv\u011b o jeho nov\u011b odhalen\u00fdch \u00fa\u010dinc\u00edch t\u0159et\u00edho \u0159\u00e1du, kter\u00e9 vedly k brut\u00e1ln\u00edmu zab\u00edjen\u00ed civilist\u016f na p\u016flce sv\u011bta pot\u00e9, co se \u010d\u00e1st \u00faplatku jeho spole\u010dnosti dostala do rukou GUR, z n\u011bj ud\u011blala nep\u0159\u00edtele. vl\u00e1dy USA. Oni a jejich ukrajin\u0161t\u00ed zmocn\u011bnci se ho proto budou v\u017edy sna\u017eit zdiskreditovat senza\u010dn\u00edmi na\u0159\u010den\u00edmi, ale ka\u017ed\u00fd by ud\u011blal dob\u0159e, kdyby si poslechl, co \u0159\u00edk\u00e1, a pak si ud\u011blal vlastn\u00ed n\u00e1zor.<\/p>\n<p><a href=\"https:\/\/korybko.substack.com\/p\/a-former-ukrainian-mp-blew-the-whistle\">Andrew Korybko, PhD<\/a><\/p>\n<p><img decoding=\"async\" loading=\"lazy\" class=\"alignnone wp-image-22017\" src=\"http:\/\/www.infokuryr.cz\/n\/wp-content\/uploads\/2023\/01\/andrew-korybko-300x300.jpg\" alt=\"\" width=\"192\" height=\"192\" srcset=\"https:\/\/www.infokuryr.cz\/n\/wp-content\/uploads\/2023\/01\/andrew-korybko-300x300.jpg 300w, https:\/\/www.infokuryr.cz\/n\/wp-content\/uploads\/2023\/01\/andrew-korybko-150x150.jpg 150w, https:\/\/www.infokuryr.cz\/n\/wp-content\/uploads\/2023\/01\/andrew-korybko.jpg 400w\" sizes=\"(max-width: 192px) 100vw, 192px\" \/><\/p>\n<p>&nbsp;<\/p>\n","protected":false},"excerpt":{"rendered":"<p>\u0160p\u00edna, kterou Andrey Derkach sd\u00edlel o Hunterov\u011b korup\u010dn\u00edm skand\u00e1lu Burisma, z n\u011bj ud\u011blala nep\u0159\u00edtele americk\u00e9&#8230;<\/p>\n","protected":false},"author":2,"featured_media":53874,"comment_status":"closed","ping_status":"closed","sticky":false,"template":"","format":"standard","meta":[],"categories":[7],"tags":[1042,72,5189,207,26],"_links":{"self":[{"href":"https:\/\/www.infokuryr.cz\/n\/wp-json\/wp\/v2\/posts\/53873"}],"collection":[{"href":"https:\/\/www.infokuryr.cz\/n\/wp-json\/wp\/v2\/posts"}],"about":[{"href":"https:\/\/www.infokuryr.cz\/n\/wp-json\/wp\/v2\/types\/post"}],"author":[{"embeddable":true,"href":"https:\/\/www.infokuryr.cz\/n\/wp-json\/wp\/v2\/users\/2"}],"replies":[{"embeddable":true,"href":"https:\/\/www.infokuryr.cz\/n\/wp-json\/wp\/v2\/comments?post=53873"}],"version-history":[{"count":1,"href":"https:\/\/www.infokuryr.cz\/n\/wp-json\/wp\/v2\/posts\/53873\/revisions"}],"predecessor-version":[{"id":53875,"href":"https:\/\/www.infokuryr.cz\/n\/wp-json\/wp\/v2\/posts\/53873\/revisions\/53875"}],"wp:featuredmedia":[{"embeddable":true,"href":"https:\/\/www.infokuryr.cz\/n\/wp-json\/wp\/v2\/media\/53874"}],"wp:attachment":[{"href":"https:\/\/www.infokuryr.cz\/n\/wp-json\/wp\/v2\/media?parent=53873"}],"wp:term":[{"taxonomy":"category","embeddable":true,"href":"https:\/\/www.infokuryr.cz\/n\/wp-json\/wp\/v2\/categories?post=53873"},{"taxonomy":"post_tag","embeddable":true,"href":"https:\/\/www.infokuryr.cz\/n\/wp-json\/wp\/v2\/tags?post=53873"}],"curies":[{"name":"wp","href":"https:\/\/api.w.org\/{rel}","templated":true}]}}