{"id":53864,"date":"2024-05-17T00:47:32","date_gmt":"2024-05-16T22:47:32","guid":{"rendered":"https:\/\/www.infokuryr.cz\/n\/?p=53864"},"modified":"2024-05-16T16:14:10","modified_gmt":"2024-05-16T14:14:10","slug":"ruske-ministerstvo-obrany-system-protivzdusne-obrany-tor-prokazal-ucinnost-proti-strelam-storm-shadow","status":"publish","type":"post","link":"https:\/\/www.infokuryr.cz\/n\/2024\/05\/17\/ruske-ministerstvo-obrany-system-protivzdusne-obrany-tor-prokazal-ucinnost-proti-strelam-storm-shadow\/","title":{"rendered":"Rusk\u00e9 ministerstvo obrany: Syst\u00e9m protivzdu\u0161n\u00e9 obrany Tor prok\u00e1zal \u00fa\u010dinnost proti st\u0159el\u00e1m Storm Shadow"},"content":{"rendered":"<div id=\"fb-root\"><\/div>\n<p><strong>Syst\u00e9my protivzdu\u0161n\u00e9 obrany Tor-M2 skupiny sil Vostok \u00fasp\u011b\u0161n\u011b zni\u010dily \u0159\u00edzen\u00e9 st\u0159ely Storm Shadow, informovalo rusk\u00e9 ministerstvo obrany 16. kv\u011btna.<\/strong><\/p>\n<p><em>\u201eStorm Shadow je pom\u011brn\u011b slo\u017eit\u00fd c\u00edl vypou\u0161t\u011bn\u00fd z nep\u0159\u00e1telsk\u00fdch letadel. Jsme na to upozorn\u011bni a pak se pod\u00edv\u00e1me do tohoto sektoru, odhal\u00edme ho a zni\u010d\u00edme. Slo\u017eitost tohoto c\u00edle spo\u010d\u00edv\u00e1 v tom, \u017ee let\u00ed v mal\u00e9 v\u00fd\u0161ce. Ale tento syst\u00e9m [Tor-M2] si v\u00fdborn\u011b porad\u00ed s n\u00edzko let\u00edc\u00edmi c\u00edli,\u201c citovalo ministerstvo velitele protivzdu\u0161n\u00e9 obrany s volac\u00edm znakem Balova.<\/em><\/p>\n<p>Syst\u00e9my Tor-M2 chr\u00e1nily jednotky prvn\u00edho stupn\u011b a civiln\u00ed za\u0159\u00edzen\u00ed v ji\u017en\u00edm sm\u011bru na Don\u011bck, podle velitele, kter\u00fd poznamenal, \u017ee ka\u017ed\u00fd syst\u00e9m ve v\u00fdzbroji skupiny sil Vostok m\u00e1 nyn\u00ed z\u00e1znamy o des\u00edtk\u00e1ch zni\u010den\u00fdch c\u00edl\u016f v\u010detn\u011b dron\u016f, klouzav\u00fdch ant\u00e9n. bomby, letadla a vrtuln\u00edky.<\/p>\n<p><a href=\"https:\/\/stranapro.cz\/\"><img decoding=\"async\" loading=\"lazy\" class=\"wp-image-53371 aligncenter\" src=\"http:\/\/www.infokuryr.cz\/n\/wp-content\/uploads\/2024\/05\/pro-6-volby-300x169.jpg\" alt=\"\" width=\"740\" height=\"417\" srcset=\"https:\/\/www.infokuryr.cz\/n\/wp-content\/uploads\/2024\/05\/pro-6-volby-300x169.jpg 300w, https:\/\/www.infokuryr.cz\/n\/wp-content\/uploads\/2024\/05\/pro-6-volby.jpg 785w\" sizes=\"(max-width: 740px) 100vw, 740px\" \/><\/a><\/p>\n<p>Tor-M2 je hluboce vylep\u0161en\u00e1 verze sov\u011btsk\u00e9ho syst\u00e9mu Tor st\u0159edn\u00ed nadmo\u0159sk\u00e9 v\u00fd\u0161ky s kr\u00e1tk\u00fdm dosahem. Tato verze m\u00e1 vylep\u0161en\u00e9 radarov\u00e9 pokryt\u00ed \u0159\u00edzen\u00ed palby a ochranu proti spoofingu. M\u016f\u017ee tak\u00e9 zas\u00e1hnout a\u017e \u010dty\u0159i c\u00edle sou\u010dasn\u011b.<\/p>\n<p>Hlavn\u00ed v\u00fdzbroj\u00ed Tor-M2 je st\u0159ela 9M338, kter\u00e1 m\u00e1 dolet 16 kilometr\u016f a letov\u00fd strop deset kilometr\u016f. Jeden syst\u00e9m m\u016f\u017ee b\u00fdt vyzbrojen a\u017e 16 modern\u00edmi kompaktn\u00edmi st\u0159elami.<\/p>\n<p>Storm Shadow je n\u00edzkopozorovateln\u00e1, vzduchem odpalovan\u00e1 st\u0159ela s dlouh\u00fdm dosahem vyvinut\u00e1 v 90. letech 20. stolet\u00ed spole\u010dnostmi Matra a British Aerospace a nyn\u00ed vyr\u00e1b\u011bn\u00e1 spole\u010dnost\u00ed MBDA. Je vybaven inerci\u00e1ln\u00edm naviga\u010dn\u00edm syst\u00e9mem s podporou GPS se syst\u00e9mem p\u0159izp\u016fsoben\u00ed profilu ter\u00e9nu. Pro koncov\u00e9 nav\u00e1d\u011bn\u00ed je st\u0159ela vybavena zobrazovac\u00edm infra\u010derven\u00fdm syst\u00e9mem mapov\u00e1n\u00ed oblasti mapov\u00e1n\u00ed oblasti.<\/p>\n<p>Maxim\u00e1ln\u00ed dosah Storm Shadow je 560 kilometr\u016f. P\u0159edpokl\u00e1d\u00e1 se v\u0161ak, \u017ee Ukrajina dostala sn\u00ed\u017eenou exportn\u00ed verzi s dojezdem 250 kilometr\u016f. Ukrajinsk\u00e9 letectvo \u00fadajn\u011b integrovalo 1300 kg \u0159\u00edzenou st\u0159elu na sv\u00e9 st\u00edhac\u00ed bombard\u00e9ry Su-24 ze sov\u011btsk\u00e9 \u00e9ry.<\/p>\n<p>Kyjevsk\u00e9 s\u00edly od lo\u0148sk\u00e9ho roku odp\u00e1lily des\u00edtky raket Storm Shadow na c\u00edle v oblasti Donbasu a na Krymsk\u00e9m poloostrov\u011b. V\u011bt\u0161ina \u00fatok\u016f v\u0161ak byla zma\u0159ena ruskou protivzdu\u0161nou obranou d\u00edky syst\u00e9m\u016fm jako Tor-M2.<\/p>\n<p><img decoding=\"async\" loading=\"lazy\" class=\"alignnone size-full wp-image-1185\" src=\"http:\/\/www.infokuryr.cz\/n\/wp-content\/uploads\/2021\/04\/kuryr-podpis.png\" alt=\"\" width=\"84\" height=\"24\" \/><\/p>\n<p>&nbsp;<\/p>\n","protected":false},"excerpt":{"rendered":"<p>Syst\u00e9my protivzdu\u0161n\u00e9 obrany Tor-M2 skupiny sil Vostok \u00fasp\u011b\u0161n\u011b zni\u010dily \u0159\u00edzen\u00e9 st\u0159ely Storm Shadow, informovalo rusk\u00e9&#8230;<\/p>\n","protected":false},"author":2,"featured_media":53865,"comment_status":"closed","ping_status":"closed","sticky":false,"template":"","format":"standard","meta":[],"categories":[7],"tags":[6972,349,22,4966,7307],"_links":{"self":[{"href":"https:\/\/www.infokuryr.cz\/n\/wp-json\/wp\/v2\/posts\/53864"}],"collection":[{"href":"https:\/\/www.infokuryr.cz\/n\/wp-json\/wp\/v2\/posts"}],"about":[{"href":"https:\/\/www.infokuryr.cz\/n\/wp-json\/wp\/v2\/types\/post"}],"author":[{"embeddable":true,"href":"https:\/\/www.infokuryr.cz\/n\/wp-json\/wp\/v2\/users\/2"}],"replies":[{"embeddable":true,"href":"https:\/\/www.infokuryr.cz\/n\/wp-json\/wp\/v2\/comments?post=53864"}],"version-history":[{"count":1,"href":"https:\/\/www.infokuryr.cz\/n\/wp-json\/wp\/v2\/posts\/53864\/revisions"}],"predecessor-version":[{"id":53866,"href":"https:\/\/www.infokuryr.cz\/n\/wp-json\/wp\/v2\/posts\/53864\/revisions\/53866"}],"wp:featuredmedia":[{"embeddable":true,"href":"https:\/\/www.infokuryr.cz\/n\/wp-json\/wp\/v2\/media\/53865"}],"wp:attachment":[{"href":"https:\/\/www.infokuryr.cz\/n\/wp-json\/wp\/v2\/media?parent=53864"}],"wp:term":[{"taxonomy":"category","embeddable":true,"href":"https:\/\/www.infokuryr.cz\/n\/wp-json\/wp\/v2\/categories?post=53864"},{"taxonomy":"post_tag","embeddable":true,"href":"https:\/\/www.infokuryr.cz\/n\/wp-json\/wp\/v2\/tags?post=53864"}],"curies":[{"name":"wp","href":"https:\/\/api.w.org\/{rel}","templated":true}]}}