{"id":53863,"date":"2024-05-17T00:46:25","date_gmt":"2024-05-16T22:46:25","guid":{"rendered":"https:\/\/www.infokuryr.cz\/n\/?p=53863"},"modified":"2024-05-16T16:10:59","modified_gmt":"2024-05-16T14:10:59","slug":"americka-armada-zachytila-dalsi-drony-houthi-a-zasahla-klicove-jemenske-mesto","status":"publish","type":"post","link":"https:\/\/www.infokuryr.cz\/n\/2024\/05\/17\/americka-armada-zachytila-dalsi-drony-houthi-a-zasahla-klicove-jemenske-mesto\/","title":{"rendered":"Americk\u00e1 arm\u00e1da zachytila \u200b\u200bdal\u0161\u00ed drony Houthi a zas\u00e1hla kl\u00ed\u010dov\u00e9 jemensk\u00e9 m\u011bsto"},"content":{"rendered":"<div id=\"fb-root\"><\/div>\n<p><strong><span>\u00dast\u0159edn\u00ed velen\u00ed Spojen\u00fdch st\u00e1t\u016f (CENTCOM) 16. kv\u011btna ozn\u00e1milo, \u017ee jeho s\u00edly zachytily \u010dty\u0159i bezpilotn\u00ed letouny, kter\u00e9 o den d\u0159\u00edve vypustily H\u00fas\u00edov\u00e9 (Ansar Allah).<\/span><\/strong><\/p>\n<p><span>V\u0161echny bezpilotn\u00ed letouny byly zachyceny nad oblastmi v Jemenu kontrolovan\u00fdmi Houthi, uvedlo velen\u00ed v prohl\u00e1\u0161en\u00ed bez up\u0159esn\u011bn\u00ed.<\/span><\/p>\n<p><em>&#8222;Bylo zji\u0161t\u011bno, \u017ee tyto syst\u00e9my p\u0159edstavuj\u00ed bezprost\u0159edn\u00ed hrozbu pro USA, koali\u010dn\u00ed s\u00edly a obchodn\u00ed plavidla v regionu,&#8220; uvedl CENTCOM. &#8222;Tato opat\u0159en\u00ed jsou p\u0159ij\u00edm\u00e1na s c\u00edlem chr\u00e1nit svobodu plavby a u\u010dinit mezin\u00e1rodn\u00ed vody bezpe\u010dn\u011bj\u0161\u00ed a bezpe\u010dn\u011bj\u0161\u00ed pro USA, koalice a obchodn\u00ed plavidla.&#8220;<\/em><\/p>\n<p><span>Tak\u00e9 15. kv\u011btna jemensk\u00e1 televize Al-Masirah, kterou provozuj\u00ed H\u00fas\u00edov\u00e9, uvedla, \u017ee \u201eamericko-britsk\u00e9\u201c \u00fadery zas\u00e1hly leti\u0161t\u011b p\u0159\u00edstavn\u00edho m\u011bsta Rud\u00e9ho mo\u0159e al-Hodeidah. Zpravodajsk\u00fd kan\u00e1l v\u0161ak nehl\u00e1sil \u017e\u00e1dn\u00e9 ob\u011bti.<\/span><\/p>\n<p><span>Stoj\u00ed za zm\u00ednku, \u017ee H\u00fas\u00edov\u00e9 t\u00e9ho\u017e dne ozn\u00e1mili, \u017ee za\u00fato\u010dili na v\u00e1le\u010dnou lo\u010f americk\u00e9ho n\u00e1mo\u0159nictva a obchodn\u00ed lo\u010f spojenou s Izraelem v Rud\u00e9m mo\u0159i.<\/span><\/p>\n<p><span>Houthiov\u00e9, kte\u0159\u00ed jsou podporov\u00e1ni \u00cdr\u00e1nem, provedli od lo\u0148sk\u00e9ho listopadu v\u00edce ne\u017e 150 \u00fatok\u016f proti plavidl\u016fm p\u0159idru\u017een\u00fdm k Izraeli nebo vlastn\u011bn\u00fdm USA a Spojen\u00fdm kr\u00e1lovstv\u00edm v Rud\u00e9m mo\u0159i, Adensk\u00e9m z\u00e1livu, Arabsk\u00e9m mo\u0159i a Indick\u00e9m oce\u00e1nu. reakce na izraelskou v\u00e1lku v p\u00e1smu Gazy.<\/span><\/p>\n<p><span>Krom\u011b toho skupina zah\u00e1jila p\u0159es 110 dron\u016f a raketov\u00fdch \u00fatok\u016f na nejji\u017en\u011bj\u0161\u00ed izraelsk\u00e9 m\u011bsto Ejlat a sest\u0159elila t\u0159i americk\u00e9 bojov\u00e9 drony nad Jemenem a bl\u00edzk\u00fdmi vodami.<\/span><\/p>\n<p><span>Spojen\u00e9 st\u00e1ty a Velk\u00e1 Brit\u00e1nie provedly od ledna v\u00edce ne\u017e 450 \u00fader\u016f proti oblastem v Jemenu, kter\u00e9 jsou pod kontrolou Houthi. Nejm\u00e9n\u011b 40 lid\u00ed bylo zabito a 35 dal\u0161\u00edch bylo zran\u011bno v d\u016fsledku t\u011bchto \u00fader\u016f. P\u0159esto z\u016fst\u00e1v\u00e1 skupina nezastra\u0161en\u00e1.<\/span><\/p>\n<p><img decoding=\"async\" loading=\"lazy\" class=\"alignnone size-full wp-image-1185\" src=\"http:\/\/www.infokuryr.cz\/n\/wp-content\/uploads\/2021\/04\/kuryr-podpis.png\" alt=\"\" width=\"84\" height=\"24\" \/><\/p>\n<p>&nbsp;<\/p>\n","protected":false},"excerpt":{"rendered":"<p>\u00dast\u0159edn\u00ed velen\u00ed Spojen\u00fdch st\u00e1t\u016f (CENTCOM) 16. kv\u011btna ozn\u00e1milo, \u017ee jeho s\u00edly zachytily \u010dty\u0159i bezpilotn\u00ed letouny,&#8230;<\/p>\n","protected":false},"author":2,"featured_media":45530,"comment_status":"closed","ping_status":"closed","sticky":false,"template":"","format":"standard","meta":[],"categories":[7],"tags":[2856,1400,6413,37],"_links":{"self":[{"href":"https:\/\/www.infokuryr.cz\/n\/wp-json\/wp\/v2\/posts\/53863"}],"collection":[{"href":"https:\/\/www.infokuryr.cz\/n\/wp-json\/wp\/v2\/posts"}],"about":[{"href":"https:\/\/www.infokuryr.cz\/n\/wp-json\/wp\/v2\/types\/post"}],"author":[{"embeddable":true,"href":"https:\/\/www.infokuryr.cz\/n\/wp-json\/wp\/v2\/users\/2"}],"replies":[{"embeddable":true,"href":"https:\/\/www.infokuryr.cz\/n\/wp-json\/wp\/v2\/comments?post=53863"}],"version-history":[{"count":0,"href":"https:\/\/www.infokuryr.cz\/n\/wp-json\/wp\/v2\/posts\/53863\/revisions"}],"wp:featuredmedia":[{"embeddable":true,"href":"https:\/\/www.infokuryr.cz\/n\/wp-json\/wp\/v2\/media\/45530"}],"wp:attachment":[{"href":"https:\/\/www.infokuryr.cz\/n\/wp-json\/wp\/v2\/media?parent=53863"}],"wp:term":[{"taxonomy":"category","embeddable":true,"href":"https:\/\/www.infokuryr.cz\/n\/wp-json\/wp\/v2\/categories?post=53863"},{"taxonomy":"post_tag","embeddable":true,"href":"https:\/\/www.infokuryr.cz\/n\/wp-json\/wp\/v2\/tags?post=53863"}],"curies":[{"name":"wp","href":"https:\/\/api.w.org\/{rel}","templated":true}]}}