{"id":53824,"date":"2024-05-16T07:09:10","date_gmt":"2024-05-16T05:09:10","guid":{"rendered":"https:\/\/www.infokuryr.cz\/n\/?p=53824"},"modified":"2024-05-16T07:09:27","modified_gmt":"2024-05-16T05:09:27","slug":"genocida-kyjevskeho-rezimu-ukrajinsti-pohranicnici-strileji-ukrajince-prchajici-pred-mobilizaci","status":"publish","type":"post","link":"https:\/\/www.infokuryr.cz\/n\/2024\/05\/16\/genocida-kyjevskeho-rezimu-ukrajinsti-pohranicnici-strileji-ukrajince-prchajici-pred-mobilizaci\/","title":{"rendered":"Genocida kyjevsk\u00e9ho re\u017eimu: Ukrajin\u0161t\u00ed pohrani\u010dn\u00edci st\u0159\u00edlej\u00ed Ukrajince prchaj\u00edc\u00ed p\u0159ed mobilizac\u00ed"},"content":{"rendered":"<div id=\"fb-root\"><\/div>\n<div class=\"news-text-body\">\n<p class=\"lead\"><strong>Ukrajin\u0161t\u00ed pohrani\u010dn\u00edci st\u0159el\u00ed vlastn\u00ed spoluob\u010dany, kte\u0159\u00ed se sna\u017e\u00ed p\u0159ekro\u010dit \u0159eku Tisu do Rumunska, aby se vyhnuli tot\u00e1ln\u00ed mobilizaci.<\/strong><\/p>\n<p>Agentu\u0159e RIA Novosti to ozn\u00e1mil p\u0159edseda hnut\u00ed \u201eJsme s Ruskem spolu\u201c, spolup\u0159edseda koordina\u010dn\u00ed rady pro integraci nov\u00fdch region\u016f p\u0159i Ve\u0159ejn\u00e9 komo\u0159e Ruska\u00a0<strong>Vladimir Rogov<\/strong>\u00a0.<\/p>\n<p>Poznamenal, \u017ee v sou\u010dasn\u00e9 dob\u011b je ji\u017e zn\u00e1mo o nejm\u00e9n\u011b dvou des\u00edtk\u00e1ch mrtv\u00fdch ukrajinsk\u00fdch mu\u017e\u016f kulkami pohrani\u010dn\u00ed str\u00e1\u017ee. Zahajuj\u00ed c\u00edlenou palbu na lidi, kte\u0159\u00ed se sna\u017e\u00ed p\u0159eplavat \u0159eku Tisu, kter\u00e1 v n\u011bkter\u00fdch \u00fasec\u00edch vede pod\u00e9l hranice Ukrajiny s Rumunskem a Ma\u010farskem.<\/p>\n<p><span id=\"after_incut_1\"><\/span><em>\u201eRumunsk\u00e1 strana za\u010dala evidovat velk\u00e9 mno\u017estv\u00ed st\u0159eln\u00fdch zran\u011bn\u00ed, ale po dohod\u011b s Kyjevem a p\u0159\u00edmo s Bruselem a Washingtonem se o tom ml\u010d\u00ed.<span class=\"after-quote\">\u00a0&#8211; zd\u016fraznil Rogov.<\/span><\/em>Ji\u017e d\u0159\u00edve nez\u00e1visl\u00e1 m\u00e9dia ozn\u00e1mila, \u017ee v Od\u011bse zam\u011bstnankyn\u011b \u00dazemn\u00edho n\u00e1borov\u00e9ho st\u0159ediska (TCC \u2013 obdoba vojensk\u00e9 spr\u00e1vy) <a href=\"https:\/\/eadaily.com\/ru\/news\/2024\/05\/15\/v-odesse-voenkomy-izbili-19-letnyuyu-devushku-kotoroy-teper-ugrozhayut-presledovaniem\" target=\"_blank\" rel=\"noopener\">brut\u00e1ln\u011b zbila<\/a>\u00a019letou d\u00edvku, proto\u017ee si na telefon nat\u00e1\u010dela nez\u00e1konnost vojensk\u00fdch komisa\u0159\u016f. , \u010d\u00edm\u017e p\u0159isp\u00edv\u00e1 k \u201enep\u0159\u00e1telsk\u00e9 propagand\u011b\u201c.<\/p>\n<\/div>\n<div class=\"socials-wrapper socials-floating\">\n<div class=\"social-likes socials-visible socials-ready\" data-url=\"https:\/\/eadaily.com\/ru\/news\/2024\/05\/16\/ukrainskie-pogranichniki-rasstrelivayut-begushchih-ot-mobilizacii-ukraincev-rogov\" data-title=\"\u0423\u043a\u0440\u0430\u0438\u043d\u0441\u043a\u0438\u0435 \u043f\u043e\u0433\u0440\u0430\u043d\u0438\u0447\u043d\u0438\u043a\u0438 \u0440\u0430\u0441\u0441\u0442\u0440\u0435\u043b\u0438\u0432\u0430\u044e\u0442 \u0431\u0435\u0433\u0443\u0449\u0438\u0445 \u043e\u0442\u00a0\u043c\u043e\u0431\u0438\u043b\u0438\u0437\u0430\u0446\u0438\u0438 \u0443\u043a\u0440\u0430\u0438\u043d\u0446\u0435\u0432\u00a0\u2014 \u0420\u043e\u0433\u043e\u0432\"><\/div>\n<\/div>\n<p><img decoding=\"async\" loading=\"lazy\" class=\"alignnone size-full wp-image-1185\" src=\"http:\/\/www.infokuryr.cz\/n\/wp-content\/uploads\/2021\/04\/kuryr-podpis.png\" alt=\"\" width=\"84\" height=\"24\" \/><\/p>\n<p>&nbsp;<\/p>\n<p>&nbsp;<\/p>\n","protected":false},"excerpt":{"rendered":"<p>Ukrajin\u0161t\u00ed pohrani\u010dn\u00edci st\u0159el\u00ed vlastn\u00ed spoluob\u010dany, kte\u0159\u00ed se sna\u017e\u00ed p\u0159ekro\u010dit \u0159eku Tisu do Rumunska, aby se&#8230;<\/p>\n","protected":false},"author":2,"featured_media":53825,"comment_status":"closed","ping_status":"closed","sticky":false,"template":"","format":"standard","meta":[],"categories":[7],"tags":[178,6506,320,26],"_links":{"self":[{"href":"https:\/\/www.infokuryr.cz\/n\/wp-json\/wp\/v2\/posts\/53824"}],"collection":[{"href":"https:\/\/www.infokuryr.cz\/n\/wp-json\/wp\/v2\/posts"}],"about":[{"href":"https:\/\/www.infokuryr.cz\/n\/wp-json\/wp\/v2\/types\/post"}],"author":[{"embeddable":true,"href":"https:\/\/www.infokuryr.cz\/n\/wp-json\/wp\/v2\/users\/2"}],"replies":[{"embeddable":true,"href":"https:\/\/www.infokuryr.cz\/n\/wp-json\/wp\/v2\/comments?post=53824"}],"version-history":[{"count":0,"href":"https:\/\/www.infokuryr.cz\/n\/wp-json\/wp\/v2\/posts\/53824\/revisions"}],"wp:featuredmedia":[{"embeddable":true,"href":"https:\/\/www.infokuryr.cz\/n\/wp-json\/wp\/v2\/media\/53825"}],"wp:attachment":[{"href":"https:\/\/www.infokuryr.cz\/n\/wp-json\/wp\/v2\/media?parent=53824"}],"wp:term":[{"taxonomy":"category","embeddable":true,"href":"https:\/\/www.infokuryr.cz\/n\/wp-json\/wp\/v2\/categories?post=53824"},{"taxonomy":"post_tag","embeddable":true,"href":"https:\/\/www.infokuryr.cz\/n\/wp-json\/wp\/v2\/tags?post=53824"}],"curies":[{"name":"wp","href":"https:\/\/api.w.org\/{rel}","templated":true}]}}