{"id":53817,"date":"2024-05-16T06:31:19","date_gmt":"2024-05-16T04:31:19","guid":{"rendered":"https:\/\/www.infokuryr.cz\/n\/?p=53817"},"modified":"2024-05-16T06:31:19","modified_gmt":"2024-05-16T04:31:19","slug":"putin-a-xi-se-setkavaji-v-pekingu","status":"publish","type":"post","link":"https:\/\/www.infokuryr.cz\/n\/2024\/05\/16\/putin-a-xi-se-setkavaji-v-pekingu\/","title":{"rendered":"Putin a Xi se setk\u00e1vaj\u00ed v Pekingu"},"content":{"rendered":"<div id=\"fb-root\"><\/div>\n<p><span style=\"font-size: 18pt;\"><strong>Dvoudenn\u00ed n\u00e1v\u0161t\u011bva rusk\u00e9ho prezidenta si p\u0159ipom\u00edn\u00e1 75. v\u00fdro\u010d\u00ed diplomatick\u00fdch vztah\u016f mezi zem\u011bmi<\/strong><\/span><\/p>\n<p><span>Rusk\u00fd prezident Vladimir Putin se ve \u010dtvrtek v Pekingu b\u011bhem st\u00e1tn\u00ed n\u00e1v\u0161t\u011bvy \u010c\u00edny sejde s \u010d\u00ednsk\u00fdm prezidentem Si \u0164in-pchingem. Je to Putinova prvn\u00ed zahrani\u010dn\u00ed cesta od chv\u00edle, kdy za\u010d\u00e1tkem tohoto m\u011bs\u00edce slo\u017eil p\u0159\u00edsahu na p\u00e1t\u00e9 funk\u010dn\u00ed obdob\u00ed prezidenta.<\/span><\/p>\n<p><span>Vedouc\u00ed p\u0159edstavitel\u00e9 si pot\u0159\u00e1sli rukama p\u0159ed budovou Velk\u00e9ho lidov\u00e9ho s\u00e1lu na n\u00e1m\u011bst\u00ed Nebesk\u00e9ho klidu a poslouchali, jak vojensk\u00fd orchestr prov\u00e1d\u00ed st\u00e1tn\u00ed hymny obou zem\u00ed. Pozd\u011bji se vyfotografovali a ode\u0161li na sch\u016fzku mezi delegacemi.<\/span><\/p>\n<p><span>Putina doprov\u00e1z\u00ed n\u011bkolik st\u00e1tn\u00edch ministr\u016f, kte\u0159\u00ed se z\u00fa\u010dastn\u00ed jedn\u00e1n\u00ed o spole\u010dn\u00fdch projektech zam\u011b\u0159en\u00fdch na prohlouben\u00ed bilater\u00e1ln\u00edch vazeb.<\/span><\/p>\n<p><span>V rozhovoru pro Xinhua p\u0159ed cestou Putin ocenil\u00a0<\/span><em><span>\u201ebezprecedentn\u00ed \u00farove\u0148 strategick\u00e9ho partnerstv\u00ed\u201c<\/span><\/em><span>\u00a0mezi ob\u011bma st\u00e1ty.<\/span><\/p>\n<p><em><span>\u201eVztahy mezi \u010c\u00ednou a Ruskem, kter\u00e9 trvaly t\u0159i \u010dtvrt\u011b stolet\u00ed, rostly od s\u00edly k s\u00edle navzdory vzestup\u016fm a p\u00e1d\u016fm a obst\u00e1ly ve zkou\u0161ce m\u011bn\u00edc\u00edho se mezin\u00e1rodn\u00edho prost\u0159ed\u00ed,\u201c<\/span><\/em><span>\u00a0uvedlo ve \u010dtvrtek \u010d\u00ednsk\u00e9 ministerstvo zahrani\u010d\u00ed.\u00a0<\/span><em><span>&#8222;St\u00e1l\u00fd rozvoj vztah\u016f mezi \u010c\u00ednou a Ruskem \u2026 p\u0159isp\u00edv\u00e1 k m\u00edru, stabilit\u011b a prosperit\u011b regionu a cel\u00e9ho sv\u011bta.&#8220;<\/span><\/em><\/p>\n<p><span>Rusko a \u010c\u00edna maj\u00ed podobn\u00e9 postoje k ukrajinsk\u00e9mu konfliktu. V rozhovoru pro Xinhua Putin pochv\u00e1lil Peking za pochopen\u00ed\u00a0<\/span><em><span>\u201ejeho z\u00e1kladn\u00edch p\u0159\u00ed\u010din a glob\u00e1ln\u00edho geopolitick\u00e9ho v\u00fdznamu\u201c.<\/span><\/em><span>\u00a0\u010c\u00edna odm\u00edtla obvi\u0148ovat Rusko z nap\u011bt\u00ed a m\u00edsto toho odsoudila expanzi NATO a washingtonskou\u00a0<\/span><em><span>\u201estudenov\u00e1le\u010dnou mentalitu\u201c.<\/span><\/em><\/p>\n<p><span>Boje mezi Ruskem a Ukrajinou vstoupily v \u00fanoru do t\u0159et\u00edho roku, kdy z\u00e1padn\u00ed podporovatel\u00e9 Kyjeva obnovili sv\u016fj z\u00e1vazek podporovat Ukrajinu pen\u011bzi a zbran\u011bmi,\u00a0<\/span><em><span>\u201ejak dlouho to bude pot\u0159eba\u201c.<\/span><\/em><span>\u00a0Nap\u011bt\u00ed mezi \u010c\u00ednou a USA z\u00e1rove\u0148 v Indo-Pacifiku i jinde pokra\u010duje.<\/span><\/p>\n<p><span>Gener\u00e1ln\u00ed tajemn\u00edk NATO Jens Stoltenberg ned\u00e1vno popsal \u010c\u00ednu jako\u00a0<\/span><em><span>\u201ehlavn\u00ed zemi, kter\u00e1 umo\u017e\u0148uje Rusku v\u00e9st jeho \u00fato\u010dnou v\u00e1lku\u201c.<\/span><\/em><\/p>\n<p><span>Peking loni p\u0159edstavil sv\u016fj dvan\u00e1ctibodov\u00fd m\u00edrov\u00fd pl\u00e1n na Ukrajin\u011b s d\u016frazem na diplomacii.\u00a0<\/span><em><span>&#8222;M\u011bli bychom up\u0159ednostnit udr\u017een\u00ed m\u00edru a stability a zdr\u017eet se hled\u00e1n\u00ed sobeck\u00fdch zisk\u016f,&#8220;<\/span><\/em><span>\u00a0\u0159ekl minul\u00fd m\u011bs\u00edc Si \u0164in-pching a vyzval v\u0161echny strany, aby\u00a0<\/span><em><span>&#8222;ochlazovaly situaci a nep\u0159il\u00e9valy olej do ohn\u011b.&#8220;\u00a0<\/span><\/em><span>\u00a0Peking tak\u00e9 odm\u00edtl politiku sankc\u00ed Washingtonu a obchodn\u00ed v\u00e1lku jako zp\u016fsob, jak si zajistit dominantn\u00ed postaven\u00ed na sv\u011btov\u00e9 sc\u00e9n\u011b.<\/span><\/p>\n<p><img decoding=\"async\" loading=\"lazy\" class=\"alignnone size-full wp-image-1185\" src=\"http:\/\/www.infokuryr.cz\/n\/wp-content\/uploads\/2021\/04\/kuryr-podpis.png\" alt=\"\" width=\"84\" height=\"24\" \/><\/p>\n<p>&nbsp;<\/p>\n","protected":false},"excerpt":{"rendered":"<p>Dvoudenn\u00ed n\u00e1v\u0161t\u011bva rusk\u00e9ho prezidenta si p\u0159ipom\u00edn\u00e1 75. v\u00fdro\u010d\u00ed diplomatick\u00fdch vztah\u016f mezi zem\u011bmi Rusk\u00fd prezident Vladimir&#8230;<\/p>\n","protected":false},"author":2,"featured_media":53818,"comment_status":"closed","ping_status":"closed","sticky":false,"template":"","format":"standard","meta":[],"categories":[7],"tags":[30,2091,102,22,3933],"_links":{"self":[{"href":"https:\/\/www.infokuryr.cz\/n\/wp-json\/wp\/v2\/posts\/53817"}],"collection":[{"href":"https:\/\/www.infokuryr.cz\/n\/wp-json\/wp\/v2\/posts"}],"about":[{"href":"https:\/\/www.infokuryr.cz\/n\/wp-json\/wp\/v2\/types\/post"}],"author":[{"embeddable":true,"href":"https:\/\/www.infokuryr.cz\/n\/wp-json\/wp\/v2\/users\/2"}],"replies":[{"embeddable":true,"href":"https:\/\/www.infokuryr.cz\/n\/wp-json\/wp\/v2\/comments?post=53817"}],"version-history":[{"count":0,"href":"https:\/\/www.infokuryr.cz\/n\/wp-json\/wp\/v2\/posts\/53817\/revisions"}],"wp:featuredmedia":[{"embeddable":true,"href":"https:\/\/www.infokuryr.cz\/n\/wp-json\/wp\/v2\/media\/53818"}],"wp:attachment":[{"href":"https:\/\/www.infokuryr.cz\/n\/wp-json\/wp\/v2\/media?parent=53817"}],"wp:term":[{"taxonomy":"category","embeddable":true,"href":"https:\/\/www.infokuryr.cz\/n\/wp-json\/wp\/v2\/categories?post=53817"},{"taxonomy":"post_tag","embeddable":true,"href":"https:\/\/www.infokuryr.cz\/n\/wp-json\/wp\/v2\/tags?post=53817"}],"curies":[{"name":"wp","href":"https:\/\/api.w.org\/{rel}","templated":true}]}}