{"id":53804,"date":"2024-05-16T05:34:40","date_gmt":"2024-05-16T03:34:40","guid":{"rendered":"https:\/\/www.infokuryr.cz\/n\/?p=53804"},"modified":"2024-05-16T05:42:11","modified_gmt":"2024-05-16T03:42:11","slug":"uz-je-to-tady-atentatnika-spojuji-s-proruskou-skupinou","status":"publish","type":"post","link":"https:\/\/www.infokuryr.cz\/n\/2024\/05\/16\/uz-je-to-tady-atentatnika-spojuji-s-proruskou-skupinou\/","title":{"rendered":"U\u017e je to tady! Atent\u00e1tn\u00edka spojuj\u00ed s proruskou skupinou"},"content":{"rendered":"<div id=\"fb-root\"><\/div>\n<p><strong>Juraj Cintula, kter\u00fd ve st\u0159edu post\u0159elil slovensk\u00e9ho premi\u00e9ra Roberta Fica, je spojov\u00e1n s n\u011bkdej\u0161\u00ed proruskou polovojenskou skupinou Slovensk\u00ed branci (SB). Podle projektu vsquare.org v\u016fdc\u016fm t\u00e9to skupiny poskytli v\u00fdcvik b\u00fdval\u00ed p\u0159\u00edslu\u0161n\u00edci rusk\u00fdch speci\u00e1ln\u00edch jednotek.<\/strong><\/p>\n<p>______<br \/>\nA co zn\u00e1m\u00ed z\u00e1\u0161kodn\u00edci \u010cuk a Gek, kte\u0159\u00ed otr\u00e1vili Skribala novi\u010dokem a vyhodili do pov\u011bt\u0159\u00ed muni\u010dn\u00ed sklad ve Vrb\u011btic\u00edch? Nebola by pro n\u011b mal\u00e1 roli\u010dka? Ur\u010dit\u011b v tom maj\u00ed prsty tak\u00e9.<\/p>\n<p>Patologick\u00e1 nen\u00e1vist mainstreamov\u00fdch prestitutu v\u016f\u010di Rusku je dech berouc\u00ed. Co na tom, \u017ee Fico byl naklon\u011bn dialogu s Ruskem a jeho vrah je p\u0159esn\u011b na druh\u00e9 stran\u011b barik\u00e1dy. Oni to stejn\u011b pod\u00e1vaj\u00ed tak, \u017ee vrah je vlastn\u011b \u0159\u00edzen z Ruska. Jsou to v\u00e1\u017en\u011b ubo\u017e\u00e1ci.<\/p>\n<p>Ka\u017edop\u00e1dn\u011b jde o atent\u00e1t pod vlivem pr\u00e1v\u011b mainstreamov\u00fdch m\u00e9di\u00ed a liber\u00e1ln\u00edch demokrat\u016f ke kter\u00fdm se atent\u00e1tn\u00edk hl\u00e1s\u00ed a proto je nutn\u00e9 odv\u00e1d\u011bt stopu jin\u00fdm sm\u011brem a Rusko je ten nejlep\u0161\u00ed. Presstituti t\u011bchto m\u00e9di\u00ed se ne\u0161t\u00edt\u00ed ji\u017e opravdu ni\u010deho!<\/p>\n<p><img decoding=\"async\" loading=\"lazy\" class=\"alignnone size-full wp-image-1185\" src=\"http:\/\/www.infokuryr.cz\/n\/wp-content\/uploads\/2021\/04\/kuryr-podpis.png\" alt=\"\" width=\"84\" height=\"24\" \/><\/p>\n<p><a href=\"https:\/\/stranapro.cz\/\"><img decoding=\"async\" loading=\"lazy\" class=\"wp-image-53371 aligncenter\" src=\"http:\/\/www.infokuryr.cz\/n\/wp-content\/uploads\/2024\/05\/pro-6-volby-300x169.jpg\" alt=\"\" width=\"715\" height=\"403\" srcset=\"https:\/\/www.infokuryr.cz\/n\/wp-content\/uploads\/2024\/05\/pro-6-volby-300x169.jpg 300w, https:\/\/www.infokuryr.cz\/n\/wp-content\/uploads\/2024\/05\/pro-6-volby.jpg 785w\" sizes=\"(max-width: 715px) 100vw, 715px\" \/><\/a><\/p>\n<p>&nbsp;<\/p>\n<p>&nbsp;<\/p>\n<p>&nbsp;<\/p>\n","protected":false},"excerpt":{"rendered":"<p>Juraj Cintula, kter\u00fd ve st\u0159edu post\u0159elil slovensk\u00e9ho premi\u00e9ra Roberta Fica, je spojov\u00e1n s n\u011bkdej\u0161\u00ed proruskou&#8230;<\/p>\n","protected":false},"author":2,"featured_media":53805,"comment_status":"closed","ping_status":"closed","sticky":false,"template":"","format":"standard","meta":[],"categories":[6],"tags":[7300,158,273,22],"_links":{"self":[{"href":"https:\/\/www.infokuryr.cz\/n\/wp-json\/wp\/v2\/posts\/53804"}],"collection":[{"href":"https:\/\/www.infokuryr.cz\/n\/wp-json\/wp\/v2\/posts"}],"about":[{"href":"https:\/\/www.infokuryr.cz\/n\/wp-json\/wp\/v2\/types\/post"}],"author":[{"embeddable":true,"href":"https:\/\/www.infokuryr.cz\/n\/wp-json\/wp\/v2\/users\/2"}],"replies":[{"embeddable":true,"href":"https:\/\/www.infokuryr.cz\/n\/wp-json\/wp\/v2\/comments?post=53804"}],"version-history":[{"count":0,"href":"https:\/\/www.infokuryr.cz\/n\/wp-json\/wp\/v2\/posts\/53804\/revisions"}],"wp:featuredmedia":[{"embeddable":true,"href":"https:\/\/www.infokuryr.cz\/n\/wp-json\/wp\/v2\/media\/53805"}],"wp:attachment":[{"href":"https:\/\/www.infokuryr.cz\/n\/wp-json\/wp\/v2\/media?parent=53804"}],"wp:term":[{"taxonomy":"category","embeddable":true,"href":"https:\/\/www.infokuryr.cz\/n\/wp-json\/wp\/v2\/categories?post=53804"},{"taxonomy":"post_tag","embeddable":true,"href":"https:\/\/www.infokuryr.cz\/n\/wp-json\/wp\/v2\/tags?post=53804"}],"curies":[{"name":"wp","href":"https:\/\/api.w.org\/{rel}","templated":true}]}}