{"id":53800,"date":"2024-05-16T00:48:07","date_gmt":"2024-05-15T22:48:07","guid":{"rendered":"https:\/\/www.infokuryr.cz\/n\/?p=53800"},"modified":"2024-05-16T05:20:55","modified_gmt":"2024-05-16T03:20:55","slug":"cesi-davaji-izraeli-bezmeznou-podporu-a-nakup-predrazenych-a-nekvalitnich-zbrani","status":"publish","type":"post","link":"https:\/\/www.infokuryr.cz\/n\/2024\/05\/16\/cesi-davaji-izraeli-bezmeznou-podporu-a-nakup-predrazenych-a-nekvalitnich-zbrani\/","title":{"rendered":"\u010ce\u0161i d\u00e1vaj\u00ed Izraeli bezmeznou podporu a n\u00e1kup p\u0159edra\u017een\u00fdch a nekvalitn\u00edch zbran\u00ed"},"content":{"rendered":"<div id=\"fb-root\"><\/div>\n<h3 class=\"entry-title\">Izrael \u010cech\u016fm multikulturalismus a LGBT agendu. To je to prav\u00e9 mezin\u00e1rodn\u00ed spojenectv\u00ed \u201e\u010desk\u00fdch elit\u201c<\/h3>\n<p>\u010cesk\u00e1 vl\u00e1da, prezident, poslanci, sen\u00e1to\u0159i, politick\u00e9 strany a ofici\u00e1ln\u00ed media\u00a0<strong>vyjad\u0159uj\u00ed Izraeli a \u017did\u016fm bezmeznou podporu. Je jedno, zda se jedn\u00e1 o zabr\u00e1n\u00ed Golansk\u00fdch v\u00fd\u0161in, \u010di likvidaci a vyh\u00e1n\u011bn\u00ed Palestinc\u016f z jejich domov\u016f,<\/strong>\u00a0\u201e\u010desk\u00e9\u201c elity jedn\u00e1n\u00ed Izraele bezpodm\u00edne\u010dn\u011b podporuj\u00ed a adoruj\u00ed. Aby to nebylo m\u00e1lo,\u00a0<strong>nakupuje \u010desk\u00e1 vl\u00e1da i nekvalitn\u00ed a velmi p\u0159edra\u017een\u00e9 izraelsk\u00e9 zbran\u011b. Jednou jsou to zastaral\u00e9 drony za 3 mld. K\u010d (re\u00e1ln\u00e1 hodnota kolem 100mil K\u010d) a nyn\u00ed to bude i obrann\u00fd syst\u00e9m vzdu\u0161n\u00e9ho prostoru,<\/strong>\u00a0kter\u00fd uk\u00e1zal svoji \u201eefektivitu\u201c p\u0159i \u00fatoku Hamasu a Ir\u00e1nu, kdy mnoho raket prost\u011b prolet\u011blo syst\u00e9mem jako hork\u00fd n\u016f\u017e m\u00e1slem. Kritizovat se to ale nesm\u00ed, to by byl antisemitismus.<\/p>\n<p>I<strong>zrael se \u010cech\u016fm odvd\u011b\u010duje podle sv\u00e9ho a nejde jen o prodej extr\u00e9mn\u011b p\u0159edra\u017een\u00fdch a nekvalitn\u00edch zbran\u00ed. Izraelsk\u00e1 vl\u00e1da (ambas\u00e1da) v \u010cesku je\u0161t\u011b podporuje gay pochody Prague pride, multikulturn\u00ed festivaly a dal\u0161\u00ed \u201ep\u0159\u00ednosn\u00e9\u201c aktivity, kter\u00e9 \u00fapln\u011b n\u00e1hodou vedou k rozvracen\u00ed \u010desk\u00e9 spole\u010dnosti.<\/strong><\/p>\n<p>S takov\u00fdmi spojenci \u010dek\u00e1 \u010cechy jist\u011b skv\u011bl\u00e1 budoucnost\u2026. Nut\u00ed m\u011b to polo\u017eit si ot\u00e1zku,\u00a0<strong>kdo vlastn\u011b v \u010cesku po roce 1989 vl\u00e1dce? \u010ce\u0161i to nejsou.<\/strong>\u2026<\/p>\n<figure class=\"wp-block-image size-full\"><img decoding=\"async\" loading=\"lazy\" class=\"wp-image-17139 aligncenter\" src=\"https:\/\/ceskavec.com\/wp-content\/uploads\/2024\/05\/image-3.png\" sizes=\"(max-width: 481px) 100vw, 481px\" srcset=\"https:\/\/ceskavec.com\/wp-content\/uploads\/2024\/05\/image-3.png 481w, https:\/\/ceskavec.com\/wp-content\/uploads\/2024\/05\/image-3-225x300.png 225w\" alt=\"\" width=\"481\" height=\"640\" \/><\/figure>\n<figure class=\"wp-block-image size-full\"><img decoding=\"async\" loading=\"lazy\" class=\"wp-image-17140 aligncenter\" src=\"https:\/\/ceskavec.com\/wp-content\/uploads\/2024\/05\/image-4.png\" sizes=\"(max-width: 481px) 100vw, 481px\" srcset=\"https:\/\/ceskavec.com\/wp-content\/uploads\/2024\/05\/image-4.png 481w, https:\/\/ceskavec.com\/wp-content\/uploads\/2024\/05\/image-4-225x300.png 225w\" alt=\"\" width=\"481\" height=\"640\" \/><\/figure>\n<p>Izrael ofici\u00e1ln\u011b v \u010cesku sponzoruje multikulturn\u00ed a LGBT festivaly a pochody\u2026.<\/p>\n<p><a href=\"https:\/\/ceskavec.com\/2024\/05\/cesi-izraeli-bezmeznou-podporu-a-nakup-predrazenych-a-nekvalitnich-zbrani-izrael-cechum-multikulturalismus-a-lgbt-agendu-to-je-to-prave-spojenectvi-ceskych-elit\">Aroon G.<\/a><\/p>\n<p>&nbsp;<\/p>\n<p><img decoding=\"async\" loading=\"lazy\" class=\"wp-image-40286 aligncenter\" src=\"http:\/\/www.infokuryr.cz\/n\/wp-content\/uploads\/2023\/11\/12pro-300x87.png\" alt=\"\" width=\"934\" height=\"271\" srcset=\"https:\/\/www.infokuryr.cz\/n\/wp-content\/uploads\/2023\/11\/12pro-300x87.png 300w, https:\/\/www.infokuryr.cz\/n\/wp-content\/uploads\/2023\/11\/12pro.png 366w\" sizes=\"(max-width: 934px) 100vw, 934px\" \/><\/p>\n<p>&nbsp;<\/p>\n<p>&nbsp;<\/p>\n","protected":false},"excerpt":{"rendered":"<p>Izrael \u010cech\u016fm multikulturalismus a LGBT agendu. To je to prav\u00e9 mezin\u00e1rodn\u00ed spojenectv\u00ed \u201e\u010desk\u00fdch elit\u201c \u010cesk\u00e1&#8230;<\/p>\n","protected":false},"author":2,"featured_media":53801,"comment_status":"closed","ping_status":"closed","sticky":false,"template":"","format":"standard","meta":[],"categories":[6],"tags":[670,107,1242],"_links":{"self":[{"href":"https:\/\/www.infokuryr.cz\/n\/wp-json\/wp\/v2\/posts\/53800"}],"collection":[{"href":"https:\/\/www.infokuryr.cz\/n\/wp-json\/wp\/v2\/posts"}],"about":[{"href":"https:\/\/www.infokuryr.cz\/n\/wp-json\/wp\/v2\/types\/post"}],"author":[{"embeddable":true,"href":"https:\/\/www.infokuryr.cz\/n\/wp-json\/wp\/v2\/users\/2"}],"replies":[{"embeddable":true,"href":"https:\/\/www.infokuryr.cz\/n\/wp-json\/wp\/v2\/comments?post=53800"}],"version-history":[{"count":1,"href":"https:\/\/www.infokuryr.cz\/n\/wp-json\/wp\/v2\/posts\/53800\/revisions"}],"predecessor-version":[{"id":53802,"href":"https:\/\/www.infokuryr.cz\/n\/wp-json\/wp\/v2\/posts\/53800\/revisions\/53802"}],"wp:featuredmedia":[{"embeddable":true,"href":"https:\/\/www.infokuryr.cz\/n\/wp-json\/wp\/v2\/media\/53801"}],"wp:attachment":[{"href":"https:\/\/www.infokuryr.cz\/n\/wp-json\/wp\/v2\/media?parent=53800"}],"wp:term":[{"taxonomy":"category","embeddable":true,"href":"https:\/\/www.infokuryr.cz\/n\/wp-json\/wp\/v2\/categories?post=53800"},{"taxonomy":"post_tag","embeddable":true,"href":"https:\/\/www.infokuryr.cz\/n\/wp-json\/wp\/v2\/tags?post=53800"}],"curies":[{"name":"wp","href":"https:\/\/api.w.org\/{rel}","templated":true}]}}