{"id":53797,"date":"2024-05-16T00:46:05","date_gmt":"2024-05-15T22:46:05","guid":{"rendered":"https:\/\/www.infokuryr.cz\/n\/?p=53797"},"modified":"2024-05-15T21:14:23","modified_gmt":"2024-05-15T19:14:23","slug":"na-slovensku-byl-spachan-atentat-na-premiera-roberta-fica-podle-informaci-je-pachatelem-liberalni-spisovatel-a-basnik","status":"publish","type":"post","link":"https:\/\/www.infokuryr.cz\/n\/2024\/05\/16\/na-slovensku-byl-spachan-atentat-na-premiera-roberta-fica-podle-informaci-je-pachatelem-liberalni-spisovatel-a-basnik\/","title":{"rendered":"Na Slovensku byl sp\u00e1ch\u00e1n atent\u00e1t na premi\u00e9ra Roberta Fica! Podle informac\u00ed je pachatelem liber\u00e1ln\u00ed spisovatel a b\u00e1sn\u00edk!"},"content":{"rendered":"<div id=\"fb-root\"><\/div>\n<h4>Na Slovensku byl sp\u00e1ch\u00e1n atent\u00e1t na premi\u00e9ra Roberta Fica! Podle informac\u00ed je pachatelem liber\u00e1ln\u00ed spisovatel a b\u00e1sn\u00edk! Premi\u00e9r utrp\u011bl n\u011bkolikan\u00e1sobn\u00e1 st\u0159eln\u00e1 zran\u011bn\u00ed a je v kritick\u00e9m stavu! Atent\u00e1tn\u00edk si cht\u011bl podat s Ficem ruku, ale kdy\u017e premi\u00e9r ruku nat\u00e1hl, mu\u017e vyt\u00e1hl pistoli a zazn\u011blo 5 v\u00fdst\u0159el\u016f! Vybi\u010dovan\u00e1 anti-ficovsk\u00e1 agenda slovensk\u00e9 opozice tak m\u00e1 na ruk\u00e1ch krev premi\u00e9ra!<\/h4>\n<p>Na Slovensku byl ve st\u0159edu sp\u00e1ch\u00e1n atent\u00e1t na premi\u00e9ra slovensk\u00e9 vl\u00e1dy Roberta Fica. Atent\u00e1t se odehr\u00e1l v Handlov\u00e9 po skon\u010den\u00ed v\u00fdjezdn\u00edho zased\u00e1n\u00ed slovensk\u00e9 vl\u00e1dy.\u00a0<strong>Robert Fico vy\u0161el z budovy a \u00fato\u010dn\u00edk na n\u011bj zavolal, \u017ee si s premi\u00e9rem chce podat ruku. Kdy\u017e premi\u00e9r ruku nat\u00e1hnul, \u00fato\u010dn\u00edk vyt\u00e1hl pistoli a podle sv\u011bdk\u016f zazn\u011blo 5 v\u00fdst\u0159el\u016f.<\/strong>\u00a0Video se st\u0159elbou je\u00a0<strong><a href=\"https:\/\/href.li\/?https:\/\/www.youtube.com\/watch?v=87p40FPnqTM\" target=\"_blank\" rel=\"nofollow noopener\">zde<\/a><\/strong>. Jedn\u00e1 se o stejn\u00fd styl atent\u00e1tu, jak\u00fdm byl zast\u0159elen Robert F. Kennedy dne 6. \u010dervna 1968 b\u011bhem prezidentsk\u00e9 kampan\u011b.<\/p>\n<p>St\u0159elec se tehdy rovn\u011b\u017e vm\u00edsil mezi Kennedyho podporovatele a Roberta zast\u0159elil z bezprost\u0159edn\u00ed bl\u00edzkosti. Ve st\u0159edu v podve\u010der zat\u00edm nen\u00ed jasn\u00e9, kolik v\u00fdst\u0159el\u016f premi\u00e9ra Fica zas\u00e1hlo, ale podle zdroj\u016f ze SMERu utrp\u011bl v\u00edce\u010detn\u00e1 st\u0159eln\u00e1 zran\u011bn\u00ed. Podle posledn\u00edch informac\u00ed utrp\u011bl Fico pr\u016fst\u0159el b\u0159icha a ruky, tedy minim\u00e1ln\u011b dva v\u00fdst\u0159ely premi\u00e9ra zas\u00e1hly, ale samoz\u0159ejm\u011b, \u017ee mohlo j\u00edt o v\u00edce z\u00e1sah\u016f do b\u0159icha i ruky. Ochranka okam\u017eit\u011b vt\u00e1hla premi\u00e9ra do limuz\u00edny a odvezla ho z centra m\u011bsta k p\u0159ivolan\u00e9 helikopt\u00e9\u0159e, kter\u00e1 Fica p\u0159epravila do nemocnice v B\u00e1nsk\u00e9 Bystrici.<\/p>\n<p>&nbsp;<\/p>\n<div id=\"rumble_v4suvmh\">\n<div id=\"vid_v4suvmh\" class=\"rumble_v4suvmh-Rumble-cls\" tabindex=\"-1\">\n<div>\n<div class=\"bigPlayUI ctp\">\n<div class=\"bigPlayUIInner ctp\"><div class='videoWrapper'>\r\n\t            <iframe src='https:\/\/rumble.com\/embed\/pj.v4suvmh\/' frameborder='0' allowfullscreen><\/iframe>\r\n\t        <\/div><\/div>\n<\/div>\n<\/div>\n<\/div>\n<\/div>\n<p>&nbsp;<\/p>\n<p>Prvn\u00ed informace na soci\u00e1ln\u00edch s\u00edt\u00edch byly, \u017ee zran\u011bn\u00ed neohro\u017euj\u00ed premi\u00e9ra na \u017eivot\u011b.\u00a0<strong>O n\u011bco pozd\u011bji se ale na ofici\u00e1ln\u00edm Facebooku premi\u00e9ra objevila zpr\u00e1va [<a href=\"https:\/\/href.li\/?https:\/\/www.facebook.com\/robertficosk\/posts\/pfbid0EnzcChX21jDQeWBw3SQy939exqAucVZiRPYCRFSiqaPig22NfJFae1pPrFZQP78Wl\" target=\"_blank\" rel=\"nofollow noopener\">1<\/a>], \u017ee premi\u00e9r je ve stavu ohro\u017een\u00ed \u017eivota, a \u017ee nejbli\u017e\u0161\u00ed hodiny rozhodnou.<\/strong>\u00a0N\u011bkolikan\u00e1sobn\u00e1 st\u0159eln\u00e1 zran\u011bn\u00ed mohou vyvolat velmi akutn\u00ed \u0161ok, na kter\u00fd organismus zareaguje a\u017e s ur\u010dit\u00fdm zpo\u017ed\u011bn\u00edm. V\u0161ichni dr\u017e\u00edme Robertu Ficovi palce, aby tento pokus o atent\u00e1t p\u0159e\u017eil, proto\u017ee se ukazuje, \u017ee radikalizace progresivn\u00edch liber\u00e1l\u016f na Slovensku je tak obrovsk\u00e1 a zfa\u0161izovan\u00e1, \u017ee u\u017e doch\u00e1z\u00ed dokonce i k pou\u017eit\u00ed zbran\u00ed. Obrovsky vybi\u010dovan\u00e1 politick\u00e1 anti-ficovsk\u00e1 agenda liber\u00e1l\u016f dohnala jednoho z jejich sympatizant\u016f ke sp\u00e1ch\u00e1n\u00ed atent\u00e1tu. A pachatel je ji\u017e podle zat\u00edm neov\u011b\u0159en\u00fdch informac\u00ed ztoto\u017en\u011bn.<\/p>\n<h6><span style=\"font-size: 18pt;\">Atent\u00e1t na Fica sp\u00e1chal b\u00e1sn\u00edk a spisovatel, kter\u00fd se ale v minulosti \u017eivil jako bezpe\u010d\u00e1k v supermarketu<\/span><\/h6>\n<p>Podle informac\u00ed na\u0161\u00ed redakce\u00a0<strong>atent\u00e1t sp\u00e1chal 71-let\u00fd b\u00e1sn\u00edk a spisovatel Juraj Cintula [<a href=\"https:\/\/href.li\/?https:\/\/www.facebook.com\/photo\/?fbid=3764265303660382&amp;set=a.790053274414948\" target=\"_blank\" rel=\"nofollow noopener\">2<\/a>] z m\u011bsta Levice. Informaci ve st\u0159edu ve\u010der potvrdila slovensk\u00e1 televize JOJ 24<\/strong>. Nelze zat\u00edm vyvozovat \u017e\u00e1dn\u00e9 z\u00e1v\u011bry o motivech pachatele, ov\u0161em pokud by tato toto\u017enost byla potvrzena, potom b\u00e1snick\u00e1 tvorba by motivu pachatele odpov\u00eddala, zejm\u00e9na s ohledem na jednu b\u00e1se\u0148.<\/p>\n<p>Juraj Cintala p\u00ed\u0161e v b\u00e1sni\u00a0<strong>[<a href=\"https:\/\/href.li\/?http:\/\/literarny-klubduha.webjet.sk\/mesto-urad\/samosprava\/juraj-cintula\/\" target=\"_blank\" rel=\"nofollow noopener\">3<\/a>]<\/strong>\u00a0o tom, \u017ee m\u00e1 sen, \u017ee dostal do\u017eivot\u00ed, \u017ee bil p\u00e1ny atd. Cintula\u00a0je jedn\u00edm ze zakladatel\u016f Liter\u00e1rn\u00edho klubu D\u00daHA v roce 2005. Do roku 2016 byl p\u0159edsedou Liter\u00e1rn\u00edho klubu a je autorem t\u0159\u00ed b\u00e1snick\u00fdch sb\u00edrek. Od roku 2015 je \u010dlenem spolku Spolu sloven\u0161t\u00ed spisovatel\u00e9. Cintula je dr\u017eitelem leg\u00e1ln\u00ed zbran\u011b. To m\u00e9di\u00edm potvrdil i jeho syn. Ten tvrd\u00ed, \u017ee nev\u00ed, pro\u010d to jeho otec ud\u011blal.<\/p>\n<p>&nbsp;<\/p>\n<div id=\"rumble_v4sw55f\">\n<div id=\"vid_v4sw55f\" class=\"rumble_v4sw55f-Rumble-cls\" tabindex=\"-1\">\n<div>\n<div class=\"bigPlayUI ctp\">\n<div class=\"bigPlayUIInner ctp\"><div class='videoWrapper'>\r\n\t            <iframe src='https:\/\/rumble.com\/embed\/pj.v4sw55f\/' frameborder='0' allowfullscreen><\/iframe>\r\n\t        <\/div><\/div>\n<\/div>\n<\/div>\n<\/div>\n<\/div>\n<p>&nbsp;<\/p>\n<p>Na\u0161e redakce byla jedn\u00edm ze \u010dten\u00e1\u0159\u016f upozorn\u011bna, \u017ee\u00a0<strong>Juraj Cintula pracoval v roce 2016 jako zam\u011bstnanec bezpe\u010dnostn\u00ed slu\u017eby a slovensk\u00e1 televize Mark\u00edza s n\u00edm nato\u010dila rozhovor [<a href=\"https:\/\/href.li\/?https:\/\/tvnoviny.sk\/domace\/clanok\/52508-takto-si-urcite-koniec-sichty-nepredstavoval-domov-siel-surovo-dobity\" target=\"_blank\" rel=\"nofollow noopener\">4<\/a>] o incidentu v prodejn\u011b<\/strong>, kde zasahoval proti v\u00fdtr\u017en\u00edkovi. Cintula jako zam\u011bstnanec bezpe\u010dnostn\u00ed slu\u017eby tak logicky m\u011bl ke zbran\u00edm bl\u00edzko, tak\u017ee t\u00edm se vysv\u011btluje, \u017ee i kdy\u017e je \u010dlov\u011bk b\u00e1sn\u00edk a spisovatel, m\u016f\u017ee se \u017eivit jako bezpe\u010d\u00e1k a disponovat leg\u00e1ln\u011b dr\u017eenou zbran\u00ed. Ka\u017edop\u00e1dn\u011b zar\u00e1\u017eej\u00edc\u00ed je motiv. Ve v\u011bku 71 let m\u00e1 p\u0159ece \u010dlov\u011bk u\u017e zku\u0161enosti ze \u017eivota, obvykle ne\u0159e\u0161\u00ed v\u011bc\u00ed zkratkovit\u011b, tak\u017ee co nebo kdo ho donutil, aby vyt\u00e1hl pistoli na premi\u00e9ra?<\/p>\n<h6><span style=\"font-size: 18pt;\">VIDEO: Fico po\u010d\u00e1tkem dubna p\u0159edpov\u011bd\u011bl pokus o vra\u017edu vl\u00e1dn\u00edho politika<\/span><\/h6>\n<p>Jist\u011b si pamatujete na m\u00e9 vys\u00edl\u00e1n\u00ed na Svobodn\u00e9m vys\u00edla\u010di CS p\u0159ed slovensk\u00fdmi volbami, \u017ee m\u00e1m obavy o Roberta Fica a jeho \u017eivot, pokud za\u010dne odkl\u00e1n\u011bt slovenskou zahrani\u010dn\u00ed politiku od linie stanoven\u00e9 Ameri\u010dany. Fico p\u0159itom podle v\u0161eho sp\u00e1ch\u00e1n\u00ed atent\u00e1tu dokonce p\u0159edpov\u011bd\u011bl v p\u0159\u00edhovoru na YouTube na po\u010d\u00e1tku dubna v Michalovc\u00edch. Doslova uvedl:\u00a0<strong>\u201c<em>Jen \u010dek\u00e1m, kdy se tato frustrace, kterou tak intenzivn\u011b prohlubuje Denn\u00edk N, Sme\u010dek nebo Aktualita, prom\u00edtne do vra\u017edy n\u011bkter\u00e9ho z p\u0159edn\u00edch vl\u00e1dn\u00edch politik\u016f, a to nep\u0159eh\u00e1n\u00edm ani o milimetr,<\/em>\u201c<\/strong>\u00a0\u0159ekl Fico v nahr\u00e1vce. Mo\u017en\u00e1 netu\u0161il, \u017ee zhruba o m\u011bs\u00edc pozd\u011bji se toto proroctv\u00ed napln\u00ed a t\u00edm politikem, o jeho\u017e vra\u017edu se n\u011bkdo pokus\u00ed, bude on s\u00e1m. Prorock\u00e9 video m\u00e1te n\u00ed\u017ee.<\/p>\n<p><iframe loading=\"lazy\" title=\"Bojujeme s nebezpe\u010dn\u00fdmi \u013eu\u010fmi, ktor\u00ed s\u00fa schopn\u00ed v boji proti n\u00e1m tolerova\u0165 ak\u00e9ko\u013evek svinstvo.\" src=\"https:\/\/www.youtube.com\/embed\/FPp6dEsCyWk?feature=oembed\" width=\"100%\" height=\"394\" frameborder=\"0\" allowfullscreen=\"allowfullscreen\" data-mce-fragment=\"1\"><\/iframe><\/p>\n<p>Fa\u0161izace politick\u00fdch proces\u016f opozice na Slovensku po parlamentn\u00edch a kr\u00e1tce pot\u00e9 po prezidentsk\u00fdch volb\u00e1ch toti\u017e p\u0159ekro\u010dila hranici b\u011b\u017en\u00e9ho politick\u00e9ho boje, proto\u017ee \u010d\u00e1st m\u00e9di\u00ed a cel\u00e1 opozice v podstat\u011b vytvo\u0159ila jednu obrovskou anti-ficovskou frontu, kter\u00e1 samoz\u0159ejm\u011b medi\u00e1ln\u011b dopad\u00e1 na lidi a u n\u011bkter\u00fdch m\u016f\u017ee doj\u00edt k radikalizaci. V\u00fdk\u0159iky o tom, \u017ee s Ficem se k moci vr\u00e1tila mafie, by se dali p\u0159ej\u00edt ml\u010den\u00edm a \u00fasm\u011bvem, kdyby to nebylo my\u0161leno ze strany opozi\u010dn\u00edch politik\u016f tak v\u00e1\u017en\u011b.<\/p>\n<p>Jen\u017ee oni za\u010dali sepisovat petice a pos\u00edlat je do Bruselu, kde obvi\u0148uj\u00ed Fica a jeho vl\u00e1du de facto z ukotvov\u00e1n\u00ed mafi\u00e1nsk\u00fdch struktur. Nejen, \u017ee jde o kroky opozice na pokraji vlastizrady, kdy\u017e jejich europoslanci v Bruselu usiluj\u00ed o uvalen\u00ed evropsk\u00fdch sankc\u00ed na Slovensko za zru\u0161en\u00ed \u00da\u0159adu speci\u00e1ln\u00ed prokuratury, nebo t\u0159eba za p\u0159ijet\u00ed slovensk\u00e9 obdoby americk\u00e9ho z\u00e1kona FARA, kv\u016fli \u010demu\u017e te\u010f s\u00f3ro\u0161ovsk\u00e9 neziskovky v Gruzii se pokou\u0161\u00ed ve Tbilisi o st\u00e1tn\u00ed p\u0159evrat v r\u00e1mci dal\u0161\u00ed duhov\u00e9 revoluce, proto\u017ee tamn\u00ed parlament rovn\u011b\u017e takov\u00fd z\u00e1kon proti zahrani\u010dn\u00edm agent\u016fm (<em>rozum\u011bj s\u00f3ro\u0161ovsk\u00fdm neziskovk\u00e1m<\/em>) pr\u00e1v\u011b p\u0159ijal.<\/p>\n<h6><span style=\"font-size: 18pt;\">Bez Fica by \u010dekala SMER i Slovensko temn\u00e1 budoucnost<\/span><\/h6>\n<p>Jde toti\u017e i o to, \u017ee Slovensko je pro USA naprosto kl\u00ed\u010dov\u00e1 zem\u011b pro vojensk\u00e9 pl\u00e1ny na Ukrajin\u011b a v bl\u00edzkosti Ukrajiny a\u00a0<strong>pokud by do\u0161lo k nemysliteln\u00e9mu, tedy k \u00famrt\u00ed Roberta Fica, do\u0161lo by bez n\u011bj k pomal\u00e9mu konci dominance SMERu na slovensk\u00e9 politick\u00e9 sc\u00e9n\u011b.<\/strong>\u00a0SMER bez Robert Fica by nedok\u00e1zal podle v\u0161eho udr\u017eet tak masivn\u00ed p\u0159\u00edze\u0148 voli\u010d\u016f, proto\u017ee SMER je vn\u00edman\u00fd jako strana jednoho mu\u017ee.<\/p>\n<p>Je to stejn\u00e1 situace jako Hnut\u00ed ANO v \u010cR, co\u017e je strana Andreje Babi\u0161e. Bez Babi\u0161e by se toto hnut\u00ed zhroutilo samo do sebe. Je to \u00fapln\u011b stejn\u00e9 jako ma\u010farsk\u00e9 hnut\u00ed Fidesz Viktora Orb\u00e1na. Bez Orb\u00e1na by prost\u011b Fidesz nebyl. Je to samoz\u0159ejm\u011b \u010dir\u00e1 spekulace, ale pokud by n\u011bkomu vyhovovala smrt Roberta Fica, nebyla by to ani tak slovensk\u00e1 liber\u00e1ln\u00ed opozice, jako sp\u00ed\u0161 americk\u00e1 administrativa, kter\u00e1 by se na Slovensku zbavila siln\u00e9ho evropsk\u00e9ho odp\u016frce Ameri\u010dany indukovan\u00fdch fa\u0161iza\u010dn\u00edch a v\u00e1le\u010dn\u00fdch proces\u016f v Evrop\u011b.<\/p>\n<figure id=\"attachment_59560\" class=\"wp-caption aligncenter\" style=\"width: 705px;\"><a href=\"https:\/\/aeronet.news\/wp-content\/uploads\/FicoShooterSuspectMedia.jpg\"><img decoding=\"async\" loading=\"lazy\" class=\"wp-image-59560 \" src=\"https:\/\/aeronet.news\/wp-content\/uploads\/FicoShooterSuspectMedia-1024x768.jpg\" sizes=\"(max-width: 700px) 100vw, 700px\" srcset=\"https:\/\/aeronet.news\/wp-content\/uploads\/FicoShooterSuspectMedia-1024x768.jpg 1024w, https:\/\/aeronet.news\/wp-content\/uploads\/FicoShooterSuspectMedia-300x225.jpg 300w, https:\/\/aeronet.news\/wp-content\/uploads\/FicoShooterSuspectMedia-768x576.jpg 768w, https:\/\/aeronet.news\/wp-content\/uploads\/FicoShooterSuspectMedia-700x525.jpg 700w, https:\/\/aeronet.news\/wp-content\/uploads\/FicoShooterSuspectMedia-476x357.jpg 476w, https:\/\/aeronet.news\/wp-content\/uploads\/FicoShooterSuspectMedia-644x483.jpg 644w, https:\/\/aeronet.news\/wp-content\/uploads\/FicoShooterSuspectMedia.jpg 1280w\" alt=\"\" width=\"705\" height=\"529\" \/><\/a><figcaption class=\"wp-caption-text\">Obli\u010dej zadr\u017een\u00e9ho st\u0159elce<\/figcaption><\/figure>\n<p>P\u00ed\u0161u o tom \u010dl\u00e1nky vlastn\u011b neust\u00e1le, \u017ee Ameri\u010dan\u00e9 spustili po ukrajinsk\u00e9m Majdanu v zim\u011b 2014 v cel\u00e9 Evrop\u011b program mohutn\u00e9 a masivn\u00ed renacifikace a v r\u00e1mci revan\u0161istick\u00e9 perestrojky na p\u0159eps\u00e1n\u00ed historie a v\u00fdsledk\u016f II. sv. v\u00e1lky usiluj\u00ed o likvidaci a rozklad Ruska, a to i za cenu v\u00e1lky v Evrop\u011b. Vedlej\u0161\u00edm jevem t\u00e9to operace, kter\u00e1 trv\u00e1 na \u00fazem\u00ed Evropy ji\u017e 10 let, je velmi intenzivn\u00ed radikalizace skupin ve\u0159ejnosti jednak proti sob\u011b, ale i rovn\u011b\u017e proti politik\u016fm s opa\u010dn\u00fdm ne\u017e americk\u00fdm politick\u00fdm n\u00e1zorem.<\/p>\n<p><strong>Prost\u011b kdokoliv raz\u00ed n\u011bco jin\u00e9ho ne\u017e ofici\u00e1ln\u00ed renacifika\u010dn\u00ed trans-atlantick\u00e1 agenda a jej\u00ed propagandistick\u00e1 ma\u0161ina, tak se m\u016f\u017ee st\u00e1t ob\u011bt\u00ed \u00fatoku.<\/strong>\u00a0Kdy\u017e na Slovensku 24 hodin denn\u011b a 365 dn\u00ed v roce jede v tzv. liber\u00e1ln\u00edm mainstreamu propaganda proti Ficovi a \u0159van\u00ed, \u017ee je mafi\u00e1n, mafi\u00e1n a mafi\u00e1n, tak prost\u011b plat\u00ed, \u017ee n\u011bkdo tomu uv\u011b\u0159\u00ed a vezme tu pistoli do ruky a jde premi\u00e9ra zast\u0159elit, proto\u017ee\u2026 proto\u017ee se ho nepoda\u0159ilo zastavit u voleb!<\/p>\n<h6><span style=\"font-size: 18pt;\">Pokud se uk\u00e1\u017ee, \u017ee st\u0159elec byl zfa\u0161izov\u00e1n proti-ficovsk\u00fdmi m\u00e9dii a liber\u00e1ln\u00edmi politiky z opozice, mus\u00ed prokuratura konat!<\/span><\/h6>\n<p>A proto\u017ee Fica se nepoda\u0159ilo zastavit ani u parlamentn\u00edch voleb, ale ani u voleb prezidenta, ve kter\u00fdch zv\u00edt\u011bzil Fic\u016fv \u010dlov\u011bk, b\u00fdval\u00fd \u010dlen SMERu a koali\u010dn\u00ed partner Peter Pellegrini, tak zkr\u00e1tka n\u011bkomu, kdo je radikalizovan\u00fd, to sta\u010d\u00ed k tomu, \u017ee dojde k \u0161\u00edlen\u00e9mu z\u00e1v\u011bru, \u017ee demokraticky Fica u\u017e zastavit nejde, tak\u017ee je pot\u0159eba ho zastavit n\u011bkolika 9mm projektily z pistole. Nev\u00edme sice, jakou r\u00e1\u017ei st\u0159elec pou\u017eil, ale na tom nesejde. Jde prost\u011b o tu logiku zfa\u0161izovan\u00e9ho my\u0161len\u00ed. Prost\u011b atent\u00e1t s c\u00edlem zastavit politika, kter\u00e9ho zfa\u0161izovan\u00e1 slovensk\u00e1 m\u00e9dia hlavn\u00edho proudu vykreslila jako mafi\u00e1na, pro-rusk\u00e9ho agenta a hrozbu pro demokracii.<\/p>\n<p>&nbsp;<\/p>\n<div id=\"rumble_v4sut39\">\n<div id=\"vid_v4sut39\" class=\"rumble_v4sut39-Rumble-cls\" tabindex=\"-1\">\n<div>\n<div class=\"bigPlayUI ctp\">\n<div class=\"bigPlayUIInner ctp\"><div class='videoWrapper'>\r\n\t            <iframe src='https:\/\/rumble.com\/embed\/pj.v4sut39\/' frameborder='0' allowfullscreen><\/iframe>\r\n\t        <\/div><\/div>\n<\/div>\n<\/div>\n<\/div>\n<\/div>\n<p>&nbsp;<\/p>\n<p>St\u0159elec nepochybn\u011b jednal pod n\u00e1valem fa\u0161iza\u010dn\u00ed anti-ficovsk\u00e9 indoktrinace, a pokud vy\u0161et\u0159ov\u00e1n\u00ed uk\u00e1\u017ee a potvrd\u00ed, \u017ee mu\u017e na Fica st\u0159\u00edlel z politick\u00fdch a nikoliv n\u011bjak\u00fdch osobn\u00edch d\u016fvod\u016f, \u017ee by t\u0159eba Fico n\u011bco nep\u011bkn\u00e9ho Cintulovi v minulosti \u0159ekl v soukrom\u00ed, tak prokuratura ro mus\u00ed zohlednit.\u00a0<strong>Pokud se uk\u00e1\u017ee, \u017ee Cintula byl zfa\u0161izovan\u00fd proti Ficovi propagandou slovensk\u00e9ho MSM komplexu a liber\u00e1ln\u00ed opozic\u00ed, mus\u00ed n\u00e9st tento multikomplex spoluvinu.<\/strong>\u00a0Nelze v takov\u00e9m p\u0159\u00edpad\u011b vinit jen st\u0159elce solit\u00e9rn\u011b, ale mus\u00ed n\u00e9st odpov\u011bdnost i ta m\u00e9dia a politici, kte\u0159\u00ed proti Ficovi vedli vybi\u010dovanou pomlouva\u010dnou a diskredita\u010dn\u00ed kampa\u0148, kter\u00e1 dovedla seniora z Levic k takov\u00e9mu \u010dinu. V\u011b\u0159\u00edm, \u017ee Robert Fico se z toho dostane, proto\u017ee je bojovn\u00edk. M\u00e1 p\u0159ed sebou je\u0161t\u011b spoustu pr\u00e1ce, a nejen na Slovensku, tak\u017ee nem\u016f\u017ee odej\u00edt. Modleme se spole\u010dn\u011b za n\u011bj, aby se uzdravil!<\/p>\n<p><a href=\"https:\/\/aeronet.news\/na-slovensku-byl-spachan-atentat-na-premiera-roberta-fica-podle-informaci-je-pachatelem-liberalni-spisovatel-a-basnik-premier-utrpel-nekolikanasobna-strelna-zraneni-a-je-v-kritickem-stavu\/\">-VK- \u0160\u00e9fredaktor AE News<\/a><\/p>\n<p>&nbsp;<\/p>\n<p><a href=\"https:\/\/stranapro.cz\/\"><img decoding=\"async\" loading=\"lazy\" class=\"wp-image-40286 aligncenter\" src=\"http:\/\/www.infokuryr.cz\/n\/wp-content\/uploads\/2023\/11\/12pro-300x87.png\" alt=\"\" width=\"924\" height=\"268\" srcset=\"https:\/\/www.infokuryr.cz\/n\/wp-content\/uploads\/2023\/11\/12pro-300x87.png 300w, https:\/\/www.infokuryr.cz\/n\/wp-content\/uploads\/2023\/11\/12pro.png 366w\" sizes=\"(max-width: 924px) 100vw, 924px\" \/><\/a><\/p>\n<p>&nbsp;<\/p>\n<p>&nbsp;<\/p>\n","protected":false},"excerpt":{"rendered":"<p>Na Slovensku byl sp\u00e1ch\u00e1n atent\u00e1t na premi\u00e9ra Roberta Fica! Podle informac\u00ed je pachatelem liber\u00e1ln\u00ed spisovatel&#8230;<\/p>\n","protected":false},"author":2,"featured_media":53798,"comment_status":"closed","ping_status":"closed","sticky":false,"template":"","format":"standard","meta":[],"categories":[6],"tags":[1042,468,636,5135],"_links":{"self":[{"href":"https:\/\/www.infokuryr.cz\/n\/wp-json\/wp\/v2\/posts\/53797"}],"collection":[{"href":"https:\/\/www.infokuryr.cz\/n\/wp-json\/wp\/v2\/posts"}],"about":[{"href":"https:\/\/www.infokuryr.cz\/n\/wp-json\/wp\/v2\/types\/post"}],"author":[{"embeddable":true,"href":"https:\/\/www.infokuryr.cz\/n\/wp-json\/wp\/v2\/users\/2"}],"replies":[{"embeddable":true,"href":"https:\/\/www.infokuryr.cz\/n\/wp-json\/wp\/v2\/comments?post=53797"}],"version-history":[{"count":1,"href":"https:\/\/www.infokuryr.cz\/n\/wp-json\/wp\/v2\/posts\/53797\/revisions"}],"predecessor-version":[{"id":53799,"href":"https:\/\/www.infokuryr.cz\/n\/wp-json\/wp\/v2\/posts\/53797\/revisions\/53799"}],"wp:featuredmedia":[{"embeddable":true,"href":"https:\/\/www.infokuryr.cz\/n\/wp-json\/wp\/v2\/media\/53798"}],"wp:attachment":[{"href":"https:\/\/www.infokuryr.cz\/n\/wp-json\/wp\/v2\/media?parent=53797"}],"wp:term":[{"taxonomy":"category","embeddable":true,"href":"https:\/\/www.infokuryr.cz\/n\/wp-json\/wp\/v2\/categories?post=53797"},{"taxonomy":"post_tag","embeddable":true,"href":"https:\/\/www.infokuryr.cz\/n\/wp-json\/wp\/v2\/tags?post=53797"}],"curies":[{"name":"wp","href":"https:\/\/api.w.org\/{rel}","templated":true}]}}