{"id":53784,"date":"2024-05-16T00:50:29","date_gmt":"2024-05-15T22:50:29","guid":{"rendered":"https:\/\/www.infokuryr.cz\/n\/?p=53784"},"modified":"2024-05-15T17:40:43","modified_gmt":"2024-05-15T15:40:43","slug":"veslo-ve-znamost-kdo-zastrelil-slovenskeho-premiera-fica","status":"publish","type":"post","link":"https:\/\/www.infokuryr.cz\/n\/2024\/05\/16\/veslo-ve-znamost-kdo-zastrelil-slovenskeho-premiera-fica\/","title":{"rendered":"Ve\u0161lo ve zn\u00e1most, kdo zast\u0159elil slovensk\u00e9ho premi\u00e9ra Fica"},"content":{"rendered":"<div id=\"fb-root\"><\/div>\n<p class=\"lead\"><strong>Policie zve\u0159ejnila toto\u017enost zadr\u017een\u00e9ho mu\u017ee, kter\u00fd st\u0159\u00edlel na slovensk\u00e9ho premi\u00e9ra Roberta Fica. P\u00ed\u0161ou o tom m\u00edstn\u00ed m\u00e9dia.<\/strong><\/p>\n<p><img decoding=\"async\" loading=\"lazy\" class=\"wp-image-53787 alignleft\" src=\"http:\/\/www.infokuryr.cz\/n\/wp-content\/uploads\/2024\/05\/atentatnik--300x194.jpg\" alt=\"\" width=\"357\" height=\"231\" srcset=\"https:\/\/www.infokuryr.cz\/n\/wp-content\/uploads\/2024\/05\/atentatnik--300x194.jpg 300w, https:\/\/www.infokuryr.cz\/n\/wp-content\/uploads\/2024\/05\/atentatnik-.jpg 470w\" sizes=\"(max-width: 357px) 100vw, 357px\" \/><\/p>\n<p>Uv\u00e1d\u00ed se, \u017ee Fica zast\u0159elil 71let\u00fd spisovatel\u00a0<strong>Juraj Cintula<\/strong> (<em>obr. vlevo)<\/em>, zakladatel liter\u00e1rn\u00edho klubu z m\u011bsta Levitz. <strong>Je p\u0159\u00edznivcem liber\u00e1ln\u00ed strany Progresivn\u00ed Slovensko.<\/strong> P\u0159ed pokusem o atent\u00e1t podez\u0159el\u00fd zak\u0159i\u010del na premi\u00e9ra: \u201eRobo, poj\u010f sem,\u201c a zah\u00e1jil palbu. Tedy, \u017ee c\u00edlem atent\u00e1tu byl konkr\u00e9tn\u011b \u0161\u00e9f slovensk\u00e9 vl\u00e1dy. Je t\u0159eba poznamenat, \u017ee m\u011bl leg\u00e1ln\u011b registrovanou zbra\u0148 a zah\u00e1jil z n\u00ed palbu.<\/p>\n<p>P\u0159ipome\u0148me, \u017ee ve st\u0159edu do\u0161lo k \u00fatoku na slovensk\u00e9ho premi\u00e9ra Roberta Fica. Podle n\u011bkter\u00fdch zdroj\u016f nebylo premi\u00e9rovo zran\u011bn\u00ed v\u00e1\u017en\u00e9 &#8211; kulky ho zas\u00e1hly do nohy a pa\u017ee. Podle jin\u00fdch byl zran\u011bn na hrudi a b\u0159i\u0161e a jeho stav je v\u00e1\u017en\u00fd. Ficova strana ofici\u00e1ln\u011b uvedla, \u017ee byl \u201eve stavu ohro\u017een\u00ed \u017eivota\u201c a \u201eutrp\u011bl mnoho\u010detn\u00e1 zran\u011bn\u00ed\u201c.<\/p>\n<p><em>\u201eV sou\u010dasn\u00e9 dob\u011b je v ohro\u017een\u00ed \u017eivota. V sou\u010dasn\u00e9 dob\u011b je transportov\u00e1n vrtuln\u00edkem do Bansk\u00e9 Bystrice, proto\u017ee doru\u010den\u00ed do Bratislavy by vzhledem k nal\u00e9hav\u00e9 pot\u0159eb\u011b z\u00e1sahu trvalo p\u0159\u00edli\u0161 dlouho. O v\u0161em se rozhodne v nejbli\u017e\u0161\u00edch hodin\u00e1ch.&#8220;<span class=\"after-quote\">\u00a0&#8211; \u0159\u00edk\u00e1 zpr\u00e1va.<\/span><\/em><\/p>\n<p><img decoding=\"async\" loading=\"lazy\" class=\"alignnone size-full wp-image-1185\" src=\"http:\/\/www.infokuryr.cz\/n\/wp-content\/uploads\/2021\/04\/kuryr-podpis.png\" alt=\"\" width=\"84\" height=\"24\" \/><\/p>\n<p>&nbsp;<\/p>\n<p>&nbsp;<\/p>\n","protected":false},"excerpt":{"rendered":"<p>Policie zve\u0159ejnila toto\u017enost zadr\u017een\u00e9ho mu\u017ee, kter\u00fd st\u0159\u00edlel na slovensk\u00e9ho premi\u00e9ra Roberta Fica. P\u00ed\u0161ou o tom&#8230;<\/p>\n","protected":false},"author":2,"featured_media":53785,"comment_status":"closed","ping_status":"closed","sticky":false,"template":"","format":"standard","meta":[],"categories":[7],"tags":[468,636,203],"_links":{"self":[{"href":"https:\/\/www.infokuryr.cz\/n\/wp-json\/wp\/v2\/posts\/53784"}],"collection":[{"href":"https:\/\/www.infokuryr.cz\/n\/wp-json\/wp\/v2\/posts"}],"about":[{"href":"https:\/\/www.infokuryr.cz\/n\/wp-json\/wp\/v2\/types\/post"}],"author":[{"embeddable":true,"href":"https:\/\/www.infokuryr.cz\/n\/wp-json\/wp\/v2\/users\/2"}],"replies":[{"embeddable":true,"href":"https:\/\/www.infokuryr.cz\/n\/wp-json\/wp\/v2\/comments?post=53784"}],"version-history":[{"count":1,"href":"https:\/\/www.infokuryr.cz\/n\/wp-json\/wp\/v2\/posts\/53784\/revisions"}],"predecessor-version":[{"id":53786,"href":"https:\/\/www.infokuryr.cz\/n\/wp-json\/wp\/v2\/posts\/53784\/revisions\/53786"}],"wp:featuredmedia":[{"embeddable":true,"href":"https:\/\/www.infokuryr.cz\/n\/wp-json\/wp\/v2\/media\/53785"}],"wp:attachment":[{"href":"https:\/\/www.infokuryr.cz\/n\/wp-json\/wp\/v2\/media?parent=53784"}],"wp:term":[{"taxonomy":"category","embeddable":true,"href":"https:\/\/www.infokuryr.cz\/n\/wp-json\/wp\/v2\/categories?post=53784"},{"taxonomy":"post_tag","embeddable":true,"href":"https:\/\/www.infokuryr.cz\/n\/wp-json\/wp\/v2\/tags?post=53784"}],"curies":[{"name":"wp","href":"https:\/\/api.w.org\/{rel}","templated":true}]}}