{"id":53783,"date":"2024-05-16T00:49:31","date_gmt":"2024-05-15T22:49:31","guid":{"rendered":"https:\/\/www.infokuryr.cz\/n\/?p=53783"},"modified":"2024-05-15T17:29:50","modified_gmt":"2024-05-15T15:29:50","slug":"osn-zahajila-vysetrovani-po-zabiti-clena-personalu-v-gaze","status":"publish","type":"post","link":"https:\/\/www.infokuryr.cz\/n\/2024\/05\/16\/osn-zahajila-vysetrovani-po-zabiti-clena-personalu-v-gaze\/","title":{"rendered":"OSN zah\u00e1jila vy\u0161et\u0159ov\u00e1n\u00ed po zabit\u00ed \u010dlena person\u00e1lu v Gaze"},"content":{"rendered":"<div id=\"fb-root\"><\/div>\n<p><span style=\"font-size: 18pt;\"><strong>B\u00fdval\u00fd d\u016fstojn\u00edk indick\u00e9 arm\u00e1dy zem\u0159el tento t\u00fdden v d\u016fsledku neidentifikovan\u00e9ho \u00faderu na auto pat\u0159\u00edc\u00ed organizaci<\/strong><\/span><\/p>\n<p><span>OSN ozn\u00e1mila zah\u00e1jen\u00ed vy\u0161et\u0159ov\u00e1n\u00ed \u00faderu na automobil v Rafahu na jihu Gazy, kter\u00fd tento t\u00fdden zabil jej\u00edho prvn\u00edho mezin\u00e1rodn\u00edho zam\u011bstnance v konfliktu mezi Izraelem a Ham\u00e1sem, p\u00ed\u0161e agentura Reuters.<\/span><\/p>\n<p><span>Zam\u011bstnanec, b\u00fdval\u00fd d\u016fstojn\u00edk indick\u00e9 arm\u00e1dy jm\u00e9nem Waibhav Anil Kale, zem\u0159el a jeho kolega byl zran\u011bn, kdy\u017e v pond\u011bl\u00ed cestovali ve vozidle OSN do evropsk\u00e9 nemocnice v Rafahu. Oba byli \u010dleny odboru OSN pro bezpe\u010dnost a ochranu.<\/span><\/p>\n<p><span>OSN z\u0159\u00eddila vy\u0161et\u0159ovac\u00ed komisi, kter\u00e1 m\u00e1 ur\u010dit odpov\u011bdnost za \u00fatok, \u0159ekl v \u00fater\u00fd novin\u00e1\u0159\u016fm z\u00e1stupce mluv\u010d\u00edho gener\u00e1ln\u00edho tajemn\u00edka Farhan Haq.<\/span><\/p>\n<p><em><span>&#8222;Je to velmi brzy na vy\u0161et\u0159ov\u00e1n\u00ed a podrobnosti o incidentu jsou st\u00e1le ov\u011b\u0159ov\u00e1ny s Izraelsk\u00fdmi obrann\u00fdmi silami (IDF),&#8220;<\/span><\/em><span>\u00a0\u0159ekl s t\u00edm, \u017ee v sou\u010dasn\u00e9 dob\u011b je v Gaze 71 mezin\u00e1rodn\u00edch \u010dlen\u016f person\u00e1lu OSN.<\/span><\/p>\n<p><span>Podle dal\u0161\u00edho mluv\u010d\u00edho gener\u00e1ln\u00edho tajemn\u00edka OSN citovan\u00e9ho den\u00edkem Washington Post v\u00fdst\u0159ely, kter\u00e9 zabily d\u011bln\u00edka,\u00a0<\/span><em><span>\u201epoch\u00e1zely z tanku\u201c<\/span><\/em><span>\u00a0v oblasti, kde v Gaze provozuje obrn\u011bn\u00e1 vozidla pouze Izrael. V\u016fz byl \u00fadajn\u011b ozna\u010den vlajkou OSN a izraelsk\u00e9 \u00fa\u0159ady byly informov\u00e1ny o jeho pohybu.<\/span><\/p>\n<p><span>IDF v pond\u011bl\u00ed uvedla, \u017ee nebyla informov\u00e1na o trase vozidla, a dodala, \u017ee incident je\u00a0<\/span><em><span>\u201ev prov\u011b\u0159ov\u00e1n\u00ed\u201c.<\/span><\/em><\/p>\n<p><span>Po incidentu gener\u00e1ln\u00ed tajemn\u00edk OSN Antonio Guterres zopakoval\u00a0<\/span><em><span>\u201enal\u00e9havou v\u00fdzvu k okam\u017eit\u00e9mu humanit\u00e1rn\u00edmu p\u0159\u00edm\u011b\u0159\u00ed a k propu\u0161t\u011bn\u00ed v\u0161ech rukojm\u00edch,\u201c<\/span><\/em><span>\u00a0uvedl, \u017ee konflikt v Gaze si nad\u00e1le vyb\u00edr\u00e1 t\u011b\u017ekou da\u0148\u00a0<\/span><em><span>\u201enejen na civilistech, ale tak\u00e9 na humanit\u00e1rn\u00ed pracovn\u00edci.&#8220;<\/span><\/em><\/p>\n<p><span>Palestinsk\u00e1 agentura OSN pro uprchl\u00edky UNRWA v pond\u011bl\u00ed samostatn\u011b informovala, \u017ee o v\u00edkendu byl zabit dal\u0161\u00ed jej\u00ed zam\u011bstnanec, \u010d\u00edm\u017e se celkov\u00fd po\u010det zabit\u00fdch zam\u011bstnanc\u016f v Gaze zv\u00fd\u0161il na 188.<\/span><\/p>\n<p><span>Podle UNRWA uprchlo v posledn\u00edch dnech z Rafahu asi 450 000 lid\u00ed, proto\u017ee izraelsk\u00e9 s\u00edly se tla\u010dily hloub\u011bji do m\u011bsta, kde hledalo \u00fato\u010di\u0161t\u011b v\u00edce ne\u017e milion civilist\u016f. Izraelsk\u00e1 arm\u00e1da trv\u00e1 na tom, \u017ee Rafah je ba\u0161tou Ham\u00e1su a \u017ee pot\u0159ebuje za\u00fato\u010dit na m\u011bsto, aby je zlikvidoval.<\/span><\/p>\n<p><span>Izrael vyhl\u00e1sil v\u00e1lku Hamasu v Gaze po smrt\u00edc\u00ed invazi t\u00e9to militantn\u00ed skupiny ze 7. \u0159\u00edjna, kter\u00e1 si vy\u017e\u00e1dala p\u0159es 1100 ob\u011bt\u00ed a stovky Izraelc\u016f byly zajaty jako rukojm\u00ed.<\/span><\/p>\n<p><span>V\u00edce ne\u017e 35 000 Palestinc\u016f bylo zabito a 78 755 zran\u011bno v d\u016fsledku n\u00e1sledn\u00e9 izraelsk\u00e9 ofenz\u00edvy v Gaze, podle zdravotnick\u00fdch \u00fa\u0159ad\u016f v enkl\u00e1v\u011b.<\/span><\/p>\n<p><img decoding=\"async\" loading=\"lazy\" class=\"alignnone size-full wp-image-1185\" src=\"http:\/\/www.infokuryr.cz\/n\/wp-content\/uploads\/2021\/04\/kuryr-podpis.png\" alt=\"\" width=\"84\" height=\"24\" \/><\/p>\n<p>&nbsp;<\/p>\n","protected":false},"excerpt":{"rendered":"<p>B\u00fdval\u00fd d\u016fstojn\u00edk indick\u00e9 arm\u00e1dy zem\u0159el tento t\u00fdden v d\u016fsledku neidentifikovan\u00e9ho \u00faderu na auto pat\u0159\u00edc\u00ed organizaci&#8230;<\/p>\n","protected":false},"author":2,"featured_media":14247,"comment_status":"closed","ping_status":"closed","sticky":false,"template":"","format":"standard","meta":[],"categories":[7],"tags":[348,186,7298,1398],"_links":{"self":[{"href":"https:\/\/www.infokuryr.cz\/n\/wp-json\/wp\/v2\/posts\/53783"}],"collection":[{"href":"https:\/\/www.infokuryr.cz\/n\/wp-json\/wp\/v2\/posts"}],"about":[{"href":"https:\/\/www.infokuryr.cz\/n\/wp-json\/wp\/v2\/types\/post"}],"author":[{"embeddable":true,"href":"https:\/\/www.infokuryr.cz\/n\/wp-json\/wp\/v2\/users\/2"}],"replies":[{"embeddable":true,"href":"https:\/\/www.infokuryr.cz\/n\/wp-json\/wp\/v2\/comments?post=53783"}],"version-history":[{"count":0,"href":"https:\/\/www.infokuryr.cz\/n\/wp-json\/wp\/v2\/posts\/53783\/revisions"}],"wp:featuredmedia":[{"embeddable":true,"href":"https:\/\/www.infokuryr.cz\/n\/wp-json\/wp\/v2\/media\/14247"}],"wp:attachment":[{"href":"https:\/\/www.infokuryr.cz\/n\/wp-json\/wp\/v2\/media?parent=53783"}],"wp:term":[{"taxonomy":"category","embeddable":true,"href":"https:\/\/www.infokuryr.cz\/n\/wp-json\/wp\/v2\/categories?post=53783"},{"taxonomy":"post_tag","embeddable":true,"href":"https:\/\/www.infokuryr.cz\/n\/wp-json\/wp\/v2\/tags?post=53783"}],"curies":[{"name":"wp","href":"https:\/\/api.w.org\/{rel}","templated":true}]}}