{"id":53780,"date":"2024-05-16T00:47:40","date_gmt":"2024-05-15T22:47:40","guid":{"rendered":"https:\/\/www.infokuryr.cz\/n\/?p=53780"},"modified":"2024-05-15T17:18:34","modified_gmt":"2024-05-15T15:18:34","slug":"svrzeny-africky-vudce-drzi-hladovku","status":"publish","type":"post","link":"https:\/\/www.infokuryr.cz\/n\/2024\/05\/16\/svrzeny-africky-vudce-drzi-hladovku\/","title":{"rendered":"Svr\u017een\u00fd africk\u00fd v\u016fdce dr\u017e\u00ed hladovku"},"content":{"rendered":"<div id=\"fb-root\"><\/div>\n<p><span style=\"font-size: 18pt;\"><strong>Pr\u00e1vn\u00edci b\u00fdval\u00e9ho prezidenta Gabonu tvrd\u00ed, \u017ee jeho zadr\u017een\u00e1 rodina byla vystavena fyzick\u00e9mu napaden\u00ed<\/strong><\/span><\/p>\n<p><span>Gabonsk\u00fd\u00a0<\/span><a href=\"https:\/\/swentr.site\/africa\/582068-gabon-military-regime-elections\/\"><span>sesazen\u00fd<\/span><\/a><span>\u00a0prezident Ali Bongo zah\u00e1jil hladovku na protest proti \u00fadajn\u00e9mu mu\u010den\u00ed jeho a jeho rodiny, kte\u0159\u00ed jsou zadr\u017eov\u00e1ni od srpna, ozn\u00e1mili v \u00fater\u00fd jeho pr\u00e1vn\u00edci.<\/span><\/p>\n<p><span>Pr\u00e1vn\u00ed z\u00e1stupce rodiny, Francois Zimeray, \u0159ekl Radio France Internationale (RFI), \u017ee dva Bongovi nejmlad\u0161\u00ed synov\u00e9, Jalil a Bilal, se rozhodli p\u0159ipojit se ke sv\u00e9mu otci v kampani, proto\u017ee byli dev\u011bt m\u011bs\u00edc\u016f zbaveni svobody.<\/span><\/p>\n<p><em><span>\u201eJejich matka a brat\u0159i byli zat\u010deni a mu\u010deni a oni sami nepo\u017e\u00edvaj\u00ed \u017e\u00e1dn\u00fdch ze z\u00e1kladn\u00edch pr\u00e1v, kter\u00e1 v\u0161ichni uzn\u00e1vaj\u00ed,\u201c<\/span><\/em><span>\u00a0citovala RFI Zimeraye.<\/span><\/p>\n<p><span>Ali Bongo, kter\u00fd byl u moci 14 let, byl spolu s Jalilem a Bilalem um\u00edst\u011bn do dom\u00e1c\u00edho v\u011bzen\u00ed v hlavn\u00edm m\u011bst\u011b Libreville pot\u00e9, co skupina gabonsk\u00fdch voj\u00e1k\u016f provedla p\u0159evrat a anulovala v\u00fdsledky sporn\u00fdch prezidentsk\u00fdch voleb v zemi v srpnu. .<\/span><\/p>\n<p><span>V\u016fdce byl prohl\u00e1\u0161en za v\u00edt\u011bze se ziskem 64,27 % hlas\u016f, co\u017e mu umo\u017enilo t\u0159et\u00ed funk\u010dn\u00ed obdob\u00ed vl\u00e1dnout st\u0159edoafrick\u00e9mu n\u00e1rodu pot\u00e9, co nahradil sv\u00e9ho otce Omara Bonga, kter\u00fd byl u moci od roku 1967.<\/span><\/p>\n<p><span>V \u0159\u00edjnu nov\u00e9 veden\u00ed tak\u00e9 uv\u011bznilo sesazenou prvn\u00ed d\u00e1mu Sylvii Bongo a jej\u00edho nejstar\u0161\u00edho syna Noureddina Bonga na z\u00e1klad\u011b obvin\u011bn\u00ed z korupce a zpronev\u011bry.<\/span><\/p>\n<p><span>V \u00fater\u00fd pr\u00e1vn\u00ed z\u00e1stupce rodiny Bongo v prohl\u00e1\u0161en\u00ed citovan\u00e9m AFP tvrdil, \u017ee Noureddin a Sylvia byli ve vazb\u011b vystaveni fyzick\u00e9mu napaden\u00ed.<\/span><\/p>\n<p><span>\u0158ekli, \u017ee Noureddin byl\u00a0<\/span><em><span>\u201en\u011bkolikr\u00e1t mu\u010den, bit kladivem a p\u00e1\u010didlem, u\u0161krcen, bi\u010dov\u00e1n a dokonce zabit elektrick\u00fdm proudem taserem\u201c.<\/span><\/em><\/p>\n<p><em><span>&#8222;Sylvia Bongo, donucen\u00e1 b\u00fdt sv\u011bdkem mu\u010den\u00ed&#8230; byla tak\u00e9 zbita a u\u0161krcena, jako sou\u010d\u00e1st neomezen\u00e9ho vyvlast\u0148ov\u00e1n\u00ed rodinn\u00e9ho majetku,&#8220;<\/span><\/em><span>\u00a0uvedli.<\/span><\/p>\n<p><span>T\u00fdm obhajoby uvedl, \u017ee podal st\u00ed\u017enost k pa\u0159\u00ed\u017esk\u00e9mu soudn\u00edmu soudu p\u0159ed n\u00e1v\u0161t\u011bvou nov\u00e9ho gabonsk\u00e9ho vl\u00e1dce gener\u00e1la Brice Oligui Nguemy ve Francii v nadch\u00e1zej\u00edc\u00edm t\u00fddnu.<\/span><\/p>\n<p><em><span>&#8222;Jsou to v\u00e1\u017en\u00e9 zlo\u010diny a pachatel\u00e9 mus\u00ed p\u0159in\u00e9st spravedlnost.&#8220; Tak\u017ee tam bude vy\u0161et\u0159ov\u00e1n\u00ed, bude p\u0159edvol\u00e1n\u00ed, a pokud se neobjev\u00ed, mezin\u00e1rodn\u00ed zatyka\u010de,\u201c<\/span><\/em><span>\u00a0\u0159ekl pr\u00e1vn\u00edk Zimeray RFI s t\u00edm, \u017ee\u00a0<\/span><em><span>\u201emaj\u00ed jm\u00e9na t\u011bch, kte\u0159\u00ed se \u00fa\u010dastnili nebo sponzorovali tyto akty sekvestrace, mu\u010den\u00ed, a barbarstv\u00ed.&#8220;<\/span><\/em><\/p>\n<p><img decoding=\"async\" loading=\"lazy\" class=\"alignnone size-full wp-image-1185\" src=\"http:\/\/www.infokuryr.cz\/n\/wp-content\/uploads\/2021\/04\/kuryr-podpis.png\" alt=\"\" width=\"84\" height=\"24\" \/><\/p>\n<p>&nbsp;<\/p>\n","protected":false},"excerpt":{"rendered":"<p>Pr\u00e1vn\u00edci b\u00fdval\u00e9ho prezidenta Gabonu tvrd\u00ed, \u017ee jeho zadr\u017een\u00e1 rodina byla vystavena fyzick\u00e9mu napaden\u00ed Gabonsk\u00fd\u00a0sesazen\u00fd\u00a0prezident Ali&#8230;<\/p>\n","protected":false},"author":2,"featured_media":53781,"comment_status":"closed","ping_status":"closed","sticky":false,"template":"","format":"standard","meta":[],"categories":[7],"tags":[5788,5487,165],"_links":{"self":[{"href":"https:\/\/www.infokuryr.cz\/n\/wp-json\/wp\/v2\/posts\/53780"}],"collection":[{"href":"https:\/\/www.infokuryr.cz\/n\/wp-json\/wp\/v2\/posts"}],"about":[{"href":"https:\/\/www.infokuryr.cz\/n\/wp-json\/wp\/v2\/types\/post"}],"author":[{"embeddable":true,"href":"https:\/\/www.infokuryr.cz\/n\/wp-json\/wp\/v2\/users\/2"}],"replies":[{"embeddable":true,"href":"https:\/\/www.infokuryr.cz\/n\/wp-json\/wp\/v2\/comments?post=53780"}],"version-history":[{"count":0,"href":"https:\/\/www.infokuryr.cz\/n\/wp-json\/wp\/v2\/posts\/53780\/revisions"}],"wp:featuredmedia":[{"embeddable":true,"href":"https:\/\/www.infokuryr.cz\/n\/wp-json\/wp\/v2\/media\/53781"}],"wp:attachment":[{"href":"https:\/\/www.infokuryr.cz\/n\/wp-json\/wp\/v2\/media?parent=53780"}],"wp:term":[{"taxonomy":"category","embeddable":true,"href":"https:\/\/www.infokuryr.cz\/n\/wp-json\/wp\/v2\/categories?post=53780"},{"taxonomy":"post_tag","embeddable":true,"href":"https:\/\/www.infokuryr.cz\/n\/wp-json\/wp\/v2\/tags?post=53780"}],"curies":[{"name":"wp","href":"https:\/\/api.w.org\/{rel}","templated":true}]}}