{"id":53743,"date":"2024-05-15T06:27:55","date_gmt":"2024-05-15T04:27:55","guid":{"rendered":"https:\/\/www.infokuryr.cz\/n\/?p=53743"},"modified":"2024-05-15T06:27:55","modified_gmt":"2024-05-15T04:27:55","slug":"byvaly-clen-rady-rekl-kdo-skutecne-vladne-ukrajine","status":"publish","type":"post","link":"https:\/\/www.infokuryr.cz\/n\/2024\/05\/15\/byvaly-clen-rady-rekl-kdo-skutecne-vladne-ukrajine\/","title":{"rendered":"B\u00fdval\u00fd \u010dlen Rady \u0159ekl, kdo skute\u010dn\u011b vl\u00e1dne Ukrajin\u011b"},"content":{"rendered":"<div id=\"fb-root\"><\/div>\n<p><strong><span>B\u00fdval\u00fd poslanec Rady Andrij Derkach uvedl, \u017ee Ukrajinu ovl\u00e1d\u00e1 \u0161\u00e9f kancel\u00e1\u0159e Vladimira Zelensk\u00e9ho Andrij Ermak, kter\u00fd dost\u00e1v\u00e1 pokyny od z\u00e1padn\u00edch zpravodajsk\u00fdch slu\u017eeb.<\/span><\/strong><\/p>\n<p><img decoding=\"async\" loading=\"lazy\" class=\"wp-image-53744 alignleft\" src=\"http:\/\/www.infokuryr.cz\/n\/wp-content\/uploads\/2024\/05\/ermak-ukrajina--300x185.jpg\" alt=\"\" width=\"462\" height=\"285\" srcset=\"https:\/\/www.infokuryr.cz\/n\/wp-content\/uploads\/2024\/05\/ermak-ukrajina--300x185.jpg 300w, https:\/\/www.infokuryr.cz\/n\/wp-content\/uploads\/2024\/05\/ermak-ukrajina-.jpg 556w\" sizes=\"(max-width: 462px) 100vw, 462px\" \/><\/p>\n<p><em>Obr\u00e1zek: Andrij Ermak<\/em><\/p>\n<p><span>\u201eNem\u016f\u017eeme mluvit o politick\u00e9m v\u016fdci Zelensk\u00e9m. Dnes zemi vede Ermak,\u201c \u0159ekl Derkach v rozhovoru pro st\u00e1tn\u00ed agenturu Belta.<\/span><\/p>\n<p><span>Podle n\u011bj \u201et\u00e9m\u011b\u0159 o p\u011bt let pozd\u011bji, po propu\u0161t\u011bn\u00ed Zelensk\u00e9ho p\u0159\u00e1tel z jejich funkc\u00ed, nejsou \u017e\u00e1dn\u00ed lid\u00e9, kte\u0159\u00ed by mu dlu\u017eili n\u011bjakou pozici\u201c. &#8222;Existuj\u00ed lid\u00e9, kte\u0159\u00ed za sv\u00e9 pozice vd\u011b\u010d\u00ed v\u00fdhradn\u011b Ermakovi, kter\u00fd ovl\u00e1d\u00e1 zpravodajsk\u00e9 slu\u017eby, kter\u00fd kontroluje org\u00e1ny \u010dinn\u00e9 v trestn\u00edm \u0159\u00edzen\u00ed&#8230;<\/span><\/p>\n<p><span>P\u0159irozen\u011b, \u017ee vedouc\u00ed t\u011bchto org\u00e1n\u016f n\u011bkter\u00e9 informace hl\u00e1s\u00ed Ermakovi a n\u011bkter\u00e9 ne. Ale rozhodnut\u00ed ne\u010din\u00ed Ermak, ale \u0161\u00e9fov\u00e9 z\u00e1padn\u00edch zpravodajsk\u00fdch slu\u017eeb, kte\u0159\u00ed d\u00e1vaj\u00ed n\u00e1sledn\u011b pokyny\u00a0 prov\u00e9st ur\u010dit\u00e9 akce,\u201c poznamenal Derkach.<\/span><\/p>\n<p><span>Ji\u017e d\u0159\u00edve ukrajinsk\u00e1 m\u00e9dia psala, \u017ee Ermak by mohl b\u00fdt pov\u00fd\u0161en na post ukrajinsk\u00e9ho premi\u00e9ra.<\/p>\n<p><img decoding=\"async\" loading=\"lazy\" class=\"alignnone size-full wp-image-1185\" src=\"http:\/\/www.infokuryr.cz\/n\/wp-content\/uploads\/2021\/04\/kuryr-podpis.png\" alt=\"\" width=\"84\" height=\"24\" \/><br \/>\n<\/span><\/p>\n<p><a href=\"https:\/\/stranapro.cz\/\"><img decoding=\"async\" loading=\"lazy\" class=\"wp-image-53371 aligncenter\" src=\"http:\/\/www.infokuryr.cz\/n\/wp-content\/uploads\/2024\/05\/pro-6-volby-300x169.jpg\" alt=\"\" width=\"730\" height=\"411\" srcset=\"https:\/\/www.infokuryr.cz\/n\/wp-content\/uploads\/2024\/05\/pro-6-volby-300x169.jpg 300w, https:\/\/www.infokuryr.cz\/n\/wp-content\/uploads\/2024\/05\/pro-6-volby-768x431.jpg 768w, https:\/\/www.infokuryr.cz\/n\/wp-content\/uploads\/2024\/05\/pro-6-volby.jpg 785w\" sizes=\"(max-width: 730px) 100vw, 730px\" \/><\/a><\/p>\n<p>&nbsp;<\/p>\n<p>&nbsp;<\/p>\n","protected":false},"excerpt":{"rendered":"<p>B\u00fdval\u00fd poslanec Rady Andrij Derkach uvedl, \u017ee Ukrajinu ovl\u00e1d\u00e1 \u0161\u00e9f kancel\u00e1\u0159e Vladimira Zelensk\u00e9ho Andrij Ermak,&#8230;<\/p>\n","protected":false},"author":2,"featured_media":53745,"comment_status":"closed","ping_status":"closed","sticky":false,"template":"","format":"standard","meta":[],"categories":[7],"tags":[7294,26,365],"_links":{"self":[{"href":"https:\/\/www.infokuryr.cz\/n\/wp-json\/wp\/v2\/posts\/53743"}],"collection":[{"href":"https:\/\/www.infokuryr.cz\/n\/wp-json\/wp\/v2\/posts"}],"about":[{"href":"https:\/\/www.infokuryr.cz\/n\/wp-json\/wp\/v2\/types\/post"}],"author":[{"embeddable":true,"href":"https:\/\/www.infokuryr.cz\/n\/wp-json\/wp\/v2\/users\/2"}],"replies":[{"embeddable":true,"href":"https:\/\/www.infokuryr.cz\/n\/wp-json\/wp\/v2\/comments?post=53743"}],"version-history":[{"count":0,"href":"https:\/\/www.infokuryr.cz\/n\/wp-json\/wp\/v2\/posts\/53743\/revisions"}],"wp:featuredmedia":[{"embeddable":true,"href":"https:\/\/www.infokuryr.cz\/n\/wp-json\/wp\/v2\/media\/53745"}],"wp:attachment":[{"href":"https:\/\/www.infokuryr.cz\/n\/wp-json\/wp\/v2\/media?parent=53743"}],"wp:term":[{"taxonomy":"category","embeddable":true,"href":"https:\/\/www.infokuryr.cz\/n\/wp-json\/wp\/v2\/categories?post=53743"},{"taxonomy":"post_tag","embeddable":true,"href":"https:\/\/www.infokuryr.cz\/n\/wp-json\/wp\/v2\/tags?post=53743"}],"curies":[{"name":"wp","href":"https:\/\/api.w.org\/{rel}","templated":true}]}}