{"id":53739,"date":"2024-05-15T06:10:11","date_gmt":"2024-05-15T04:10:11","guid":{"rendered":"https:\/\/www.infokuryr.cz\/n\/?p=53739"},"modified":"2024-05-15T06:10:11","modified_gmt":"2024-05-15T04:10:11","slug":"eu-odsuzuje-izraelske-extremisty","status":"publish","type":"post","link":"https:\/\/www.infokuryr.cz\/n\/2024\/05\/15\/eu-odsuzuje-izraelske-extremisty\/","title":{"rendered":"EU odsuzuje \u201eizraelsk\u00e9 extremisty\u201c"},"content":{"rendered":"<div id=\"fb-root\"><\/div>\n<p><span style=\"font-size: 18pt;\"><strong>Osadn\u00edci na Z\u00e1padn\u00edm b\u0159ehu zablokovali humanit\u00e1rn\u00ed pomocn\u00fd konvoj sm\u011b\u0159uj\u00edc\u00ed do Gazy<\/strong><\/span><\/p>\n<p><span>\u0160\u00e9f zahrani\u010dn\u00ed politiky EU Josep Borrell po\u017eaduje, aby Izrael ud\u011blal n\u011bco s\u00a0<\/span><em><span>\u201eextr\u00e9misty\u201c<\/span><\/em><span>\u00a0\u00fato\u010d\u00edc\u00edmi na konvoje s humanit\u00e1rn\u00ed pomoc\u00ed na cest\u011b do Gazy.<\/span><\/p>\n<p><span>Po izraelsk\u00e9 ofenziv\u011b na m\u011bsto Raf\u00e1h, kter\u00e9 le\u017e\u00ed na hranici palestinsk\u00e9 enkl\u00e1vy s Egyptem, byly dod\u00e1vky potravin a dal\u0161\u00edho zbo\u017e\u00ed pro Gazu p\u0159esm\u011brov\u00e1ny p\u0159es Izrael. V pond\u011bl\u00ed byl jeden takov\u00fd konvoj vyplen\u011bn u Hebronu.<\/span><\/p>\n<p><em><span>\u201eJsem pobou\u0159en opakovan\u00fdmi a st\u00e1le nekontrolovan\u00fdmi \u00fatoky p\u00e1chan\u00fdch izraelsk\u00fdmi extr\u00e9misty na konvoje s pomoc\u00ed na cest\u011b do Gazy, v\u010detn\u011b z Jord\u00e1nska. Stovky tis\u00edc civilist\u016f hladov\u011bj\u00ed,\u201c<\/span><\/em><span>\u00a0uvedl Borrell v \u00fater\u00fd ve\u010der\u00a0<\/span><a href=\"https:\/\/twitter.com\/JosepBorrellF\/status\/1790454760107090408\"><span>na X<\/span><\/a><span>\u00a0(d\u0159\u00edve Twitter). Vyzval izraelsk\u00e9 \u00fa\u0159ady, aby\u00a0<\/span><em><span>\u201ezastavily tyto operace a pohnaly odpov\u011bdn\u00e9 osoby k odpov\u011bdnosti\u201c.<\/span><\/em><\/p>\n<p><span>Jeho odsouzen\u00ed p\u0159ich\u00e1z\u00ed pot\u00e9, co americk\u00fd poradce pro n\u00e1rodn\u00ed bezpe\u010dnost Jake Sullivan odsoudil \u00fatok b\u011bhem pond\u011bln\u00edho tiskov\u00e9ho br\u00edfinku v B\u00edl\u00e9m dom\u011b.<\/span><\/p>\n<p><em><span>&#8222;Je naprost\u00fdm pobou\u0159en\u00edm, \u017ee existuj\u00ed lid\u00e9, kte\u0159\u00ed \u00fato\u010d\u00ed a rabuj\u00ed tyto konvoje p\u0159ij\u00ed\u017ed\u011bj\u00edc\u00ed z Jord\u00e1nska, kter\u00e9 jedou do Gazy poskytovat humanit\u00e1rn\u00ed pomoc,&#8220;<\/span><\/em><span>\u00a0\u0159ekl Sullivan.\u00a0<\/span><em><span>&#8222;Je to n\u011bco, z \u010deho si nel\u00e1meme hlavu &#8211; pova\u017eujeme to za naprosto a naprosto nep\u0159ijateln\u00e9.&#8220;<\/span><\/em><\/p>\n<p><span>P\u0159i pond\u011bln\u00edm incidentu byl konvoj zastaven na kontroln\u00edm stanovi\u0161ti Tarqumiya pobl\u00ed\u017e Hebronu a skupina lid\u00ed zni\u010dila \u010d\u00e1st potravin z n\u00e1kladn\u00edch aut. Izraelsk\u00fd m\u00edrov\u00fd aktivista Sapir Sluzker Amran, kter\u00fd byl sv\u011bdkem \u00fatoku, identifikoval pachatele jako skupinu nazvanou Tsav 9.<\/span><\/p>\n<p><em><span>\u201eV\u011bt\u0161ina z nich byli osadn\u00edci. Tak\u00e9 tam \u017eij\u00ed, jsou to osadn\u00edci v osad\u00e1ch v t\u00e9to oblasti,\u201c<\/span><\/em><span>\u00a0\u0159ekla v \u00fater\u00fd CBS News.\u00a0<\/span><em><span>&#8222;Spole\u010dn\u00fdm t\u00e9matem v\u0161ech z nich je, \u017ee jsou z pravicov\u00fdch sionistick\u00fdch skupin.&#8220;<\/span><\/em><\/p>\n<p><span>Fotografie a videa po\u0159\u00edzen\u00e1 Amranem ukazuj\u00ed, jak \u00fato\u010dn\u00edci lezou na n\u00e1kladn\u00ed auta, h\u00e1zej\u00ed bal\u00ed\u010dky s j\u00eddlem na krajnice a vysyp\u00e1vaj\u00ed mouku z pytl\u016f.\u00a0<\/span><\/p>\n<p><em><span>&#8222;Za\u010dali p\u0159ed n\u011bkolika m\u011bs\u00edci, shroma\u017e\u010fuj\u00ed spoustu pen\u011bz a maj\u00ed mnoho p\u0159\u00edznivc\u016f ve vl\u00e1d\u011b,&#8220;<\/span><\/em><span>\u00a0\u0159ekl Amran CBS a tvrdil, \u017ee izraelsk\u00e1 arm\u00e1da a policie prozradily um\u00edst\u011bn\u00ed konvoj\u016f s pomoc\u00ed. Tvrdila tak\u00e9, \u017ee ji jeden z osadn\u00edk\u016f ude\u0159il b\u011bhem pond\u011bln\u00edho incidentu a \u017ee m\u00edsto toho \u00fato\u010dn\u00edka chr\u00e1nily Izraelsk\u00e9 obrann\u00e9 s\u00edly (IDF).\u00a0<\/span><\/p>\n<p><span>Tsav 9 je skupina, kter\u00e1 se zav\u00e1zala zablokovat ve\u0161kerou pomoc do Gazy, zat\u00edmco p\u0159\u00edpadn\u00ed izrael\u0161t\u00ed rukojm\u00ed z\u016fstanou v rukou Ham\u00e1su, palestinsk\u00e9 militantn\u00ed organizace, kter\u00e1 b\u011bhem sv\u00e9 lo\u0148sk\u00e9 invaze 7. \u0159\u00edjna p\u0159evzala p\u0159es 200 zajatc\u016f.\u00a0<\/span><\/p>\n<p><span>Izraelsk\u00e1 policie uvedla, \u017ee vy\u0161et\u0159uje \u00fatok na konvoj a zadr\u017eela\u00a0<\/span><em><span>\u201ev\u00edce podez\u0159el\u00fdch\u201c.<\/span><\/em><\/p>\n<p><img decoding=\"async\" loading=\"lazy\" class=\"alignnone size-full wp-image-1185\" src=\"http:\/\/www.infokuryr.cz\/n\/wp-content\/uploads\/2021\/04\/kuryr-podpis.png\" alt=\"\" width=\"84\" height=\"24\" \/><\/p>\n<p>&nbsp;<\/p>\n","protected":false},"excerpt":{"rendered":"<p>Osadn\u00edci na Z\u00e1padn\u00edm b\u0159ehu zablokovali humanit\u00e1rn\u00ed pomocn\u00fd konvoj sm\u011b\u0159uj\u00edc\u00ed do Gazy \u0160\u00e9f zahrani\u010dn\u00ed politiky EU&#8230;<\/p>\n","protected":false},"author":2,"featured_media":53740,"comment_status":"closed","ping_status":"closed","sticky":false,"template":"","format":"standard","meta":[],"categories":[7],"tags":[41,2669,107],"_links":{"self":[{"href":"https:\/\/www.infokuryr.cz\/n\/wp-json\/wp\/v2\/posts\/53739"}],"collection":[{"href":"https:\/\/www.infokuryr.cz\/n\/wp-json\/wp\/v2\/posts"}],"about":[{"href":"https:\/\/www.infokuryr.cz\/n\/wp-json\/wp\/v2\/types\/post"}],"author":[{"embeddable":true,"href":"https:\/\/www.infokuryr.cz\/n\/wp-json\/wp\/v2\/users\/2"}],"replies":[{"embeddable":true,"href":"https:\/\/www.infokuryr.cz\/n\/wp-json\/wp\/v2\/comments?post=53739"}],"version-history":[{"count":0,"href":"https:\/\/www.infokuryr.cz\/n\/wp-json\/wp\/v2\/posts\/53739\/revisions"}],"wp:featuredmedia":[{"embeddable":true,"href":"https:\/\/www.infokuryr.cz\/n\/wp-json\/wp\/v2\/media\/53740"}],"wp:attachment":[{"href":"https:\/\/www.infokuryr.cz\/n\/wp-json\/wp\/v2\/media?parent=53739"}],"wp:term":[{"taxonomy":"category","embeddable":true,"href":"https:\/\/www.infokuryr.cz\/n\/wp-json\/wp\/v2\/categories?post=53739"},{"taxonomy":"post_tag","embeddable":true,"href":"https:\/\/www.infokuryr.cz\/n\/wp-json\/wp\/v2\/tags?post=53739"}],"curies":[{"name":"wp","href":"https:\/\/api.w.org\/{rel}","templated":true}]}}