{"id":53730,"date":"2024-05-15T05:04:09","date_gmt":"2024-05-15T03:04:09","guid":{"rendered":"https:\/\/www.infokuryr.cz\/n\/?p=53730"},"modified":"2024-05-15T05:04:09","modified_gmt":"2024-05-15T03:04:09","slug":"general-prezident-pavel-v-rozhovoru-pro-sky-news-znovu-otocil","status":"publish","type":"post","link":"https:\/\/www.infokuryr.cz\/n\/2024\/05\/15\/general-prezident-pavel-v-rozhovoru-pro-sky-news-znovu-otocil\/","title":{"rendered":"Gener\u00e1l-prezident Pavel v rozhovoru pro Sky News znovu oto\u010dil&#8230;"},"content":{"rendered":"<div id=\"fb-root\"><\/div>\n<h4>Gener\u00e1l-prezident Pavel v rozhovoru pro Sky News znovu oto\u010dil a nov\u011b prohl\u00e1sil, \u017ee je pot\u0159eba uzav\u0159\u00edt m\u00edr na Ukrajin\u011b, i za cenu \u201ckompromis\u016f\u201d a v z\u00e1jmu p\u0159ijet\u00ed Ukrajiny do NATO! P\u0159esn\u011b podle p\u0159edpov\u011bdi Aeronetu! Mezit\u00edm \u0161\u00e9f ukrajinsk\u00e9 GUR prohl\u00e1sil pro New York Times, \u017ee situace AFU je kritick\u00e1! Estonsko proto p\u0159isp\u011bchalo na pomoc a chce Kyjevu poslat voj\u00e1ky!<\/h4>\n<p>Popravd\u011b \u0159e\u010deno, docela bych r\u00e1d vid\u011bl ty noty z Aspen Institutu a z americk\u00e9 ambas\u00e1dy, kter\u00e9 te\u010f nos\u00ed poradce Petr Kol\u00e1\u0159 k nastudov\u00e1n\u00ed prezidentu Petru Pavlovi, proto\u017ee ka\u017edou chv\u00edli se ty noty m\u011bn\u00ed a zat\u00edmco v\u010dera se m\u011blo bojovat na Ukrajin\u011b a\u017e do v\u00edt\u011bzstv\u00ed Ukrajiny za pomoci 800 000 kus\u016f munice, kterou Petr Pavel iniciativn\u011b vy\u0161mejdil po cel\u00e9m sv\u011bt\u011b, a za kterou m\u011blo zaplatit N\u011bmecko, tak najednou 14. kv\u011btna 2024 je to u\u017e zase jinak.<\/p>\n<p>N\u011bjak jsme si na to u\u017e zvykli, \u017ee Petr Pavel je tlumo\u010dn\u00edkem americk\u00e9ho zastupitelstv\u00ed v Praze, ov\u0161em takov\u00e9to veleto\u010de jsou opravdu nev\u00eddan\u00e9 a ukazuje se, \u017ee Ukrajina je na pokraji kolapsu a zhroucen\u00ed obrany. Ne, to ne\u0159\u00edk\u00e1m j\u00e1, to jsou slova \u0161\u00e9fa Ukrajinsk\u00e9 vojensk\u00e9 rozv\u011bdky GUR Kyrylo Budanova, ale k n\u011bmu se je\u0161t\u011b dostaneme.\u00a0<strong>Petr Pavel toti\u017e poskytl [<a href=\"https:\/\/href.li\/?https:\/\/www.hrad.cz\/cs\/prezident-cr\/soucasny-prezident-cr\/verejna-vystoupeni-a-rozhovory\/prezident-republiky-poskytl-rozhovor-sky-news-17854\" target=\"_blank\" rel=\"nofollow noopener\">1<\/a>] dal\u0161\u00ed konceptu\u00e1ln\u00ed rozhovor pro britskou stanici Sky News, ale tentokr\u00e1t to bylo opravdu nezvykle up\u0159\u00edmn\u00e9.<\/strong>\u00a0Stoj\u00ed to za poslech.<\/p>\n<p>&nbsp;<\/p>\n<div id=\"rumble_v4sno3r\">\n<div id=\"vid_v4sno3r\" class=\"rumble_v4sno3r-Rumble-cls\" tabindex=\"-1\">\n<div class=\"bigPlayUI ctp\"><div class='videoWrapper'>\r\n\t            <iframe src='https:\/\/rumble.com\/embed\/pj.v4sno3r\/' frameborder='0' allowfullscreen><\/iframe>\r\n\t        <\/div><\/p>\n<div class=\"bigPlayUIInner ctp\"><\/div>\n<\/div>\n<\/div>\n<\/div>\n<p>&nbsp;<\/p>\n<p>Podle Pavla re\u00e1ln\u011b hroz\u00ed, \u017ee Ukrajina v\u00e1lku prohraje, pokud z\u00e1padn\u00ed zem\u011b si budou nad\u00e1le d\u00e1vat na\u010das s dod\u00e1vkami zbran\u00ed a munice, p\u0159i\u010dem\u017e probl\u00e9m je nov\u011b i v tom, \u017ee Ukrajina nem\u00e1 dostatek voj\u00e1k\u016f a mobilizace drhne. Na dotaz moder\u00e1torky Pavel odm\u00edtl my\u0161lenku vysl\u00e1n\u00ed voj\u00e1k\u016f NATO na Ukrajinu, proto\u017ee to by pr\u00fd vedlo k p\u0159\u00edm\u00e9 v\u00e1lce mezi NATO a Ruskem.<\/p>\n<p>Pokud ale jde o vstup Ukrajiny do NATO, o tom pr\u00fd nen\u00ed pochyb, ale nelze Ukrajinu p\u0159ijmout za \u010dlena, dokud na jej\u00edm \u00fazem\u00ed bude prob\u00edhat v\u00e1lka. Podle n\u00e1zoru prezidenta je pot\u0159eba na Ukrajin\u011b uzav\u0159\u00edt m\u00edr, kter\u00fd se ale neobejde bez kompromis\u016f, my\u0161leno \u00fazemn\u00edch \u00fastupk\u016f, a teprve pot\u00e9 a na z\u00e1klad\u011b dohody a garanc\u00ed o m\u00edru bude mo\u017en\u00e9 za\u010d\u00edt jednat o vstupu Ukrajiny do NATO. Pokud nem\u00e1te \u010das na video naho\u0159e, tady je p\u0159epis:<\/p>\n<h4><span style=\"font-size: 18pt;\">Petr Pavel na Sky News o Ukrajin\u011b<\/span><\/h4>\n<p><em><strong>Evropsk\u00e9 zem\u011b nyn\u00ed mus\u00ed pos\u00edlit svou obranu. To mi dnes \u0159ekl \u010desk\u00fd prezident v souvislosti se zesiluj\u00edc\u00ed se ruskou ofenzivou. Pan Pavel zd\u016fraznil, \u017ee NATO nikdy nebude schopno bojovat po boku Ukrajiny a \u017ee \u010d\u00edm v\u00edce \u010dasu zabere zem\u00edm z\u00e1sobov\u00e1n\u00ed, t\u00edm v\u00edce \u017eivot\u016f a dokonce i samotn\u00e1 v\u00e1lka m\u016f\u017ee b\u00fdt ztracena. Poslechn\u011bte si ho.<\/strong><\/em><\/p>\n<p>-No to, co vid\u00edme, je v\u00fdsledek dlouh\u00fdch p\u0159\u00edprav. Bylo zcela jasn\u00e9, \u017ee s p\u0159\u00edchodem lep\u0161\u00edho po\u010das\u00ed Rusko zah\u00e1j\u00ed \u00fato\u010dn\u00e9 operace. Ukrajinci se na to p\u0159ipravovali dlouho. \u017d\u00e1dali n\u00e1s o podporu, o zv\u00fd\u0161en\u00ed dod\u00e1vek munice, o zv\u00fd\u0161en\u00ed dod\u00e1vek techniky.<\/p>\n<p><em><strong>A jste p\u0159esv\u011bd\u010den, \u017ee Z\u00e1pad to dok\u00e1\u017ee, \u017ee dok\u00e1\u017ee dodat Ukrajin\u011b to, co pot\u0159ebuje, proto\u017ee jsme vid\u011bli ta zpo\u017ed\u011bn\u00ed a dopady t\u011bchto zpo\u017ed\u011bn\u00ed v posledn\u00edch n\u011bkolika letech a frustraci Ukrajinc\u016f v d\u016fsledku toho.<\/strong><\/em><\/p>\n<p><a href=\"https:\/\/stranapro.cz\/\"><img decoding=\"async\" loading=\"lazy\" class=\"wp-image-53371 alignleft\" src=\"http:\/\/www.infokuryr.cz\/n\/wp-content\/uploads\/2024\/05\/pro-6-volby-300x169.jpg\" alt=\"\" width=\"582\" height=\"328\" srcset=\"https:\/\/www.infokuryr.cz\/n\/wp-content\/uploads\/2024\/05\/pro-6-volby-300x169.jpg 300w, https:\/\/www.infokuryr.cz\/n\/wp-content\/uploads\/2024\/05\/pro-6-volby-768x431.jpg 768w, https:\/\/www.infokuryr.cz\/n\/wp-content\/uploads\/2024\/05\/pro-6-volby.jpg 785w\" sizes=\"(max-width: 582px) 100vw, 582px\" \/><\/a>-Jsem si jist\u00fd, \u017ee evropsk\u00e9 zdroje spolu s na\u0161imi severoamerick\u00fdmi spojenci jsou dostate\u010dn\u00e9 na to, aby podpo\u0159ily Ukrajinu a vyhr\u00e1ly situaci na m\u00edst\u011b. Pokud budeme p\u0159i dod\u00e1vk\u00e1ch p\u0159\u00edli\u0161 opatrn\u00ed, pokud budeme v\u017edy vyhodnocovat riziko eskalace, Ukrajinci p\u0159ijdou o \u017eivot, ztrat\u00ed p\u016fdu pod nohama a nakonec mohou prohr\u00e1t i v\u00e1lku.<\/p>\n<p><em><strong>-Zaj\u00edmal by m\u011b v\u00e1\u0161 n\u00e1zor na to, co \u0159ekl prezident Macron v rozhovoru p\u0159ed n\u011bkolika m\u011bs\u00edci, kde \u0159ekl, \u017ee Evropa, Z\u00e1pad by nem\u011bl vylou\u010dit my\u0161lenku, \u017ee na Ukrajin\u011b budou jednotky NATO. Co si o tom mysl\u00edte?<\/strong><\/em><\/p>\n<p>-No, v tomto p\u0159\u00edpad\u011b jsme ve stejn\u00e9 situaci jako na sam\u00e9m za\u010d\u00e1tku konfliktu. Fyzicky nem\u016f\u017eeme st\u00e1t s Ukrajinou bok po boku, proto\u017ee Ukrajina nen\u00ed \u010dlenem NATO. Nem\u016f\u017eeme bojovat za Ukrajinu na Ukrajin\u011b, proto\u017ee by to okam\u017eit\u011b znamenalo p\u0159\u00edm\u00fd konflikt mezi NATO a Ruskem a takov\u00fd konflikt si v Evrop\u011b nikdo nep\u0159eje.<\/p>\n<p><em><strong>-Souhlas\u00edte v\u0161ak s Ukrajinci? Mysl\u00edm t\u00edm, \u017ee jsem mluvila s prezidentem Zelensk\u00fdm. Prosazoval \u010dlenstv\u00ed v NATO. To je n\u011bco, po \u010dem Ukrajinci n\u011bkolikr\u00e1t volali. Souhlas\u00edte s t\u00edm, \u017ee mo\u017en\u00e1 nastal \u010das o tom v\u00e1\u017en\u011bji uva\u017eovat?<\/strong><\/em><\/p>\n<p>-Mysl\u00edm, \u017ee je to mimo jakoukoli pochybnost, pokud na Ukrajin\u011b nebude prob\u00edhat v\u00e1lka. Nejprve mus\u00edme dosp\u011bt k n\u011bjak\u00e9mu urovn\u00e1n\u00ed, obnovit m\u00edr v regionu a pak se m\u016f\u017eeme bavit o p\u0159\u00edpadn\u00e9m ukrajinsk\u00e9m \u010dlenstv\u00ed.<\/p>\n<p><em><strong>-Tak\u017ee se domn\u00edv\u00e1te, \u017ee by Ukrajina m\u011bla nyn\u00ed jednat s Ruskem? V\u00edte, aby se pokusila ukon\u010dit tento konflikt, pokud se ob\u011b strany dohodnou?<\/strong><\/em><\/p>\n<p>-Mus\u00edme b\u00fdt realist\u00e9 a mysl\u00edm, \u017ee by bylo naivn\u00ed tvrdit, \u017ee Ukrajina m\u016f\u017ee v dohledn\u00e9 dob\u011b pln\u011b obnovit kontrolu nad sv\u00fdm \u00fazem\u00edm. Rusko se nevzd\u00e1 \u00fazem\u00ed, kter\u00e9 nyn\u00ed okupuje. To, co pot\u0159ebujeme, je zastavit v\u00e1lku a pak za\u010d\u00edt jednat o budouc\u00edm uspo\u0159\u00e1d\u00e1n\u00ed. Mohlo by doj\u00edt k n\u011bjak\u00e9mu kompromisu, ale takov\u00fd kompromis se neobejde bez Ukrajiny, bez Ruska a bez zem\u00ed, kter\u00e9 by byly garantem takov\u00e9 dohody.<\/p>\n<p><em>-Petr Pavel-<\/em><\/p>\n<p>Rozhovor na Sky News pokra\u010doval dal\u0161\u00edmi ot\u00e1zkami na jin\u00e1 t\u00e9mata, ale z t\u011bchto reakc\u00ed na t\u00e9ma Ukrajiny je jasn\u011b patrn\u00fd brut\u00e1ln\u00ed posun r\u00e9toriky a narativu o tom, \u017ee z\u00e1pad bude vyzbrojovat Ukrajince a\u017e do \u00fapln\u00e9ho v\u00edt\u011bzstv\u00ed a tak dlouho, jak bude t\u0159eba, ale vz\u00e1p\u011bt\u00ed druh\u00fd den po uveden\u00ed ekonoma Andreje Belousova do \u010dela Rusk\u00e9 arm\u00e1dy m\u00e1me p\u0159ed sebou vystoupen\u00ed b\u00fdval\u00e9ho \u0161\u00e9fa vojensk\u00e9ho velen\u00ed NATO Petra Pavla, kter\u00fd hovo\u0159\u00ed o prospektech a perspektiv\u00e1ch Ukrajiny a najednou sly\u0161\u00edme slova, \u017ee mus\u00edme b\u00fdt realist\u00e9, \u017ee Rusko obsazen\u00e1 \u00fazem\u00ed nevr\u00e1t\u00ed, a dokonce sly\u0161\u00edme, \u017ee to, co pot\u0159ebujeme, je zastaven\u00ed v\u00e1lky.<\/p>\n<h6><span style=\"font-size: 18pt;\">Budanov pro New York Times u\u017e bez serv\u00edtk\u016f o tom, \u017ee ukrajinsk\u00e1 arm\u00e1da je v krizi na pokraji kolapsu<\/span><\/h6>\n<p>Ned\u011bl\u00e1 n\u00e1hodou Pavlovi te\u010f poradce n\u011bkdo od Fica nebo od Orb\u00e1na? Je to neuv\u011b\u0159iteln\u00e9, ale Pavel doslova a do p\u00edsmene potvrdil moji p\u0159edpov\u011b\u010f ze v\u010derej\u0161\u00edho \u010dl\u00e1nku\u00a0<strong>[<a href=\"https:\/\/aeronet.news\/generalni-tajemnik-nato-nove-podminuje-obnovu-ukrajiny-vitezstvim-ve-valce-nad-ruskem-jinak-pry-nebude-co-na-ukrajine-obnovovat-novy-rusky-ministr-obrany-bude-mit-za-ukol-amerikanizaci\/\">2<\/a>]<\/strong>, \u017ee Z\u00e1pad p\u0159ijme Ukrajinu do NATO ve chv\u00edli, kdy na Ukrajin\u011b utichnou zbran\u011b.<\/p>\n<p><strong>M\u00e1m podez\u0159en\u00ed, \u017ee Petr Pavel opravdu \u010dte moje \u010dl\u00e1nky, proto\u017ee jeho v\u00fdroky doslova potvrzuj\u00ed m\u016fj v\u00fdrok ze v\u010derej\u0161\u00edho \u010dl\u00e1nku.<\/strong>\u00a0A p\u0159esn\u011b v tom sam\u00e9m \u010dl\u00e1nku jsem vysv\u011btloval, pro\u010d takov\u00fd pl\u00e1n je pro Rusko absolutn\u011b nep\u0159ijateln\u00fd, proto\u017ee Rusko nem\u016f\u017ee akceptovat Ukrajinu v NATO. Proto Rusko se chyst\u00e1 na dlouhou a vleklou v\u00e1lku, kter\u00e1 jedin\u00e1 zajist\u00ed, a to i podle potvrzen\u00ed Petra Pavla, \u017ee Ukrajina do NATO nevstoup\u00ed.<\/p>\n<p><a href=\"https:\/\/aeronet.news\/wp-content\/uploads\/BudanovNYT.jpg\"><img decoding=\"async\" loading=\"lazy\" class=\"aligncenter wp-image-59548 \" src=\"https:\/\/aeronet.news\/wp-content\/uploads\/BudanovNYT-703x1024.jpg\" sizes=\"(max-width: 700px) 100vw, 700px\" srcset=\"https:\/\/aeronet.news\/wp-content\/uploads\/BudanovNYT-703x1024.jpg 703w, https:\/\/aeronet.news\/wp-content\/uploads\/BudanovNYT-206x300.jpg 206w, https:\/\/aeronet.news\/wp-content\/uploads\/BudanovNYT-768x1119.jpg 768w, https:\/\/aeronet.news\/wp-content\/uploads\/BudanovNYT-700x1020.jpg 700w, https:\/\/aeronet.news\/wp-content\/uploads\/BudanovNYT-245x357.jpg 245w, https:\/\/aeronet.news\/wp-content\/uploads\/BudanovNYT-332x483.jpg 332w, https:\/\/aeronet.news\/wp-content\/uploads\/BudanovNYT.jpg 795w\" alt=\"\" width=\"592\" height=\"863\" \/><\/a><\/p>\n<p>Jak toti\u017e Pavel potvrdil, p\u0159ijet\u00ed Ukrajiny do NATO je nepochybn\u00e9, je to v pl\u00e1nu, pokud ale na Ukrajin\u011b nebude prob\u00edhat v\u00e1lka. V\u0161echno to do sebe naprosto dokonale zapad\u00e1 jako skl\u00e1da\u010dka. Putin nainstaloval do \u010dela arm\u00e1dy\u00a0<em>\u00fa\u010detn\u00edho inkousta<\/em>\u00a0a ekonoma, aby transformoval zkostnat\u011bl\u00fd a sov\u011btsky koncipovan\u00fd st\u00e1tn\u00ed vojensk\u00fd zbrojn\u00ed komplex na modern\u00ed kapitalizovan\u00fd vojensko-pr\u016fmyslov\u00fd komplex podle americk\u00e9ho modelu.<\/p>\n<p>A ten mus\u00ed b\u00fdt schopn\u00fd generovat r\u016fst HDP z dlouhodob\u00fdch v\u00e1lek. Situace je pro Ukrajinu kritick\u00e1, proto\u017ee AFU je na pokraji krachu.\u00a0<strong>\u0160\u00e9f ukrajinsk\u00e9 vojensk\u00e9 rozv\u011bdky GUR Kyrylo Budanov toti\u017e v rozhovoru pro New York Times narovinu vykreslil [<a href=\"https:\/\/href.li\/?https:\/\/www.nytimes.com\/article\/russia-ukraine-kharkiv.html\" target=\"_blank\" rel=\"nofollow noopener\">3<\/a>] d\u011bsivou situaci ukrajinsk\u00e9 arm\u00e1dy.<\/strong>\u00a0Poj\u010fme si ocitovat p\u00e1r odstavc\u016f, proto\u017ee to doslova stoj\u00ed zato:<\/p>\n<h4><span style=\"font-size: 18pt;\">Budanov: Situace je na hran\u011b<\/span><\/h4>\n<p>Ukrajinsk\u00e1 arm\u00e1da \u010del\u00ed na severov\u00fdchod\u011b zem\u011b \u201ckritick\u00e9\u201d situaci a nedostatku voj\u00e1k\u016f, proto\u017ee se sna\u017e\u00ed odrazit ruskou ofenz\u00edvu, kter\u00e1 postupuje ji\u017e n\u011bkolik dn\u00ed, uvedl v pond\u011bl\u00ed jeden z nejvy\u0161\u0161\u00edch ukrajinsk\u00fdch gener\u00e1l\u016f. Rusk\u00e9 jednotky minul\u00fd t\u00fdden p\u0159ekro\u010dily hranici a zah\u00e1jily novou \u00fato\u010dnou linii pobl\u00ed\u017e Charkova, druh\u00e9ho nejv\u011bt\u0161\u00edho ukrajinsk\u00e9ho m\u011bsta po Kyjev\u011b, obsadily nejm\u00e9n\u011b dev\u011bt osad a vesnic a donutily tis\u00edce civilist\u016f k \u00fat\u011bku.\u00a0<strong>\u201c<em>Situace je na hran\u011b,<\/em>\u201d \u0159ekl gener\u00e1l Kyrylo Budanov, \u0161\u00e9f ukrajinsk\u00e9 vojensk\u00e9 rozv\u011bdky<\/strong>, ve videohovoru z bunkru v Charkov\u011b.<\/p>\n<p><strong>\u201c<em>Ka\u017edou hodinou se tato situace posouv\u00e1 ke kritick\u00e9.<\/em>\u201c<\/strong>\u00a0Jeho chmurn\u00e9 hodnocen\u00ed se shoduje s hodnocen\u00edm dal\u0161\u00edch ukrajinsk\u00fdch d\u016fstojn\u00edk\u016f z posledn\u00edch dn\u016f, podle nich\u017e se vojensk\u00e9 vyhl\u00eddky zem\u011b zhor\u0161uj\u00ed. Krom\u011b toho, \u017ee se Ukrajinci pot\u00fdkaj\u00ed s p\u0159esilou, maj\u00ed kritick\u00fd nedostatek zbran\u00ed, zejm\u00e9na d\u011blost\u0159eleck\u00e9 munice, a zbran\u011b v hodnot\u011b 60,8 miliardy dolar\u016f od Spojen\u00fdch st\u00e1t\u016f \u2013 schv\u00e1len\u00e9 p\u0159ed t\u0159emi t\u00fddny po m\u011bs\u00edc\u00edch patov\u00e9 situace v Kongresu \u2013 sotva za\u010daly p\u0159ich\u00e1zet. Stejn\u011b jako v\u011bt\u0161ina ukrajinsk\u00fdch p\u0159edstavitel\u016f a vojensk\u00fdch expert\u016f se gener\u00e1l Budanov domn\u00edv\u00e1, \u017ee c\u00edlem rusk\u00fdch \u00fatok\u016f na severov\u00fdchod\u011b zem\u011b je vy\u010derpat ji\u017e tak tenk\u00e9 rezervy ukrajinsk\u00fdch voj\u00e1k\u016f a odv\u00e9st je od boj\u016f jinde.<\/p>\n<p>P\u0159esn\u011b to se nyn\u00ed d\u011bje, p\u0159iznal. \u0158ekl, \u017ee ukrajinsk\u00e1 arm\u00e1da se sna\u017e\u00ed p\u0159esm\u011brovat voj\u00e1ky z jin\u00fdch oblast\u00ed fronty, aby pos\u00edlili jej\u00ed obranu na severov\u00fdchod\u011b, ale \u017ee je obt\u00ed\u017en\u00e9 naj\u00edt person\u00e1l. \u201c<em>V\u0161echny na\u0161e s\u00edly jsou bu\u010f tady, nebo v Chasiv Jaru,<\/em>\u201d \u0159ekl s odkazem na ukrajinskou pevnost vzd\u00e1lenou asi 120 kilometr\u016f na jih, kterou rusk\u00e9 jednotky v posledn\u00edch t\u00fddnech napadly.\u00a0<strong>\u201c<em>Pou\u017eil jsem v\u0161echno, co m\u00e1me. Bohu\u017eel nem\u00e1me nikoho dal\u0161\u00edho v z\u00e1loze.<\/em>\u201c<\/strong>\u00a0Budanov neskr\u00fdval sv\u00e9 obavy.<\/p>\n<h6><span style=\"font-size: 18pt;\">Chyb\u00ed munice a hlavn\u011b lidi do z\u00e1kop\u016f. Ale na Charkovsk\u00e9m sm\u011bru vlastn\u011b chyb\u00ed i z\u00e1kopy na mnoha m\u00edstech\u2026<\/span><\/h6>\n<p>P\u0159esn\u011b to sam\u00e9 jsem p\u0159edpov\u00eddal v \u010dl\u00e1nku minul\u00fd p\u00e1tek po zah\u00e1jen\u00ed Charkovsk\u00e9 ofenz\u00edvy, \u017ee jedn\u00edm z d\u016fvod\u016f invaze je pr\u00e1v\u011b od\u010derp\u00e1n\u00ed ukrajinsk\u00fdch voj\u00e1k\u016f z jin\u00fdch m\u00edst fronty, \u010d\u00edm\u017e dojde ke kritick\u00e9mu pro\u0159\u00eddnut\u00ed obrann\u00fdch pozic AFU na mnoha m\u00edstech v\u00edce n\u011b\u017e 1 000 km dlouh\u00e9 bojov\u00e9 linie. A p\u0159esn\u011b toto potvrdil Budanov v rozhovoru, \u017ee musel st\u00e1hnout voj\u00e1ky z jin\u00fdch sm\u011br\u016f k obran\u011b Charkova.<\/p>\n<p>D\u00e1le v \u010dl\u00e1nku New York Times uv\u00e1d\u00ed, \u017ee Rusov\u00e9 chystaj\u00ed dal\u0161\u00ed frontu a pr\u016fnik na severu od Charkova do Sumsk\u00e9 oblasti, \u010d\u00edm\u017e by do\u0161lo k je\u0161t\u011b v\u011bt\u0161\u00edmu pro\u0159\u00eddnut\u00ed ukrajinsk\u00e9 fronty, proto\u017ee Budanov uvedl, \u017ee u\u017e nem\u00e1 odkud br\u00e1t. Nezm\u00ednil ale, \u017ee Ukrajina m\u00e1 na hranici s B\u011bloruskem skoro 120 000 voj\u00e1k\u016f\u00a0<strong>[<a href=\"https:\/\/href.li\/?https:\/\/tass.com\/world\/1700347\" target=\"_blank\" rel=\"nofollow noopener\">4<\/a>]<\/strong>. Jen\u017ee ty zat\u00edm AFU st\u00e1hnout nem\u016f\u017ee, proto\u017ee t\u00edm by do\u0161lo k ohro\u017een\u00ed Kyjeva ze severu.<\/p>\n<p><a href=\"https:\/\/aeronet.news\/wp-content\/uploads\/KyryloBudanovOffice.jpg\"><img decoding=\"async\" loading=\"lazy\" class=\"wp-image-55726 aligncenter\" src=\"https:\/\/aeronet.news\/wp-content\/uploads\/KyryloBudanovOffice.jpg\" sizes=\"(max-width: 1260px) 100vw, 1260px\" srcset=\"https:\/\/aeronet.news\/wp-content\/uploads\/KyryloBudanovOffice.jpg 1260w, https:\/\/aeronet.news\/wp-content\/uploads\/KyryloBudanovOffice-300x171.jpg 300w, https:\/\/aeronet.news\/wp-content\/uploads\/KyryloBudanovOffice-768x439.jpg 768w, https:\/\/aeronet.news\/wp-content\/uploads\/KyryloBudanovOffice-1024x585.jpg 1024w, https:\/\/aeronet.news\/wp-content\/uploads\/KyryloBudanovOffice-700x400.jpg 700w, https:\/\/aeronet.news\/wp-content\/uploads\/KyryloBudanovOffice-625x357.jpg 625w, https:\/\/aeronet.news\/wp-content\/uploads\/KyryloBudanovOffice-845x483.jpg 845w\" alt=\"\" width=\"868\" height=\"496\" \/><\/a><\/p>\n<p>A pr\u00e1v\u011b proto v \u00fater\u00fd p\u0159isp\u011bchalo na pomoc\u00a0<strong>Estonsko, kter\u00e9 ozn\u00e1milo [<a href=\"https:\/\/href.li\/?https:\/\/breakingdefense.com\/2024\/05\/estonia-seriously-discussing-sending-troops-to-rear-jobs-in-ukraine-official\/\" target=\"_blank\" rel=\"nofollow noopener\">5<\/a>], \u017ee zva\u017euje vysl\u00e1n\u00ed voj\u00e1k\u016f, a to s c\u00edlem vyst\u0159\u00eddat ukrajinsk\u00e9 voj\u00e1ky p\u0159i ostraze t\u00fdlu, tedy b\u011blorusk\u00e9 hranice<\/strong>, aby ukrajin\u0161t\u00ed voj\u00e1ci, kte\u0159\u00ed tam dosud jsou, se mohli p\u0159esunout dol\u016f na frontu. Je to naprosto logick\u00fd pr\u016fb\u011bh, krok za krokem, naprosto \u017e\u00e1dn\u00e9 p\u0159ekvapen\u00ed.\u00a0 Estonsk\u00e1 vl\u00e1da pr\u00fd \u201c<em>v\u00e1\u017en\u011b diskutuje o mo\u017enosti vyslat na z\u00e1padn\u00ed Ukrajinu voj\u00e1ky, kte\u0159\u00ed by od ukrajinsk\u00fdch sil p\u0159evzali t\u00fdlov\u00e9 \u00fakoly nesouvisej\u00edc\u00ed s p\u0159\u00edm\u00fdm bojem, aby je uvolnili pro boj na front\u011b, a\u010dkoli \u017e\u00e1dn\u00e9 rozhodnut\u00ed nen\u00ed na spadnut\u00ed<\/em>,\u201d uvedl poradce estonsk\u00e9ho prezidenta pro n\u00e1rodn\u00ed bezpe\u010dnost v rozhovoru pro Breaking Defense.<\/p>\n<h6><span style=\"font-size: 18pt;\">Estonsko chce vyslat na Ukrajinu voj\u00e1ky, ale r\u00e1di by tam \u0161li s n\u011bk\u00fdm dal\u0161\u00edm z NATO<\/span><\/h6>\n<p>Madis Roll uvedl, \u017ee v\u00fdkonn\u00e1 moc v sou\u010dasn\u00e9 dob\u011b prov\u00e1d\u00ed anal\u00fdzu tohoto mo\u017en\u00e9ho kroku, a a\u010dkoli by podle n\u011bj Estonsko dalo p\u0159ednost tomu, aby byl jak\u00fdkoli takov\u00fd krok u\u010din\u011bn v r\u00e1mci pln\u00e9 mise NATO \u2013 \u201c<em>abychom uk\u00e1zali \u0161ir\u0161\u00ed kombinovanou s\u00edlu a odhodl\u00e1n\u00ed<\/em>\u201d \u2013 nevylou\u010dil, \u017ee Estonsko bude p\u016fsobit v r\u00e1mci men\u0161\u00ed koalice. \u201c<em>Diskuse prob\u00edhaj\u00ed,<\/em>\u201d \u0159ekl 10. kv\u011btna v prezidentsk\u00e9m pal\u00e1ci. \u201c<em>M\u011bli bychom se zab\u00fdvat v\u0161emi mo\u017enostmi.<\/em><\/p>\n<p><em>Nem\u011bli bychom m\u00edt omezenou mysl v tom, co m\u016f\u017eeme ud\u011blat<\/em>.\u201d\u00a0<em>Zd\u016fraznil tak\u00e9, \u017ee \u201cnen\u00ed nemysliteln\u00e9\u201d, aby st\u00e1ty NATO, kter\u00e9 se stav\u00ed proti takov\u00e9mu kroku, zm\u011bnily sv\u016fj n\u00e1zor \u201cpostupem \u010dasu<\/em>\u201c. Po zve\u0159ejn\u011bn\u00ed t\u00e9to zpr\u00e1vy Madis up\u0159esnil, \u017ee takov\u00e9 rozhodnut\u00ed ne\u010dek\u00e1 konkr\u00e9tn\u011b na estonskou premi\u00e9rku nebo jej\u00ed kabinet, a m\u011bl na mysli pouze to, \u017ee diskuse \u201c<em>nen\u00ed mrtv\u00e1<\/em>\u201d a \u201c<em>v Estonsku obecn\u011b prob\u00edh\u00e1<\/em>\u201c. \u201c<em>Do budoucna jsme nevylou\u010dili \u017e\u00e1dnou mo\u017enost,<\/em>\u201d \u0159ekl.<\/p>\n<p><a href=\"https:\/\/aeronet.news\/wp-content\/uploads\/Breaking-Defense_Estonia.jpg\"><img decoding=\"async\" loading=\"lazy\" class=\"wp-image-59549 aligncenter\" src=\"https:\/\/aeronet.news\/wp-content\/uploads\/Breaking-Defense_Estonia.jpg\" sizes=\"(max-width: 752px) 100vw, 752px\" srcset=\"https:\/\/aeronet.news\/wp-content\/uploads\/Breaking-Defense_Estonia.jpg 752w, https:\/\/aeronet.news\/wp-content\/uploads\/Breaking-Defense_Estonia-255x300.jpg 255w, https:\/\/aeronet.news\/wp-content\/uploads\/Breaking-Defense_Estonia-700x824.jpg 700w, https:\/\/aeronet.news\/wp-content\/uploads\/Breaking-Defense_Estonia-303x357.jpg 303w, https:\/\/aeronet.news\/wp-content\/uploads\/Breaking-Defense_Estonia-410x483.jpg 410w\" alt=\"\" width=\"654\" height=\"770\" \/><\/a><\/p>\n<p>Zkr\u00e1tka v\u0161echno jede podle p\u0159edpov\u011bd\u00ed, kter\u00e9 jste mohli tady na Aeronetu \u010d\u00edst. V principu NATO nechce na Ukrajin\u011b bojovat bok po boku Ukrajinc\u016f, jak \u0159ekl Pavel na Sky News, ale sou\u010dasn\u011b to znamen\u00e1, \u017ee v tom p\u0159\u00edpad\u011b Ukrajina prohraje v\u00e1lku, co\u017e je naprosto nevyhnuteln\u00e9 p\u0159i nedostatku voj\u00e1k\u016f. A to tak\u00e9 z\u00e1pad nechce. Tak\u017ee, jak to vy\u0159e\u0161it?<\/p>\n<p>Jedinou mo\u017enost\u00ed je pokusit se vyslat na Ukrajinu n\u011bjak\u00e9 f\u00edkov\u00e9 sbory zem\u00ed NATO, kter\u00e9 budou hl\u00eddat b\u011blorusk\u00e9 hranice, tedy v nebojov\u00e9m postaven\u00ed, aby t\u00edm p\u00e1dem bylo mo\u017en\u00e9 uvolnit t\u011bch zhruba 120 000 ukrajinsk\u00fdch voj\u00e1k\u016f pro p\u0159esun dol\u016f na frontu. Reakce Rus\u016f na rozm\u00edst\u011bn\u00ed porcel\u00e1nu NATO na hranic\u00edch s B\u011bloruskem ale skr\u00fdv\u00e1 obrovsk\u00e1 rizika.<\/p>\n<h6><span style=\"font-size: 18pt;\">Z\u00e1pad nem\u00e1 \u017e\u00e1dnou cestu, jak situaci na Ukrajin\u011b ust\u00e1t. Proto so pokus\u00ed o jedinou v\u011bc, o prodlou\u017een\u00ed v\u00e1lky. A Rusko se na to p\u0159ipravuje<\/span><\/h6>\n<p>Tak\u017ee p\u0159esunut\u00ed t\u011bchto 120 000 voj\u00e1k\u016f AFU je jedin\u00e1 mo\u017enost, jak Ukrajina m\u016f\u017ee v\u00e1lku prodlou\u017eit a odd\u00e1lit por\u00e1\u017eku. Nesta\u010d\u00ed to ale na por\u00e1\u017eku Rus\u016f, ani omylem. Proto je zjevn\u00e9, \u017ee z\u00e1pad vlastn\u011b nev\u00ed, jak te\u010f d\u00e1l s Ukrajinou. Ukrajina vyhr\u00e1t nem\u016f\u017ee, ale Rusko vstup Ukrajiny do NATO po podpisu m\u00edru prost\u011b nedovol\u00ed, v\u017edy\u0165 vlastn\u011b snaha Zelensk\u00e9ho o vstup do NATO byla jedn\u00edm z d\u016fvod\u016f rusk\u00e9 invaze v \u00fanoru 2022.\u00a0<strong>Tak\u017ee, co vlastn\u011b z\u00e1pad te\u010f chce z\u00edskat? Nem\u00e1 v ruk\u00e1ch \u017e\u00e1dn\u00e9 karty a Rusov\u00e9 v\u011bd\u00ed, \u017ee absolutn\u00ed a drtiv\u00e1 por\u00e1\u017eka KoZa aliance na Ukrajin\u011b je na dohled.<\/strong>\u00a0Ov\u0161em Rusko v\u00e1lku nedovol\u00ed zastavit, pokud Ukrajina nevyhl\u00e1s\u00ed neutralitu.<\/p>\n<figure id=\"attachment_54599\" class=\"wp-caption aligncenter\" style=\"width: 691px;\"><a href=\"https:\/\/aeronet.news\/wp-content\/uploads\/PetrFialaPetrPavel.jpg\"><img decoding=\"async\" loading=\"lazy\" class=\"wp-image-54599 \" src=\"https:\/\/aeronet.news\/wp-content\/uploads\/PetrFialaPetrPavel-1024x577.jpg\" sizes=\"(max-width: 700px) 100vw, 700px\" srcset=\"https:\/\/aeronet.news\/wp-content\/uploads\/PetrFialaPetrPavel-1024x577.jpg 1024w, https:\/\/aeronet.news\/wp-content\/uploads\/PetrFialaPetrPavel-300x169.jpg 300w, https:\/\/aeronet.news\/wp-content\/uploads\/PetrFialaPetrPavel-768x433.jpg 768w, https:\/\/aeronet.news\/wp-content\/uploads\/PetrFialaPetrPavel-700x394.jpg 700w, https:\/\/aeronet.news\/wp-content\/uploads\/PetrFialaPetrPavel-634x357.jpg 634w, https:\/\/aeronet.news\/wp-content\/uploads\/PetrFialaPetrPavel-857x483.jpg 857w, https:\/\/aeronet.news\/wp-content\/uploads\/PetrFialaPetrPavel.jpg 1280w\" alt=\"\" width=\"691\" height=\"390\" \/><\/a><figcaption class=\"wp-caption-text\">Fiala te\u010f mus\u00ed b\u00fdt z Pavla a jeho v\u00fdrok\u016f \u00fapln\u011b na pr\u00e1\u0161ky\u2026<\/figcaption><\/figure>\n<p>A neutralita Kyjeva, to by byla absolutn\u00ed a definitivn\u00ed por\u00e1\u017eka z\u00e1padu. Je velmi pravd\u011bpodobn\u00e9, \u017ee z\u00e1pad bude proto cht\u00edt v\u00e1lku maxim\u00e1ln\u011b prodlou\u017eit a nasypat do rusk\u00e9ho mobiln\u00edho masoml\u00fdna v\u0161echny Ukrajince, kter\u00e9 p\u016fjde pochytat. Dokonce i v \u010cesku u\u017e nejv\u011bt\u0161\u00ed\u00a0<strong>\u010desk\u00e1\u00a0<em>\u0148ucha\u010denka,<\/em>\u00a0m\u00e1vaj\u00edc\u00ed p\u0159ed dv\u011bma roky ukrajinsk\u00fdmi vlajkami, cht\u011bj\u00ed najednou ukrajinsk\u00e9 mu\u017ee z \u010cR vyh\u00e1n\u011bt na frontu [<a href=\"https:\/\/href.li\/?https:\/\/www.idnes.cz\/zpravy\/zahranicni\/ukrajina-valka-deportace-rekruti-etika.A240513_163019_zahranicni_ceve\" target=\"_blank\" rel=\"nofollow noopener\">6<\/a>], a to v rozporu s evropskou legislativou na ochranu v\u00e1le\u010dn\u00fdch uprchl\u00edk\u016f.<\/strong><\/p>\n<p>Pane\u010dku,\u00a0<em>\u0148ucha\u010denka<\/em>\u00a0v Praze \u0161t\u00edpaj\u00ed zadky ze strachu z Rus\u016f a jejich arm\u00e1dy a feder\u00e1ln\u00ed prokuratury des\u00edtku dr\u00e1t, proto\u017ee fronta se p\u0159ibli\u017euje, rusk\u00e1 prokuratura st\u00edh\u00e1 Fialovu vl\u00e1du za podporu terorismu (<em>dod\u00e1vky munice, dron\u016f a raketomet\u016f zab\u00edjej\u00edc\u00edch rusk\u00e9 civilisty<\/em>) a prosl\u00fdch\u00e1 se, \u017ee Fiala kuje pl\u00e1ny, \u017ee kdy\u017e Ukrajinci nebudou bojovat dobrovoln\u011b a s nad\u0161en\u00edm za Banderu proti Rus\u016fm, tak budou muset d\u0159\u00edve \u010di pozd\u011bji za n\u011b bojovat \u010ce\u0161i, proto\u017ee v noci se pr\u00fd Fiala bud\u00ed ze span\u00ed a zd\u00e1 se mu, \u017ee\u2026\u00a0\u0420\u0443\u0441\u0441\u043a\u0438\u0435 \u0438\u0434\u0443\u0442!<\/p>\n<p><a href=\"https:\/\/aeronet.news\/general-prezident-pavel-v-rozhovoru-pro-sky-news-znovu-otocil-a-nove-prohlasil-ze-je-potreba-uzavrit-mir-na-ukrajine-i-za-cenu-kompromisu-a-v-zajmu-prijeti-ukrajiny-do-nato\/\">-VK- \u0160\u00e9fredaktor AE News<\/a><\/p>\n<p><a href=\"https:\/\/stranapro.cz\/\"><img decoding=\"async\" loading=\"lazy\" class=\"wp-image-40286 aligncenter\" src=\"http:\/\/www.infokuryr.cz\/n\/wp-content\/uploads\/2023\/11\/12pro-300x87.png\" alt=\"\" width=\"897\" height=\"260\" srcset=\"https:\/\/www.infokuryr.cz\/n\/wp-content\/uploads\/2023\/11\/12pro-300x87.png 300w, https:\/\/www.infokuryr.cz\/n\/wp-content\/uploads\/2023\/11\/12pro.png 366w\" sizes=\"(max-width: 897px) 100vw, 897px\" \/><\/a><\/p>\n<p>&nbsp;<\/p>\n<p>&nbsp;<\/p>\n","protected":false},"excerpt":{"rendered":"<p>Gener\u00e1l-prezident Pavel v rozhovoru pro Sky News znovu oto\u010dil a nov\u011b prohl\u00e1sil, \u017ee je pot\u0159eba&#8230;<\/p>\n","protected":false},"author":2,"featured_media":53731,"comment_status":"closed","ping_status":"closed","sticky":false,"template":"","format":"standard","meta":[],"categories":[6],"tags":[1042,1173,26,889],"_links":{"self":[{"href":"https:\/\/www.infokuryr.cz\/n\/wp-json\/wp\/v2\/posts\/53730"}],"collection":[{"href":"https:\/\/www.infokuryr.cz\/n\/wp-json\/wp\/v2\/posts"}],"about":[{"href":"https:\/\/www.infokuryr.cz\/n\/wp-json\/wp\/v2\/types\/post"}],"author":[{"embeddable":true,"href":"https:\/\/www.infokuryr.cz\/n\/wp-json\/wp\/v2\/users\/2"}],"replies":[{"embeddable":true,"href":"https:\/\/www.infokuryr.cz\/n\/wp-json\/wp\/v2\/comments?post=53730"}],"version-history":[{"count":0,"href":"https:\/\/www.infokuryr.cz\/n\/wp-json\/wp\/v2\/posts\/53730\/revisions"}],"wp:featuredmedia":[{"embeddable":true,"href":"https:\/\/www.infokuryr.cz\/n\/wp-json\/wp\/v2\/media\/53731"}],"wp:attachment":[{"href":"https:\/\/www.infokuryr.cz\/n\/wp-json\/wp\/v2\/media?parent=53730"}],"wp:term":[{"taxonomy":"category","embeddable":true,"href":"https:\/\/www.infokuryr.cz\/n\/wp-json\/wp\/v2\/categories?post=53730"},{"taxonomy":"post_tag","embeddable":true,"href":"https:\/\/www.infokuryr.cz\/n\/wp-json\/wp\/v2\/tags?post=53730"}],"curies":[{"name":"wp","href":"https:\/\/api.w.org\/{rel}","templated":true}]}}