{"id":53727,"date":"2024-05-15T00:48:40","date_gmt":"2024-05-14T22:48:40","guid":{"rendered":"https:\/\/www.infokuryr.cz\/n\/?p=53727"},"modified":"2024-05-15T04:47:05","modified_gmt":"2024-05-15T02:47:05","slug":"nedelnik-adama-b-bartose-162-jasny-signal","status":"publish","type":"post","link":"https:\/\/www.infokuryr.cz\/n\/2024\/05\/15\/nedelnik-adama-b-bartose-162-jasny-signal\/","title":{"rendered":"NED\u011aLN\u00cdK ADAMA B. BARTO\u0160E (162) JASN\u00dd SIGN\u00c1L"},"content":{"rendered":"<div id=\"fb-root\"><\/div>\n<p><strong>V\u00e1\u017een\u00fd pane europoslan\u010de, v\u00e1\u017een\u00e9 d\u00e1my, v\u00e1\u017een\u00ed p\u00e1nov\u00e9, p\u0159edev\u0161\u00edm ale, v\u00e1\u017een\u00ed voli\u010di, kv\u016fli kter\u00fdm se tu dnes sch\u00e1z\u00edme, abychom V\u00e1m vyslali jasn\u00fd sign\u00e1l. Sign\u00e1l p\u0159ed evropsk\u00fdmi volbami.<\/strong><\/p>\n<p><span id=\"more-14216\"><\/span>Sign\u00e1l\u016f Fialovy vl\u00e1dy m\u00e1me v\u0161ichni opr\u00e1vn\u011bn\u011b pln\u00e9 zuby, jak\u00fd je tedy n\u00e1\u0161 sign\u00e1l, kter\u00fd chceme vyslat?<\/p>\n<p>Kde jsou ty \u010dasy, kdy euroskeptici \u0159e\u0161ili zak\u0159ivenost ban\u00e1n\u016f \u010di z\u00e1kaz \u017e\u00e1rovek, tedy sp\u00ed\u0161e, abych byl p\u0159esn\u011bj\u0161\u00ed, \u017ee Evropsk\u00e1 unie cht\u011bla mluvit do ban\u00e1n\u016f a \u017e\u00e1rovek. Dnes jsme o patn\u00e1ct let d\u00e1le a mnohem hloub\u011bji v evropsk\u00e9 ba\u017ein\u011b. Evropsk\u00e1 unie n\u00e1m chce vz\u00edt auta, domy, maso, svobodu slova, nasadit n\u00e1m n\u00e1hubek, nap\u00edchat do n\u00e1s roztoky, ekonomicky n\u00e1s vys\u00e1t a zruinovat.<\/p>\n<p>V takov\u00e9 chv\u00edli u\u017e nen\u00ed \u010das \u0159e\u0161it, \u017ee Evropsk\u00e1 unie pot\u0159ebuje reformu (proto\u017ee je nereformovateln\u00e1), ani doufat, \u017ee se rozpadne d\u0159\u00edve, ne\u017e v\u0161echny tyto hanebn\u00e9 v\u011bci stihne zrealizovat. Bylo by to nav\u00edc od n\u00e1s alibistick\u00e9 a zbab\u011bl\u00e9.<\/p>\n<p>Dnes, v\u00edce ne\u017e kdy jindy, pot\u0159ebujeme vyslat jasn\u00fd sign\u00e1l, \u017ee mus\u00edme z Evropsk\u00e9 unie, a tak\u00e9 z NATO, kter\u00e9 je obr\u00e1cenou stranou t\u00e9\u017ee mince, vystoupit. Nic men\u0161\u00edho nem\u016f\u017ee b\u00fdt na\u0161\u00edm c\u00edlem, nic men\u0161\u00edho nem\u016f\u017ee b\u00fdt na\u0161\u00edm programem.<\/p>\n<p>Touto konferenc\u00ed a kandid\u00e1tkou, kterou jsme sestavili a se kterou se uch\u00e1z\u00edme o Va\u0161i p\u0159\u00edze\u0148, \u0159\u00edk\u00e1me, \u017ee jin\u00e9 \u0159e\u0161en\u00ed neexistuje, respektive, \u017ee v\u0161echna ostatn\u00ed \u0159e\u0161en\u00ed jsou polovi\u010dat\u00e1 a fale\u0161n\u00e1. Jsou to plan\u00e9 sliby.<\/p>\n<p>U\u017e v\u0161echny ty v\u00fd\u0161e zmi\u0148ovan\u00e9 z\u00e1kazy a mnoh\u00e9 dal\u0161\u00ed, kter\u00e9 v\u00e1s jist\u011b napadly, na kter\u00e9 jsem zapomn\u011bl, ale i ty, kter\u00e9 by v\u00e1s ani ve snu nenapadly, proto\u017ee Brusel je schopen vymyslet i takovou pitomost, kter\u00e1 by na lidskou mysl nep\u0159i\u0161la, mysl\u00edm lidskou mysl norm\u00e1ln\u00edho \u010dlov\u011bka, o psychopatech nemluv\u00edm (a pr\u00e1v\u011b psychopat\u00e9 \u0159\u00edd\u00ed EU), u\u017e v\u0161echny tyto z\u00e1kazy by byly v\u00e1\u017en\u00fdm a nezpochybniteln\u00fdm d\u016fvodem z EU odej\u00edt \u2013 jen\u017ee\u2026<\/p>\n<p>Jen\u017ee je to je\u0161t\u011b hor\u0161\u00ed. Evropsk\u00e1 unie, mocnosti, kter\u00e9 ji tvo\u0159\u00ed, n\u00e1s chce zat\u00e1hnout do v\u00e1lky na Ukrajin\u011b. Re\u00e1ln\u011b hroz\u00ed \u2013 pokud se evropsk\u00fd parlament radik\u00e1ln\u011b nezm\u011bn\u00ed sv\u00fdm slo\u017een\u00edm v t\u011bleso, kde budou ve v\u011bt\u0161in\u011b p\u0159\u00edtomni z\u00e1stupci t\u011bch evropsk\u00fdch stran, kter\u00e9 v\u00e1lku odm\u00edtaj\u00ed \u2013, \u017ee ihned pot\u00e9, a\u017e Evropsk\u00e9 volby skon\u010d\u00ed, a\u017e skon\u010d\u00ed kampa\u0148, kde se lidem ma\u017ee med kolem \u00fast a skute\u010dn\u00e9 v\u011bci se zaml\u010duj\u00ed a skr\u00fdvaj\u00ed, dojde k vys\u00edl\u00e1n\u00ed voj\u00e1k\u016f na Ukrajinu z r\u016fzn\u00fdch zem\u00ed EU, v\u010detn\u011b zem\u011b na\u0161\u00ed. U\u017e dnes vid\u00edme v m\u00e9di\u00edch p\u0159\u00edpravu informa\u010dn\u00edho pole pro takov\u00e9 rozhodnut\u00ed. A bu\u010fme si jisti, \u017ee kdy\u017e se o n\u011b\u010dem takov\u00e9m v m\u00e9di\u00edch mluv\u00ed, nemluv\u00ed se o tom proto, aby se o tom diskutovalo, ale aby si na to lid\u00e9 zvykli, a a\u017e se to bude d\u00edt, aby se proti tomu nebou\u0159ili.<\/p>\n<p>Pokud se tohoto nep\u011bkn\u00e9ho p\u0159ekvapen\u00ed nechceme do\u010dkat, je t\u0159eba volit takov\u00e9 strany, kter\u00e9 se neboj\u00ed \u0159\u00edci jasn\u00fd n\u00e1zor nejen na EU, ale i na nesmyslnost v\u00e1lky Z\u00e1padu s Ruskem. Dokonce se neboj\u00edm \u0159\u00edci, volit neparlamentn\u00ed strany, proto\u017ee v\u0161echny strany v na\u0161em parlamentu si s Uni\u00ed zadaly, podl\u00e9zaj\u00ed j\u00ed a pokud ne sv\u00fdmi slovy, pak rozhodn\u011b sv\u00fdmi \u010diny dokazuj\u00ed, \u017ee necht\u011bj\u00ed nic m\u011bnit na zab\u011bhl\u00e9m statu quo.<\/p>\n<p>Takovou stranou nejsme. S nik\u00fdm jsme si nezadali, p\u0159ed Uni\u00ed se nehrb\u00edme, nepodl\u00e9z\u00e1me j\u00ed, nechceme z\u00edskat voli\u010de na pr\u00e1zdn\u00e9 fr\u00e1ze.<\/p>\n<p>Na\u0161e pravda nezazn\u00edv\u00e1 v m\u00e9di\u00edch, je zesm\u011b\u0161\u0148ov\u00e1na, dehonestov\u00e1na a on\u00e1lepkov\u00e1v\u00e1na t\u011bmi nejhor\u0161\u00edmi p\u0159\u00edzvisky. P\u0159esto je to pravda, kter\u00e1 nem\u016f\u017ee b\u00fdt uml\u010dena.<\/p>\n<p>Jsme va\u0161\u00edm hlasem. Hlasem t\u011bch, kte\u0159\u00ed cht\u011bj\u00ed \u017e\u00edt norm\u00e1ln\u00ed \u017eivot, \u017eivot v m\u00edru, \u017eivot bez omezov\u00e1n\u00ed, bez z Bruselu na\u0159izovan\u00fdch nesmysl\u016f, kter\u00e9 jdou nejen proti zdrav\u00e9mu rozumu, ale proti \u017eivotu jako takov\u00e9mu. Norm\u00e1ln\u00ed \u017eivot je s \u010dlenstv\u00edm v Unii neslu\u010diteln\u00fd. Budoucnost na\u0161\u00ed zem\u011b, m\u00e1-li b\u00fdt kladn\u00e1, slavn\u00e1, nebo alespo\u0148 norm\u00e1ln\u00ed, nen\u00ed s \u010dlenstv\u00edm v EU slu\u010diteln\u00e1. \u010clenstv\u00ed na\u0161\u00ed zem\u011b v EU a NATO je u\u017e nad\u00e1le neudr\u017eiteln\u00e9 a neobhajiteln\u00e9.<\/p>\n<p>Udr\u017eitelnost na\u0161eho st\u00e1tu, abych pou\u017eil to nen\u00e1vid\u011bn\u00e9 slov\u00ed\u010dko, udr\u017eitelnost na\u0161\u00ed st\u00e1tnosti je s na\u0161\u00edm \u010dlenstv\u00edm v EU neslu\u010diteln\u00e1.<\/p>\n<p>\u010cili volba pro\u00a0<a href=\"https:\/\/aliancezacr.cz\/\" target=\"_blank\" rel=\"noopener\"><strong>Alianci Za Nez\u00e1vislost \u010cR \u2013 proti p\u0159ijet\u00ed eura<\/strong><\/a>\u00a0je volbou pro udr\u017eitelnost na\u0161eho st\u00e1tu a na\u0161eho n\u00e1roda.<br \/>\nKdo to nechce pochopit, ten n\u00e1s volit nebude.<br \/>\nKdo to ch\u00e1pe, ten nesm\u00ed v\u00e1hat a vyb\u00edrat mezi v\u011bt\u0161\u00edm \u010di men\u0161\u00edm zlem, nesm\u00ed spekulovat o tom, zda jeho hlas propadne, \u010di nikoli.<br \/>\nZa svou pravdou si mus\u00ed st\u00e1t a mus\u00ed volit tak, jak je vnit\u0159n\u011b p\u0159esv\u011bd\u010den.<\/p>\n<p>Pokud jste, stejn\u011b jako my, vnit\u0159n\u011b p\u0159esv\u011bd\u010deni, \u017ee dal\u0161\u00ed budoucnost \u010desk\u00e9ho st\u00e1tu a \u010desk\u00e9 n\u00e1roda jako st\u00e1tu suver\u00e9nn\u00edho a n\u00e1roda sebev\u011bdom\u00e9ho, je zaru\u010dena jen tehdy, kdy\u017e se z osidel bruselsk\u00e9 totality vyman\u00edme, nem\u00e1te jinou mo\u017enost, ne\u017e volit AZN\u010cR.<br \/>\nV\u0161em t\u011bm, kte\u0159\u00ed n\u00e1m d\u00e1te hlas, p\u0159edem d\u011bkuji.<br \/>\nNa v\u0161echny ty, kte\u0159\u00ed jste ochotni o volb\u011b na\u0161\u00ed volebn\u00ed koalice uva\u017eovat, apeluji, abyste se nenechali zl\u00e1kat pozl\u00e1tky jin\u00fdch stran a volili sv\u00fdm srdcem ty, kte\u0159\u00ed V\u00e1m \u0159\u00edkaj\u00ed \u2013 by\u0165 nep\u0159\u00edjemnou \u2013 pravdu.<br \/>\nV\u0161em t\u011bm, kte\u0159\u00ed si p\u0159ejete m\u00edr a svobodu, vzkazuji, \u017ee nen\u00ed, o \u010dem p\u0159em\u00fd\u0161let.<br \/>\nVolte tak, abyste \u2013 nejen my, ale i vy, tedy abychom my v\u0161ichni \u2013 vyslali jasn\u00fd sign\u00e1l, \u017ee takto u\u017e to nejde.<\/p>\n<p>D\u00e1my a p\u00e1nov\u00e9,<br \/>\ndnes u\u017e ne\u0159e\u0161\u00edme ban\u00e1ny, ani \u017e\u00e1rovky, dokonce ani ne\u0159e\u0161\u00edme hloup\u00e9 cyklostezky a rozhledny v \u00fadol\u00edch. Ne\u0159e\u0161\u00edme nesmysln\u00e9 eurodotace a dokonce ani euro. \u0158e\u0161\u00edme vlastn\u00ed budoucnost, vyb\u00edr\u00e1me mezi \u017eivotem a smrt\u00ed, mezi pokra\u010dov\u00e1n\u00edm na\u0161\u00ed st\u00e1tn\u00ed a n\u00e1rodn\u00ed existence na jedn\u00e9, a otroctv\u00edm na stran\u011b druh\u00e9. Vyb\u00edr\u00e1me mezi m\u00edrem a v\u00e1lkou. Mezi kulturou \u017eivota a kulturou smrti. Dokonce p\u0159\u00edmo \u2013 mezi \u017eivotem a smrt\u00ed.<br \/>\nJ\u00e1 v tom m\u00e1m jasno, a proto kandiduji za tento subjekt. Kandiduji ne proto, \u017ee se chci dostat na tepl\u00e9 bruselsk\u00e9 m\u00edste\u010dko. Kandiduji proto, abych vyslal sign\u00e1l \u2013 sign\u00e1l pro \u017eivot, sign\u00e1l pro m\u00edr, sign\u00e1l pro svobodu, sign\u00e1l pro sv\u011btlou budoucnost na\u0161eho n\u00e1roda.<br \/>\nJak\u00fd sign\u00e1l sv\u00fdm l\u00edstkem vhozen\u00fdm do urny vy\u0161lete vy?<br \/>\nJe to jen na v\u00e1s.<br \/>\nD\u011bkuji za pozornost!<\/p>\n<p><em><strong>Projev Adama B. Barto\u0161e,<\/strong> p\u0159edsedy N\u00e1rodn\u00ed demokracie, na p\u0159edvolebn\u00ed konferenci Aliance za nez\u00e1vislost \u010cR \u2013 proti p\u0159ijet\u00ed eura, Praha, 8. kv\u011btna 2024<\/em><\/p>\n<p><a href=\"https:\/\/narodnidemokracie.cz\/nedelnik-adama-b-bartose-162-jasny-signal\/\"><img decoding=\"async\" loading=\"lazy\" class=\"alignnone size-full wp-image-678\" src=\"http:\/\/www.infokuryr.cz\/n\/wp-content\/uploads\/2021\/04\/narodni_demokracie_logo.jpg\" alt=\"\" width=\"300\" height=\"85\" \/><\/a><\/p>\n<p>_____________________________<\/p>\n<p>&nbsp;<\/p>\n<p><a href=\"https:\/\/stranapro.cz\/\"><img decoding=\"async\" loading=\"lazy\" class=\"wp-image-40286 aligncenter\" src=\"http:\/\/www.infokuryr.cz\/n\/wp-content\/uploads\/2023\/11\/12pro-300x87.png\" alt=\"\" width=\"941\" height=\"273\" srcset=\"https:\/\/www.infokuryr.cz\/n\/wp-content\/uploads\/2023\/11\/12pro-300x87.png 300w, https:\/\/www.infokuryr.cz\/n\/wp-content\/uploads\/2023\/11\/12pro.png 366w\" sizes=\"(max-width: 941px) 100vw, 941px\" \/><\/a><\/p>\n<p>&nbsp;<\/p>\n<p>&nbsp;<\/p>\n","protected":false},"excerpt":{"rendered":"<p>V\u00e1\u017een\u00fd pane europoslan\u010de, v\u00e1\u017een\u00e9 d\u00e1my, v\u00e1\u017een\u00ed p\u00e1nov\u00e9, p\u0159edev\u0161\u00edm ale, v\u00e1\u017een\u00ed voli\u010di, kv\u016fli kter\u00fdm se tu&#8230;<\/p>\n","protected":false},"author":2,"featured_media":53728,"comment_status":"closed","ping_status":"closed","sticky":false,"template":"","format":"standard","meta":[],"categories":[6],"tags":[367,85,710],"_links":{"self":[{"href":"https:\/\/www.infokuryr.cz\/n\/wp-json\/wp\/v2\/posts\/53727"}],"collection":[{"href":"https:\/\/www.infokuryr.cz\/n\/wp-json\/wp\/v2\/posts"}],"about":[{"href":"https:\/\/www.infokuryr.cz\/n\/wp-json\/wp\/v2\/types\/post"}],"author":[{"embeddable":true,"href":"https:\/\/www.infokuryr.cz\/n\/wp-json\/wp\/v2\/users\/2"}],"replies":[{"embeddable":true,"href":"https:\/\/www.infokuryr.cz\/n\/wp-json\/wp\/v2\/comments?post=53727"}],"version-history":[{"count":0,"href":"https:\/\/www.infokuryr.cz\/n\/wp-json\/wp\/v2\/posts\/53727\/revisions"}],"wp:featuredmedia":[{"embeddable":true,"href":"https:\/\/www.infokuryr.cz\/n\/wp-json\/wp\/v2\/media\/53728"}],"wp:attachment":[{"href":"https:\/\/www.infokuryr.cz\/n\/wp-json\/wp\/v2\/media?parent=53727"}],"wp:term":[{"taxonomy":"category","embeddable":true,"href":"https:\/\/www.infokuryr.cz\/n\/wp-json\/wp\/v2\/categories?post=53727"},{"taxonomy":"post_tag","embeddable":true,"href":"https:\/\/www.infokuryr.cz\/n\/wp-json\/wp\/v2\/tags?post=53727"}],"curies":[{"name":"wp","href":"https:\/\/api.w.org\/{rel}","templated":true}]}}