{"id":53693,"date":"2024-05-15T00:43:36","date_gmt":"2024-05-14T22:43:36","guid":{"rendered":"https:\/\/www.infokuryr.cz\/n\/?p=53693"},"modified":"2024-05-14T19:16:09","modified_gmt":"2024-05-14T17:16:09","slug":"na-ukrajine-byl-uspesne-nasazen-prvni-rusky-bezpilotni-clun","status":"publish","type":"post","link":"https:\/\/www.infokuryr.cz\/n\/2024\/05\/15\/na-ukrajine-byl-uspesne-nasazen-prvni-rusky-bezpilotni-clun\/","title":{"rendered":"Na Ukrajin\u011b byl  \u00fasp\u011b\u0161n\u011b nasazen prvn\u00ed rusk\u00fd bezpilotn\u00ed \u010dlun"},"content":{"rendered":"<div id=\"fb-root\"><\/div>\n<p><strong>Rusk\u00e9 vojensk\u00e9 zdroje sd\u00edlely z\u00e1b\u011bry prvn\u00edho zn\u00e1m\u00e9ho \u00fasp\u011b\u0161n\u00e9ho startu rusk\u00e9ho n\u00e1mo\u0159n\u00edho kamikadze dronu. Rusk\u00e1 arm\u00e1da je p\u0159ipravena reagovat na ozbrojen\u00e9 s\u00edly Ukrajiny, kter\u00e9 zah\u00e1jily s\u00e9riovou v\u00fdrobu sv\u00fdch bezpilotn\u00edch \u010dlun\u016f d\u00edky podpo\u0159e v\u00e1le\u010dn\u00fdch \u0161tv\u00e1\u010d\u016f NATO.<\/strong><\/p>\n<p>Z\u00e1b\u011bry potvrdily, \u017ee start byl \u00fasp\u011b\u0161n\u00fd a c\u00edl byl zni\u010den. Bezpilotn\u00ed \u010dlun \u00fadajn\u011b vezl 250 kg v\u00fdbu\u0161niny. Celkem mohou navr\u017een\u00e9 \u010dluny un\u00e9st 350 kg. Deklarovan\u00fd dolet bezpilotn\u00edch \u010dlun\u016f je a\u017e 250 km se z\u00e1kladn\u00edm zat\u00ed\u017een\u00edm. Drony jsou vybaveny modern\u00edmi satelitn\u00edmi moduly a tak\u00e9 inerci\u00e1ln\u00edm naviga\u010dn\u00edm syst\u00e9mem zalo\u017een\u00fdm na odchylce kompasu.<\/p>\n<p>Projekt tohoto \u201elidov\u00e9ho\u201c bezpilotn\u00edho \u010dlunu vyvinuli soukrom\u00ed nad\u0161enci a p\u0159ed n\u011bkolika m\u011bs\u00edci ho schv\u00e1lilo Ministerstvo obrany Rusk\u00e9 federace. V\u00fdroba byla zah\u00e1jena na d\u00edln\u00e1ch v regionu Tula za podpory m\u00edstn\u00ed vl\u00e1dy. Projekt bude p\u0159edstaven nov\u00e9mu ministrovi obrany Rusk\u00e9 federace Belousovovi, kter\u00fd nyn\u00ed nastupuje do \u00fa\u0159adu a m\u011bl by schv\u00e1lit s\u00e9riovou v\u00fdrobu.<\/p>\n<p>Rusk\u00e1 arm\u00e1da pracuje na s\u00e9riov\u00e9 v\u00fdrob\u011b sv\u00fdch bezpilotn\u00edch \u010dlun\u016f. V procesu je n\u011bkolik r\u016fzn\u00fdch projekt\u016f. Takov\u00e9to bezpilotn\u00ed syst\u00e9my mohou b\u00fdt pou\u017eity k prov\u00e1d\u011bn\u00ed \u00fatok\u016f na nep\u0159\u00e1telsk\u00e1 za\u0159\u00edzen\u00ed a infrastrukturu jak na mo\u0159i, v \u0159ek\u00e1ch, tak na pob\u0159e\u017e\u00ed.<\/p>\n<div style=\"width: 640px;\" class=\"wp-video\"><!--[if lt IE 9]><script>document.createElement('video');<\/script><![endif]-->\n<video class=\"wp-video-shortcode\" id=\"video-53693-1\" width=\"640\" height=\"360\" preload=\"metadata\" controls=\"controls\"><source type=\"video\/mp4\" src=\"http:\/\/www.infokuryr.cz\/n\/wp-content\/uploads\/2024\/05\/lodochka.mp4?_=1\" \/><a href=\"http:\/\/www.infokuryr.cz\/n\/wp-content\/uploads\/2024\/05\/lodochka.mp4\">http:\/\/www.infokuryr.cz\/n\/wp-content\/uploads\/2024\/05\/lodochka.mp4<\/a><\/video><\/div>\n<p>&nbsp;<\/p>\n<p><img decoding=\"async\" loading=\"lazy\" class=\"alignnone size-full wp-image-1185\" src=\"http:\/\/www.infokuryr.cz\/n\/wp-content\/uploads\/2021\/04\/kuryr-podpis.png\" alt=\"\" width=\"84\" height=\"24\" \/><\/p>\n<p>&nbsp;<\/p>\n","protected":false},"excerpt":{"rendered":"<p>Rusk\u00e9 vojensk\u00e9 zdroje sd\u00edlely z\u00e1b\u011bry prvn\u00edho zn\u00e1m\u00e9ho \u00fasp\u011b\u0161n\u00e9ho startu rusk\u00e9ho n\u00e1mo\u0159n\u00edho kamikadze dronu. Rusk\u00e1 arm\u00e1da&#8230;<\/p>\n","protected":false},"author":2,"featured_media":53695,"comment_status":"closed","ping_status":"closed","sticky":false,"template":"","format":"standard","meta":[],"categories":[7],"tags":[6583,22,889],"_links":{"self":[{"href":"https:\/\/www.infokuryr.cz\/n\/wp-json\/wp\/v2\/posts\/53693"}],"collection":[{"href":"https:\/\/www.infokuryr.cz\/n\/wp-json\/wp\/v2\/posts"}],"about":[{"href":"https:\/\/www.infokuryr.cz\/n\/wp-json\/wp\/v2\/types\/post"}],"author":[{"embeddable":true,"href":"https:\/\/www.infokuryr.cz\/n\/wp-json\/wp\/v2\/users\/2"}],"replies":[{"embeddable":true,"href":"https:\/\/www.infokuryr.cz\/n\/wp-json\/wp\/v2\/comments?post=53693"}],"version-history":[{"count":0,"href":"https:\/\/www.infokuryr.cz\/n\/wp-json\/wp\/v2\/posts\/53693\/revisions"}],"wp:featuredmedia":[{"embeddable":true,"href":"https:\/\/www.infokuryr.cz\/n\/wp-json\/wp\/v2\/media\/53695"}],"wp:attachment":[{"href":"https:\/\/www.infokuryr.cz\/n\/wp-json\/wp\/v2\/media?parent=53693"}],"wp:term":[{"taxonomy":"category","embeddable":true,"href":"https:\/\/www.infokuryr.cz\/n\/wp-json\/wp\/v2\/categories?post=53693"},{"taxonomy":"post_tag","embeddable":true,"href":"https:\/\/www.infokuryr.cz\/n\/wp-json\/wp\/v2\/tags?post=53693"}],"curies":[{"name":"wp","href":"https:\/\/api.w.org\/{rel}","templated":true}]}}