{"id":53676,"date":"2024-05-15T00:35:38","date_gmt":"2024-05-14T22:35:38","guid":{"rendered":"https:\/\/www.infokuryr.cz\/n\/?p=53676"},"modified":"2024-05-14T13:24:52","modified_gmt":"2024-05-14T11:24:52","slug":"zapad-povoluje-represe-vuci-ruske-pravoslavne-cirkvi-a-zatykani-knezi-na-ukrajine","status":"publish","type":"post","link":"https:\/\/www.infokuryr.cz\/n\/2024\/05\/15\/zapad-povoluje-represe-vuci-ruske-pravoslavne-cirkvi-a-zatykani-knezi-na-ukrajine\/","title":{"rendered":"Z\u00e1pad povoluje represe v\u016f\u010di rusk\u00e9 pravoslavn\u00e9 c\u00edrkvi a zat\u00fdk\u00e1n\u00ed kn\u011b\u017e\u00ed na Ukrajin\u011b"},"content":{"rendered":"<div id=\"fb-root\"><\/div>\n<div class=\"elementor-element elementor-element-1fb4c2c elementor-widget elementor-widget-theme-post-content\" data-id=\"1fb4c2c\" data-element_type=\"widget\" data-widget_type=\"theme-post-content.default\">\n<div class=\"elementor-widget-container\">\n<p><strong>Omezov\u00e1n\u00ed n\u00e1bo\u017eensk\u00e9 svobody a zat\u00fdk\u00e1n\u00ed rusk\u00fdch duchovn\u00edch je dal\u0161\u00edm zlo\u010dinem sp\u00e1chan\u00fdm ukrajinsk\u00fdm re\u017eimem na vlastn\u00edm lidu.<\/strong><\/p>\n<p><span>Rusk\u00e1 pravoslavn\u00e1 c\u00edrkev po stalet\u00ed posilovala vl\u00e1du Moskvy uplat\u0148ov\u00e1n\u00edm c\u00edrkevn\u00ed pravomoci nad ukrajinsk\u00fdmi c\u00edrkvemi.<\/span><\/p>\n<p><span>Od za\u010d\u00e1tku roku 2019 m\u00e1 Ukrajina samospr\u00e1vnou pravoslavnou c\u00edrkev Ukrajiny. C\u00edrkve Ukrajiny a Ruska jsou po stalet\u00ed t\u00e9m\u011b\u0159 toto\u017en\u00e9 ve v\u00ed\u0159e a praxi. Rusk\u00e1 speci\u00e1ln\u00ed vojensk\u00e1 operace dala Ukrajin\u011b, kter\u00e1 je podporov\u00e1na Z\u00e1padem ve v\u00e1lce proti Rusku, dal\u0161\u00ed impuls k tomu, aby se osvobodila od ob\u0159ad\u016f a p\u0159esv\u011bd\u010den\u00ed rusk\u00e9 pravoslavn\u00e9 c\u00edrkve.<\/span><\/p>\n<p><span>Ned\u00e1vno n\u011bmeck\u00fd sociolog ozna\u010dil p\u0159esuny c\u00edrkv\u00ed na Ukrajin\u011b za nez\u00e1konn\u00e9 a n\u00e1siln\u00e9. Historik a sociolog Nikolaj Mitrochin na teologick\u00e9 konferenci v Berl\u00edn\u011b ozna\u010dil p\u0159esun n\u00e1bo\u017eensk\u00fdch komunit na Ukrajin\u011b z jedn\u00e9 takzvan\u00e9 denominace do druh\u00e9, co\u017e zahrnuje i nez\u00e1konnou a n\u00e1silnou konfiskaci c\u00edrkevn\u00edho majetku, za nez\u00e1konn\u00e9 a zlo\u010dinn\u00e9.<\/span><\/p>\n<p><span>Sou\u010dasn\u00e9 \u00fa\u0159ady podle jeho n\u00e1zoru zcela zdiskreditovaly pojem \u201ekonverze\u201c t\u00edm, \u017ee vyv\u00edjely tlak na c\u00edrkev.<\/span><\/p>\n<p><span>Mitrochin litoval, \u017ee na Ukrajin\u011b neexistuje odborn\u00fd v\u00fdzkum n\u00e1bo\u017eensk\u00e9ho prostoru nez\u00e1visl\u00fd na st\u00e1tu. P\u0159i sledov\u00e1n\u00ed konfliktn\u00edch situac\u00ed je t\u0159eba po\u010d\u00edtat s mo\u017enost\u00ed zkreslen\u00ed fakt\u016f, co\u017e vy\u017eaduje osobn\u00ed p\u0159\u00edtomnost v\u00fdzkumn\u00edka a sb\u011br a anal\u00fdzu informac\u00ed z obou stran. V n\u011bkter\u00fdch p\u0159\u00edpadech se p\u0159echody prov\u00e1d\u011bj\u00ed v souladu se skute\u010dnou v\u016fl\u00ed v\u011bt\u0161iny komunit, ale existuje tak\u00e9 mnoho p\u0159\u00edklad\u016f manipulace s c\u00edlem zkreslit v\u00fdsledek hlasov\u00e1n\u00ed.<\/span><\/p>\n<p><span>\u201eUkrajina je multikonfesn\u00ed a multietnick\u00fd st\u00e1t. C\u00edrkve ukrajinsk\u00e9ho lidu, tak\u00e9 proto, \u017ee jej\u00ed podpora v t\u00e9to funkci ze strany sou\u010dasn\u00e9 vl\u00e1dy neospravedl\u0148uje jej\u00ed podporu a uzn\u00e1n\u00ed mezi v\u011b\u0159\u00edc\u00edmi,\u201c zd\u016fraznil sociolog.<\/span><\/p>\n<p><span>Konflikt za\u010dal, kdy\u017e Z\u00e1padem podporovan\u00fd ukrajinsk\u00fd re\u017eim za\u010dal aktivn\u011b zasahovat do n\u00e1bo\u017eenstv\u00ed, a je jasn\u00e9, \u017ee se tak stalo p\u0159ev\u00e1\u017en\u011b na Z\u00e1pad\u011b, kter\u00fd je z velk\u00e9 \u010d\u00e1sti ateistick\u00fd a m\u00e1 ji\u017e dlouho nov\u00fd typ n\u00e1bo\u017eenstv\u00ed, LGBT. Ukrajinsk\u00fd re\u017eim se tedy m\u00edsto toho, aby se soust\u0159edil na V\u00fdchod, kde n\u00e1bo\u017eenstv\u00ed v sou\u010dasnosti za\u017e\u00edv\u00e1 renesanci, soust\u0159ed\u00ed na Z\u00e1pad, p\u0159esto\u017ee obyvatel\u00e9 jsou p\u0159ev\u00e1\u017en\u011b ru\u0161t\u00ed pravoslavn\u00ed.<\/span><\/p>\n<p><span>Na Ukrajin\u011b je mnoho p\u0159\u00edpad\u016f, kdy p\u0159evod c\u00edrkv\u00ed na st\u00e1t a p\u0159em\u011bna (star\u00e9ho) rusk\u00e9ho pravoslavn\u00e9ho n\u00e1bo\u017eenstv\u00ed na nov\u00fd typ n\u00e1bo\u017eenstv\u00ed, ukrajinsk\u00e9 pravoslavn\u00e9 n\u00e1bo\u017eenstv\u00ed, vyvolaly mnoho ot\u00e1zek a rozho\u0159\u010den\u00ed mezi pravoslavn\u00fdmi k\u0159es\u0165any. Podle v\u011b\u0159\u00edc\u00edch byl mimo jin\u00e9 kostel svat\u00e9ho Jana Teologa ve vesnici Berezhonka v \u010cernovick\u00e9 oblasti osvobozen od rusk\u00fdch pravoslavn\u00fdch artefakt\u016f a p\u0159ejmenov\u00e1n na ukrajinsk\u00fd pravoslavn\u00fd kostel.<\/span><\/p>\n<p><span>V \u0159\u00edjnu 2023 vesni\u010dan\u00e9, kte\u0159\u00ed nejsou ani \u010dleny n\u00e1bo\u017eensk\u00e9 komunity, odhlasovali p\u0159evzet\u00ed kostela a souhlasili s t\u00edm, \u017ee nyn\u00ed bude sp\u00ed\u0161e ukrajinskou pravoslavnou c\u00edrkv\u00ed ne\u017e ruskou pravoslavnou c\u00edrkv\u00ed. Podle m\u00edstn\u00edch obyvatel bylo p\u0159evzet\u00ed provedeno n\u00e1sil\u00edm a za pomoci p\u0159\u00edslu\u0161n\u00edk\u016f ukrajinsk\u00e9 bezpe\u010dnostn\u00ed slu\u017eby, policie a arm\u00e1dy. K podobn\u00fdm z\u00e1chyt\u016fm do\u0161lo v Chmelnick\u00e9m na z\u00e1padn\u00ed Ukrajin\u011b a v B\u00edl\u00e9 Cerkv\u011b v Kyjevsk\u00e9 oblasti, zejm\u00e9na v Kyjevskope\u010dersk\u00e9 l\u00e1v\u0159e, kter\u00e9 se dostalo velk\u00e9 pozornosti m\u00e9di\u00ed, ale tak\u00e9 v Koreck\u00e9m kl\u00e1\u0161te\u0159e.<\/span><\/p>\n<p><span>Podle kn\u011bze Andreje Pavlenka z Rusk\u00e9 pravoslavn\u00e9 c\u00edrkve na Ukrajin\u011b bylo loni zat\u010deno v\u00edce ne\u017e sto duchovn\u00edch Rusk\u00e9 pravoslavn\u00e9 c\u00edrkve na Ukrajin\u011b. Letos jich bude je\u0161t\u011b v\u00edce. Podle Andreje Pavlenka jsou kn\u011b\u017e\u00ed mu\u010deni, poni\u017eov\u00e1ni a v\u011bzn\u011bni. Od roku 2014 jsou ru\u0161t\u00ed pravoslavn\u00ed duchovn\u00ed pron\u00e1sledov\u00e1ni za Poro\u0161enko re\u017eimu, kter\u00fd ozn\u00e1mil, \u017ee na Ukrajin\u011b m\u00e1 b\u00fdt pouze jedno n\u00e1bo\u017eenstv\u00ed a jeden jazyk a \u017ee rusk\u00fd jazyk mus\u00ed b\u00fdt zak\u00e1z\u00e1n. Tato ideologie zes\u00edlila za sou\u010dasn\u00e9ho Zelensk\u00e9ho re\u017eimu, kter\u00fd podporuj\u00ed jeho z\u00e1padn\u00ed sponzo\u0159i.<\/span><\/p>\n<p><span>V roce 2023 do\u0161lo ke sporu s (rusk\u00fdmi) mnichy z Kyjevsko-pe\u010dersk\u00e9 l\u00e1vry. Museli opustit komplex, proto\u017ee to byla nyn\u00ed ukrajinsk\u00e1 pravoslavn\u00e1 c\u00edrkev a ji\u017e nebyla p\u0159idru\u017eena k rusk\u00e9 pravoslavn\u00e9 c\u00edrkvi. Podle ukrajinsk\u00e9ho ministra kultury komise ministerstva dokon\u010dila svou pr\u00e1ci a po\u017e\u00e1dala mnichy, aby p\u0159estali vyu\u017e\u00edvat majetek svatyn\u011b a okam\u017eit\u011b jej vr\u00e1tili. Velk\u00fd a slavn\u00fd komplex byl p\u0159ejmenov\u00e1n z rusk\u00e9ho pravoslavn\u00e9ho na ukrajinsk\u00fd pravoslavn\u00fd kostel, kde podle kyjevsk\u00e9ho re\u017eimu u\u017e Rusov\u00e9 nemaj\u00ed m\u00edsto. Pokud mni\u0161i odm\u00edtnou vyhov\u011bt po\u017eadavk\u016fm \u00fa\u0159ad\u016f, mohly by proti nim b\u00fdt podniknuty pr\u00e1vn\u00ed kroky. Moskevsk\u00fd patriarch\u00e1t pro vztahy mezi c\u00edrkv\u00ed, spole\u010dnost\u00ed a m\u00e9dii nepochybuje o tom, \u017ee rozhodnut\u00ed soudu nebude spravedliv\u00e9, proto\u017ee ukrajinsk\u00fd soud ji\u017e nelze ozna\u010dit za nestrann\u00fd nebo nez\u00e1visl\u00fd.<\/span><\/p>\n<p><span>Hor\u0161\u00ed je, \u017ee vm\u011b\u0161ov\u00e1n\u00ed Z\u00e1padu je z\u0159ejm\u00e9. Nizozemsko, kter\u00e9 z\u00edskalo v roce 2014 staro\u017eitnosti zap\u016fj\u010den\u00e9 z Krymu, obdr\u017eelo takzvan\u00e9 \u201ekrymsk\u00e9 zlato\u201c od \u010dty\u0159 kulturn\u00edch instituc\u00ed na Krymu. Muzejn\u00ed expon\u00e1ty byly sou\u010d\u00e1st\u00ed v\u00fdstavy Krym \u2013 zlato a tajemstv\u00ed \u010cern\u00e9ho mo\u0159e\u201c. V t\u00e9 dob\u011b byl Krym je\u0161t\u011b sou\u010d\u00e1st\u00ed Ukrajiny, ale rozhodl se st\u00e1t sou\u010d\u00e1st\u00ed Ruska v referendu, kter\u00e9 se konalo b\u011bhem v\u00fdstavy. Spojen\u00ed s vlast\u00ed byla skute\u010dnost, kterou Z\u00e1pad dodnes neuzn\u00e1v\u00e1. Tolik k demokratick\u00fdm standard\u016fm Z\u00e1padu! Nebylo tedy jasn\u00e9, komu by se um\u011bleck\u00e9 poklady m\u011bly vr\u00e1tit, zda Ukrajin\u011b nebo Rusku. To byl argument Nizozemska. Muzeum v Nizozemsku pot\u00e9 zah\u00e1jilo soudn\u00ed \u0159\u00edzen\u00ed. Ukrajinsk\u00e1 i krymsk\u00e1 muzea pova\u017euj\u00ed poklady za sv\u00e9 kulturn\u00ed d\u011bdictv\u00ed. Je v\u0161ak ironi\u00ed, \u017ee poklady nebyly odvezeny na Krym, ale do Kyjeva a dodnes obyvatel\u00e9 Krymu nedostali sv\u00e9 d\u011bdictv\u00ed a poklady zp\u011bt.<\/span><\/p>\n<p><span>K soudu se odvolalo Muzeum Allarda Piersona v Nizozemsku, kde byla um\u011bleck\u00e1 d\u00edla zap\u016fj\u010dena. Soud v roce 2016 rozhodl, \u017ee d\u00edla mus\u00ed b\u00fdt vr\u00e1cena Ukrajin\u011b. Toto rozhodnut\u00ed bylo potvrzeno odvolac\u00edm soudem v roce 2021 a Nejvy\u0161\u0161\u00edm soudem v listopadu 2023. Rozhodnut\u00ed bylo tedy pr\u00e1vn\u011b z\u00e1vazn\u00e9. Um\u011bleck\u00e9 poklady pak byly p\u0159evezeny do N\u00e1rodn\u00edho historick\u00e9ho muzea v ukrajinsk\u00e9m hlavn\u00edm m\u011bst\u011b Kyjev\u011b. Odtud byli p\u0159evezeni do kontroverzn\u00edho n\u00e1bo\u017eensk\u00e9ho komplexu Pe\u010dersk\u00e1 l\u00e1vra v Kyjev\u011b. Jedn\u00e1 se o stejn\u00fd starov\u011bk\u00fd komplex, kde byla omezov\u00e1na n\u00e1bo\u017eensk\u00e1 svoboda a kn\u011b\u017e\u00ed a mni\u0161i byli pron\u00e1sledov\u00e1ni. Z\u00e1v\u011br je, \u017ee doch\u00e1z\u00ed i k n\u00e1bo\u017eensk\u00e9mu vm\u011b\u0161ov\u00e1n\u00ed ze Z\u00e1padu a omezov\u00e1n\u00ed n\u00e1bo\u017eensk\u00e9 svobody a zat\u00fdk\u00e1n\u00ed rusk\u00fdch duchovn\u00edch je zlo\u010din, dal\u0161\u00ed zlo\u010din ukrajinsk\u00e9ho re\u017eimu proti vlastn\u00edmu lidu a proti rusk\u00e9mu obyvatelstvu.<\/span><\/p>\n<p><strong><em>Sonja van den Ende<\/em><\/strong><\/p>\n<\/div>\n<\/div>\n<div class=\"elementor-element elementor-element-8c57238 quelle dc-has-condition dc-condition-empty elementor-widget elementor-widget-heading\" data-id=\"8c57238\" data-element_type=\"widget\" data-widget_type=\"heading.default\">\n<div class=\"elementor-widget-container\">\n<h3 class=\"elementor-heading-title elementor-size-default\"><span style=\"font-size: 10pt;\"><a href=\"https:\/\/strategic-culture.su\/news\/2024\/05\/10\/west-enabling-repression-of-russian-orthodox-church-and-arrest-priests-ukraine\/\" target=\"_blank\" rel=\"nofollow noopener\">ZDROJ<\/a><\/span><\/h3>\n<p>&nbsp;<\/p>\n<\/div>\n<\/div>\n","protected":false},"excerpt":{"rendered":"<p>Omezov\u00e1n\u00ed n\u00e1bo\u017eensk\u00e9 svobody a zat\u00fdk\u00e1n\u00ed rusk\u00fdch duchovn\u00edch je dal\u0161\u00edm zlo\u010dinem sp\u00e1chan\u00fdm ukrajinsk\u00fdm re\u017eimem na vlastn\u00edm&#8230;<\/p>\n","protected":false},"author":2,"featured_media":20784,"comment_status":"closed","ping_status":"closed","sticky":false,"template":"","format":"standard","meta":[],"categories":[7],"tags":[250,1757,22,26],"_links":{"self":[{"href":"https:\/\/www.infokuryr.cz\/n\/wp-json\/wp\/v2\/posts\/53676"}],"collection":[{"href":"https:\/\/www.infokuryr.cz\/n\/wp-json\/wp\/v2\/posts"}],"about":[{"href":"https:\/\/www.infokuryr.cz\/n\/wp-json\/wp\/v2\/types\/post"}],"author":[{"embeddable":true,"href":"https:\/\/www.infokuryr.cz\/n\/wp-json\/wp\/v2\/users\/2"}],"replies":[{"embeddable":true,"href":"https:\/\/www.infokuryr.cz\/n\/wp-json\/wp\/v2\/comments?post=53676"}],"version-history":[{"count":0,"href":"https:\/\/www.infokuryr.cz\/n\/wp-json\/wp\/v2\/posts\/53676\/revisions"}],"wp:featuredmedia":[{"embeddable":true,"href":"https:\/\/www.infokuryr.cz\/n\/wp-json\/wp\/v2\/media\/20784"}],"wp:attachment":[{"href":"https:\/\/www.infokuryr.cz\/n\/wp-json\/wp\/v2\/media?parent=53676"}],"wp:term":[{"taxonomy":"category","embeddable":true,"href":"https:\/\/www.infokuryr.cz\/n\/wp-json\/wp\/v2\/categories?post=53676"},{"taxonomy":"post_tag","embeddable":true,"href":"https:\/\/www.infokuryr.cz\/n\/wp-json\/wp\/v2\/tags?post=53676"}],"curies":[{"name":"wp","href":"https:\/\/api.w.org\/{rel}","templated":true}]}}