{"id":53669,"date":"2024-05-15T00:32:39","date_gmt":"2024-05-14T22:32:39","guid":{"rendered":"https:\/\/www.infokuryr.cz\/n\/?p=53669"},"modified":"2024-05-14T13:13:44","modified_gmt":"2024-05-14T11:13:44","slug":"vzpominka-na-den-vitezstvi-proc-chteji-zapadni-elity-zapomenout","status":"publish","type":"post","link":"https:\/\/www.infokuryr.cz\/n\/2024\/05\/15\/vzpominka-na-den-vitezstvi-proc-chteji-zapadni-elity-zapomenout\/","title":{"rendered":"Vzpom\u00ednka na Den v\u00edt\u011bzstv\u00ed, pro\u010d cht\u011bj\u00ed z\u00e1padn\u00ed elity zapomenout"},"content":{"rendered":"<div id=\"fb-root\"><\/div>\n<p><strong>Mnoho ob\u010dan\u016f po cel\u00e9m sv\u011bt\u011b, v\u010detn\u011b Spojen\u00fdch st\u00e1t\u016f a Evropy, souhlas\u00ed s Ruskem, pokud jde o \u0159\u00e1dn\u00e9 uct\u011bn\u00ed Dne v\u00edt\u011bzstv\u00ed.<\/strong><\/p>\n<div class=\"elementor-element elementor-element-1fb4c2c elementor-widget elementor-widget-theme-post-content\" data-id=\"1fb4c2c\" data-element_type=\"widget\" data-widget_type=\"theme-post-content.default\">\n<div class=\"elementor-widget-container\">\n<p><span>Rusk\u00fd historik Roman Shumov v\u00fdsti\u017en\u011b popsal vzne\u0161en\u00fd v\u00fdznam Dne v\u00edt\u011bzstv\u00ed. Tento t\u00fdden napsal: &#8222;Pro Rusy nen\u00ed 9. kv\u011bten jen oslavou vojensk\u00e9ho triumfu &#8211; je to oslava v\u00edt\u011bzstv\u00ed nad smrt\u00ed.&#8220;<\/span><\/p>\n<p><span>Tento t\u00fdden Rusko a spojeneck\u00e9 st\u00e1ty oslavily Den v\u00edt\u011bzstv\u00ed s obvyklou pompou a respektem na moskevsk\u00e9m Rud\u00e9m n\u00e1m\u011bst\u00ed. Po cel\u00e9m Rusku a v men\u0161\u00edm m\u011b\u0159\u00edtku i v dal\u0161\u00edch evropsk\u00fdch zem\u00edch se konaly vzpom\u00ednkov\u00e9 akce na po\u010dest voj\u00e1k\u016f a civilist\u016f, kte\u0159\u00ed polo\u017eili sv\u00e9 \u017eivoty za v\u00edt\u011bzstv\u00ed nad nacistick\u00fdm N\u011bmeckem v kv\u011btnu 1945.<\/span><\/p>\n<p><span>Kdy\u017e nacistick\u00e9 N\u011bmecko 9. kv\u011btna ofici\u00e1ln\u011b kapitulovalo, p\u0159inesli obyvatel\u00e9 Sov\u011btsk\u00e9ho svazu nejt\u011b\u017e\u0161\u00ed a nejd\u016fle\u017eit\u011bj\u0161\u00ed ob\u011b\u0165 k dosa\u017een\u00ed v\u00edt\u011bzstv\u00ed. P\u0159esn\u00e1 \u010d\u00edsla zat\u00edm nejsou k dispozici, ale odhaduje se, \u017ee ve Velk\u00e9 vlasteneck\u00e9 v\u00e1lce (1941-45) zem\u0159elo 27 a\u017e 30 milion\u016f sov\u011btsk\u00fdch ob\u010dan\u016f. Asi 10 milion\u016f z nich byli voj\u00e1ci Rud\u00e9 arm\u00e1dy, zbytek byli civilist\u00e9, kte\u0159\u00ed p\u0159i\u0161li o \u017eivot nep\u0159edstaviteln\u00fdm utrpen\u00edm, n\u00e1sil\u00edm a deprivac\u00ed. Byla to jejich kolektivn\u00ed ob\u011b\u0165 a hrdinstv\u00ed tv\u00e1\u0159\u00ed v tv\u00e1\u0159 barbarstv\u00ed, kter\u00e9 nakonec porazilo nacistickou T\u0159et\u00ed \u0159\u00ed\u0161i. Je jen p\u0159\u00edhodn\u00e9, \u017ee bitva o Berl\u00edn byla posledn\u00edm st\u00e1n\u00edm Hitlerova re\u017eimu a \u017ee vzty\u010den\u00ed sov\u011btsk\u00e9 vlajky nad \u0158\u00ed\u0161sk\u00fdm sn\u011bmem bylo symbolick\u00fdm okam\u017eikem triumfu.<\/span><\/p>\n<p><span>P\u0159\u00edsp\u011bvek americk\u00fdch, britsk\u00fdch a dal\u0161\u00edch dobrovoln\u00fdch voj\u00e1k\u016f ze z\u00e1padn\u00edch zem\u00ed k v\u00edt\u011bzstv\u00ed nad nacistick\u00fdm N\u011bmeckem nebyl zanedbateln\u00fd. Ale \u201edruh\u00e1 fronta\u201c, otev\u0159en\u00e1 vylod\u011bn\u00edm v Normandii v \u010dervnu 1944, je sm\u011b\u0161n\u011b nafouknut\u00e1 Hollywoodem a sobeck\u00e1, narcistick\u00e1 propaganda Z\u00e1padu. Dlouho odkl\u00e1dan\u00e9 p\u0159ist\u00e1n\u00ed v den D bylo relativn\u011b dodate\u010dnou sou\u010d\u00e1st\u00ed masivn\u00edch \u0161kod, kter\u00e9 ji\u017e sov\u011btsk\u00fd lid zp\u016fsobil na v\u00fdchodn\u00ed front\u011b od \u010dervna 1941. 80 a\u017e 90 procent n\u011bmeck\u00fdch vojensk\u00fdch ztr\u00e1t bylo zp\u016fsobeno \u010detn\u00fdmi fenomen\u00e1ln\u00edmi bitvami, od Stalingradu po Kursk, Od\u011bsu po Kyjev a mnoho dal\u0161\u00edch.<\/span><\/p>\n<p><span>Por\u00e1\u017eka nacistick\u00e9ho N\u011bmecka nebyla jen neuv\u011b\u0159iteln\u00fdm vojensk\u00fdm triumfem, ale v\u00edt\u011bzstv\u00edm nad smrt\u00ed nejen pro Rusy, ale pro cel\u00e9 lidstvo. Druh\u00e1 sv\u011btov\u00e1 v\u00e1lka byla nejv\u011bt\u0161\u00ed a nejohavn\u011bj\u0161\u00ed ud\u00e1lost\u00ed posledn\u00edch stalet\u00ed, ne-li posledn\u00edch dvou tis\u00edcilet\u00ed. Industrializovan\u00e1 genocida milion\u016f civilist\u016f, kobercov\u00e9 bombardov\u00e1n\u00ed m\u011bst a svr\u017een\u00ed atomov\u00fdch bomb na nevinn\u00e9 lidi m\u011blo za n\u00e1sledek 70 a\u017e 100 milion\u016f mrtv\u00fdch. Ni\u010den\u00ed \u017eivota bylo bezprecedentn\u00ed.<\/span><\/p>\n<p><span>D\u00e1 se \u0159\u00edci, \u017ee druh\u00e1 sv\u011btov\u00e1 v\u00e1lka byla nejkatastrof\u00e1ln\u011bj\u0161\u00ed a nejhor\u0161\u00ed ud\u00e1lost\u00ed v d\u011bjin\u00e1ch lidstva. Proto by i v\u00edt\u011bzstv\u00ed nad pachateli m\u011blo b\u00fdt pov\u00fd\u0161eno na status nejd\u016fle\u017eit\u011bj\u0161\u00ed osvobozuj\u00edc\u00ed ud\u00e1losti. A nikdy by se nem\u011blo zapom\u00ednat, \u017ee sov\u011btsk\u00fd lid si zaslou\u017e\u00ed tu \u010dest, \u017ee do zna\u010dn\u00e9 m\u00edry zajistil lidstvu toto v\u00edt\u011bzstv\u00ed.<\/span><\/p>\n<p><span>Je t\u0159eba tak\u00e9 p\u0159ipomenout, \u017ee druh\u00e1 sv\u011btov\u00e1 v\u00e1lka a nacistick\u00fd re\u017eim nevznikly z\u00e1hadnou n\u00e1hodou. Byl to vrchol imperialistick\u00e9 politiky, ekonomiky a rivality. Nacistick\u00e9 N\u011bmecko bylo vybudov\u00e1no z\u00e1padn\u00edm kapit\u00e1lem ve 30. letech 20. stolet\u00ed b\u011bhem kolapsu z\u00e1padn\u00edho kapitalismu, aby slou\u017eilo imperi\u00e1ln\u00edm z\u00e1jm\u016fm zni\u010den\u00ed Sov\u011btsk\u00e9ho svazu a jak\u00e9koli vznikaj\u00edc\u00ed socialistick\u00e9 alternativy.<\/span><\/p>\n<p><span>Zat\u00edmco z\u00e1padn\u00ed mocnosti se nakonec postavily na stranu Sov\u011btsk\u00e9ho svazu (na konci v\u00e1lky, uv\u011bdomte si to), tato v\u00e1le\u010dn\u00e1 aliance byla pouze dl\u00e1\u017ed\u011bna, aby odstranila domn\u011bl\u00fd dareb\u00e1ck\u00fd nacistick\u00fd re\u017eim, kter\u00fd se stal hrozbou pro z\u00e1padn\u00ed z\u00e1jmy. To znamen\u00e1, \u017ee zapojen\u00ed z\u00e1padn\u00edch elit do 2. sv\u011btov\u00e9 v\u00e1lky bylo sp\u00ed\u0161e z\u00e1le\u017eitost\u00ed \u00fa\u010delnosti ne\u017e nutkav\u00e9 nutnosti zalo\u017een\u00e9 na principech. D\u016fkazem toho je pozd\u011bj\u0161\u00ed a n\u00e1hl\u00e1 zrada z\u00e1padn\u00edch mocnost\u00ed, kter\u00e9 se znep\u0159\u00e1telily sv\u00e9mu sov\u011btsk\u00e9mu spojenci, jakmile skon\u010dila druh\u00e1 sv\u011btov\u00e1 v\u00e1lka, a za\u010d\u00e1tek studen\u00e9 v\u00e1lky, b\u011bhem n\u00ed\u017e z\u00e1padn\u00ed mocnosti rekrutovaly nacistick\u00e9 ostatky, aby tajn\u011b bojovaly. Sov\u011btsk\u00fd svaz bojovat. N\u011bkte\u0159\u00ed z prvn\u00edch rekrut\u016f pro CIA a britskou MI6 byli ukrajin\u0161t\u00ed a pobalt\u0161t\u00ed fa\u0161ist\u00e9, kte\u0159\u00ed kolaborovali s nacistick\u00fdm re\u017eimem.<\/span><\/p>\n<p><span>Dnes Rusko velmi ct\u00ed bezpo\u010det hrdin\u016f, kte\u0159\u00ed porazili nacistick\u00e9 N\u011bmecko a osvobodili Evropu od fa\u0161ismu. Je p\u0159\u00edzna\u010dn\u00e9, \u017ee postupem \u010dasu se ve Spojen\u00fdch st\u00e1tech a v cel\u00e9 Evrop\u011b o t\u00e9to historick\u00e9 ud\u00e1losti ofici\u00e1ln\u011b ml\u010delo. Je zar\u00e1\u017eej\u00edc\u00ed, \u017ee na Z\u00e1pad\u011b se t\u00e9m\u011b\u0159 nekonaj\u00ed ofici\u00e1ln\u00ed oslavy v\u00edt\u011bzstv\u00ed 1. kv\u011btna. D\u016fvody z\u00e1padn\u00edho ml\u010den\u00ed za\u010d\u00ednaj\u00ed b\u00fdt jasn\u00e9, ne-li ostudn\u00e9.<\/span><\/p>\n<p><span>Rusk\u00fd prezident Vladimir Putin ve sv\u00e9m projevu ke Dni v\u00edt\u011bzstv\u00ed v Moskv\u011b opr\u00e1vn\u011bn\u011b obvinil z\u00e1padn\u00ed mocnosti z \u201ep\u0159ekrucov\u00e1n\u00ed pravdy\u201c o nejz\u00e1va\u017en\u011bj\u0161\u00edm konfliktu v d\u011bjin\u00e1ch.<\/span><\/p>\n<p><span>Z\u00e1padn\u00ed elity a m\u00e9dia, kter\u00e1 ovl\u00e1daj\u00ed, necht\u011bj\u00ed uznat nenapodobitelnou roli Sov\u011btsk\u00e9ho svazu p\u0159i por\u00e1\u017ece nacistick\u00e9ho N\u011bmecka. Jsou zaslepeni rusofobi\u00ed a jejich propagandistick\u00fdmi c\u00edli d\u00e9monizovat Rusko.<\/span><\/p>\n<p><span>Z\u00e1padn\u00ed elity mus\u00ed nevyhnuteln\u011b poh\u0159b\u00edt historickou pravdu, \u017ee druh\u00e1 sv\u011btov\u00e1 v\u00e1lka vze\u0161la z imperialistick\u00e9ho konfliktu. Nacistick\u00e9 N\u011bmecko bylo hn\u00e1no nejen svou fanatickou nen\u00e1vist\u00ed k \u017did\u016fm, Slovan\u016fm a komunismu, ale tak\u00e9 koloni\u00e1ln\u00edm dob\u00fdv\u00e1n\u00edm ciz\u00edch zdroj\u016f.<\/span><\/p>\n<p><span>Bylo to z\u00e1bory p\u016fdy, stejn\u011b jako z\u00e1padn\u00ed mocnosti pokra\u010duj\u00ed ve vyu\u017e\u00edv\u00e1n\u00ed Afriky a glob\u00e1ln\u00edho jihu pro zdroje dodnes. P\u0159\u00edkladem toho je nez\u00e1konn\u00e1 okupace S\u00fdrie americk\u00fdmi voj\u00e1ky, kte\u0159\u00ed sou\u010dasn\u011b p\u0159epravuj\u00ed z arabsk\u00e9 zem\u011b ropu z tanker\u016f, aby obohatili americk\u00e9 ropn\u00e9 spole\u010dnosti a Wall Street.<\/span><\/p>\n<p><span>Stejn\u00e9 koloni\u00e1ln\u00ed c\u00edle, kter\u00e9 byly z\u00e1kladem nacistick\u00e9 \u0159\u00ed\u0161e, nad\u00e1le vedou v\u00e1lky zah\u00e1jen\u00e9 Spojen\u00fdmi st\u00e1ty a jejich z\u00e1padn\u00edmi spojenci. Ka\u017ed\u00e1 v\u00e1lka, kterou tyto mocnosti vedly v posledn\u00edch osmi desetilet\u00edch od konce druh\u00e9 sv\u011btov\u00e9 v\u00e1lky, byla vedena imperialistick\u00fdmi kalkulacemi a touhami, i kdy\u017e pod rou\u0161kou nehor\u00e1zn\u00fdch l\u017e\u00ed, jako je obrana demokracie nebo lidsk\u00fdch pr\u00e1v. Putin ve sv\u00e9m projevu ke Dni v\u00edt\u011bzstv\u00ed uhodil h\u0159eb\u00edk na hlavi\u010dku, kdy\u017e \u0159ekl, \u017ee z\u00e1padn\u00ed hegemonick\u00fd sv\u011btov\u00fd \u0159\u00e1d je elitn\u00ed koloni\u00e1ln\u00ed privilegium maskovan\u00e9 podn\u011bcov\u00e1n\u00edm konflikt\u016f a vnit\u0159n\u00edho nap\u011bt\u00ed.<\/span><\/p>\n<p><span>Spojen\u00e9 st\u00e1ty americk\u00e9 a jejich kabala z\u00e1padn\u00edch partner\u016f mus\u00ed p\u0159ekroutit p\u016fvod nejen druh\u00e9 sv\u011btov\u00e9 v\u00e1lky, ale ka\u017ed\u00e9 n\u00e1sleduj\u00edc\u00ed v\u00e1lky. J\u00e1drem ka\u017ed\u00e9 modern\u00ed v\u00e1lky je zlo koloni\u00e1ln\u00edho dob\u00fdv\u00e1n\u00ed.<\/span><\/p>\n<p><span>V tomto smyslu je zcela na m\u00edst\u011b, ne-li politov\u00e1n\u00edhodn\u00e9, \u017ee ofici\u00e1ln\u00ed z\u00e1padn\u00ed mocnosti nemaj\u00ed \u010das ani chu\u0165 oslavovat Den v\u00edt\u011bzstv\u00ed. Samoz\u0159ejm\u011b to nevydr\u017e\u00ed. Proto\u017ee pokud by to skute\u010dn\u011b ud\u011blali, odhalili by svou vlastn\u00ed vinu nejen v nejohavn\u011bj\u0161\u00ed v\u00e1lce v d\u011bjin\u00e1ch, ale i v mnoha dal\u0161\u00edch, kter\u00e9 n\u00e1sledovaly. Proto mus\u00ed p\u0159ekroutit druhou sv\u011btovou v\u00e1lku, sov\u011btsk\u00e9 v\u00edt\u011bzstv\u00ed a tak\u00e9 sou\u010dasnou z\u00e1stupnou v\u00e1lku NATO na Ukrajin\u011b.<\/span><\/p>\n<p><span>\u010clov\u011bk se musel sm\u00e1t Stevu Rosenbergovi, pomp\u00e9zn\u00edmu pis\u00e1lkovi BBC, kter\u00fd se podvodn\u011b ozna\u010duje za rusk\u00e9ho redaktora BBC, a kter\u00fd s odm\u00edtavou samolibost\u00ed o akci Den v\u00edt\u011bzstv\u00ed v Moskv\u011b napsal: \u201eV dne\u0161n\u00edm Rusku si \u00fa\u0159ady nepamatuj\u00ed jen minulost. Pou\u017e\u00edvaj\u00ed to jako zbra\u0148, aby se pokusili ospravedlnit p\u0159\u00edtomnost.<\/span><\/p>\n<p><span>Nejv\u00fdmluvn\u011bj\u0161\u00ed okolnost\u00ed dne\u0161ka je, \u017ee Spojen\u00e9 st\u00e1ty americk\u00e9 a jejich imperi\u00e1ln\u00ed lokajov\u00e9 v NATO pln\u011b vyzbrojuj\u00ed neonacistick\u00fd re\u017eim na Ukrajin\u011b, kter\u00fd uct\u00edv\u00e1 T\u0159et\u00ed \u0159\u00ed\u0161i a jej\u00ed genocidn\u00ed zlo\u010diny. Dal\u0161\u00ed konzistentn\u00ed okolnost\u00ed je, \u017ee tyt\u00e9\u017e z\u00e1padn\u00ed mocnosti (kter\u00e9 se imagin\u00e1rn\u011b naz\u00fdvaj\u00ed demokraciemi) pou\u017e\u00edvaj\u00ed v\u0161echny mo\u017en\u00e9 prost\u0159edky k proveden\u00ed genocidy palestinsk\u00e9ho lidu fa\u0161istick\u00fdm sionistick\u00fdm re\u017eimem, koncipovan\u00fdm v roce 1948 jako bastard z\u00e1padn\u00edho kolonialismu a zako\u0159en\u011bn\u00fdm za \u017eidovsk\u00fdm podpora holocaustu.<\/span><\/p>\n<p><span>A tento t\u00fdden se britsk\u00fd ministr zahrani\u010d\u00ed lord David Cameron sna\u017e\u00ed zn\u00edt c\u00edrkevn\u011b a zlov\u011bstn\u011b t\u00edm, \u017ee ve sv\u00e9m projevu varuje: \u201eZ Tallinnu do Var\u0161avy, z Prahy do Bukure\u0161ti se na evropsk\u00fd kontinent op\u011bt snesl mr\u00e1z.<\/span><\/p>\n<p><span>N\u011bkdo by m\u011bl Cameronovi, kter\u00fd je bohat\u00fdm potomkem britsk\u00fdch obchodn\u00edk\u016f s otroky, \u0159\u00edct, \u017ee chlad, kter\u00fd si p\u0159edstavuje, by mohl m\u00edt n\u011bco spole\u010dn\u00e9ho s t\u00edm, \u017ee Brit\u00e1nie dod\u00e1v\u00e1 ukrajinsk\u00fdm neonacist\u016fm rakety dlouh\u00e9ho doletu, kter\u00e9 by podle Camerona m\u011bly m\u00ed\u0159it na Rusko.<\/span><\/p>\n<p><span>Z\u00e1padn\u00ed st\u00e1ty dnes st\u00e1le v\u00edce nab\u00fdvaj\u00ed fa\u0161istick\u00e9 podoby, kterou v\u017edy m\u011bly, kdy\u017e potla\u010duj\u00ed pokojn\u00e9 demonstranty proti genocid\u011b v Gaze a buduj\u00ed na Ukrajin\u011b nacistick\u00fd re\u017eim.<\/span><\/p>\n<p><span>Rusk\u00e1 oslava Dne v\u00edt\u011bzstv\u00ed je v\u00fdznamem nesrovnateln\u00e1 s jak\u00fdmkoli jin\u00fdm historick\u00fdm datem modern\u00ed historie. Jak z\u00e1padn\u00ed st\u00e1ty sklouz\u00e1vaj\u00ed k fa\u0161ismu, je d\u016fle\u017eit\u011bj\u0161\u00ed ne\u017e kdy jindy oslavovat tuto ud\u00e1lost a ch\u00e1pat ji v jej\u00edm sou\u010dasn\u00e9m v\u00fdznamu. Mnoho oby\u010dejn\u00fdch ob\u010dan\u016f po cel\u00e9m sv\u011bt\u011b, v\u010detn\u011b Spojen\u00fdch st\u00e1t\u016f a Evropy, se spojilo s Ruskem, aby \u0159\u00e1dn\u011b oslavili Den v\u00edt\u011bzstv\u00ed.<\/span><\/p>\n<p><span>Z\u00e1padn\u00ed elity a vl\u00e1dci by rad\u011bji zapomn\u011bli na historii, proto\u017ee doh\u00e1n\u00ed a odhaluje jejich zlo\u010dinnou povahu.<\/span><\/p>\n<\/div>\n<\/div>\n<div class=\"elementor-element elementor-element-8c57238 quelle dc-has-condition dc-condition-empty elementor-widget elementor-widget-heading\" data-id=\"8c57238\" data-element_type=\"widget\" data-widget_type=\"heading.default\">\n<div class=\"elementor-widget-container\">\n<h3 class=\"elementor-heading-title elementor-size-default\"><span style=\"font-size: 10pt;\"><a href=\"https:\/\/strategic-culture.su\/news\/2024\/05\/10\/victory-day-remembrance-why-the-western-elites-want-to-forget\/\" target=\"_blank\" rel=\"nofollow noopener\">ZDROJ<\/a><\/span><\/h3>\n<p>&nbsp;<\/p>\n<\/div>\n<\/div>\n","protected":false},"excerpt":{"rendered":"<p>Mnoho ob\u010dan\u016f po cel\u00e9m sv\u011bt\u011b, v\u010detn\u011b Spojen\u00fdch st\u00e1t\u016f a Evropy, souhlas\u00ed s Ruskem, pokud jde&#8230;<\/p>\n","protected":false},"author":2,"featured_media":53670,"comment_status":"closed","ping_status":"closed","sticky":false,"template":"","format":"standard","meta":[],"categories":[7],"tags":[2375,22,365],"_links":{"self":[{"href":"https:\/\/www.infokuryr.cz\/n\/wp-json\/wp\/v2\/posts\/53669"}],"collection":[{"href":"https:\/\/www.infokuryr.cz\/n\/wp-json\/wp\/v2\/posts"}],"about":[{"href":"https:\/\/www.infokuryr.cz\/n\/wp-json\/wp\/v2\/types\/post"}],"author":[{"embeddable":true,"href":"https:\/\/www.infokuryr.cz\/n\/wp-json\/wp\/v2\/users\/2"}],"replies":[{"embeddable":true,"href":"https:\/\/www.infokuryr.cz\/n\/wp-json\/wp\/v2\/comments?post=53669"}],"version-history":[{"count":0,"href":"https:\/\/www.infokuryr.cz\/n\/wp-json\/wp\/v2\/posts\/53669\/revisions"}],"wp:featuredmedia":[{"embeddable":true,"href":"https:\/\/www.infokuryr.cz\/n\/wp-json\/wp\/v2\/media\/53670"}],"wp:attachment":[{"href":"https:\/\/www.infokuryr.cz\/n\/wp-json\/wp\/v2\/media?parent=53669"}],"wp:term":[{"taxonomy":"category","embeddable":true,"href":"https:\/\/www.infokuryr.cz\/n\/wp-json\/wp\/v2\/categories?post=53669"},{"taxonomy":"post_tag","embeddable":true,"href":"https:\/\/www.infokuryr.cz\/n\/wp-json\/wp\/v2\/tags?post=53669"}],"curies":[{"name":"wp","href":"https:\/\/api.w.org\/{rel}","templated":true}]}}