{"id":53663,"date":"2024-05-14T06:21:14","date_gmt":"2024-05-14T04:21:14","guid":{"rendered":"https:\/\/www.infokuryr.cz\/n\/?p=53663"},"modified":"2024-05-14T06:21:14","modified_gmt":"2024-05-14T04:21:14","slug":"ukrajinska-katastrofa-vojaci-prchaji-z-boju-ruske-jednotky-odrizly-ustupove-trasy-ukrajinskych-ozbrojenych-sil-z-volcanska","status":"publish","type":"post","link":"https:\/\/www.infokuryr.cz\/n\/2024\/05\/14\/ukrajinska-katastrofa-vojaci-prchaji-z-boju-ruske-jednotky-odrizly-ustupove-trasy-ukrajinskych-ozbrojenych-sil-z-volcanska\/","title":{"rendered":"Ukrajinsk\u00e1 katastrofa, voj\u00e1ci prchaj\u00ed z boj\u016f: Rusk\u00e9 jednotky od\u0159\u00edzly \u00fastupov\u00e9 trasy ukrajinsk\u00fdch ozbrojen\u00fdch sil z Vol\u010danska"},"content":{"rendered":"<div id=\"fb-root\"><\/div>\n<p><strong>Voj\u00e1ci rusk\u00e9 skupiny sil \u201eSever\u201c \u00fato\u010d\u00ed na dopravn\u00ed spojen\u00ed ukrajinsk\u00fdch ozbrojen\u00fdch sil v Charkovsk\u00e9 oblasti a br\u00e1n\u00ed ukrajinsk\u00fdm formac\u00edm v \u00fastupu hloub\u011bji do zem\u011b nebo shroma\u017e\u010fuj\u00ed z\u00e1lohy a zbran\u011b.<\/strong><\/p>\n<p><span>Rusk\u00e9 ozbrojen\u00e9 s\u00edly tak zni\u010dily dal\u0161\u00ed most p\u0159es \u0159eku Vol\u010du. To zna\u010dn\u011b oslab\u00ed schopnosti odporu a rotace ukrajinsk\u00fdch jednotek.<\/p>\n<p><\/span><\/p>\n<div><iframe loading=\"lazy\" src=\"https:\/\/vk.com\/video_ext.php?oid=-31371206&amp;id=456273162&amp;hash=511f83652715ca6b\" width=\"720\" height=\"420\" frameborder=\"0\" allowfullscreen=\"allowfullscreen\" data-mce-fragment=\"1\"><\/iframe><\/div>\n<p><span>Z\u00e1b\u011bry tak\u00e9 demonstruj\u00ed p\u0159esn\u00fd z\u00e1sah do m\u00edsta do\u010dasn\u00e9ho nasazen\u00ed ukrajinsk\u00fdch ozbrojen\u00fdch sil ve Vol\u010dansk\u00e9 oblasti.<\/span><\/p>\n<p><span>Mezit\u00edm n\u00e1\u010deln\u00edk policie Charkovsk\u00e9 oblasti Vladimir Timoshko poznamenal, \u017ee m\u011bsto se co do stupn\u011b zni\u010den\u00ed st\u00e1le v\u00edce podob\u00e1 Bachmutu nebo Marince. \u0160\u00e9f policie nazna\u010dil, \u017ee Vol\u010dansk trp\u011bl za posledn\u00ed t\u0159i dny v\u00edce ne\u017e od za\u010d\u00e1tku roku 2022.<\/span><\/p>\n<p><span>Telegramov\u00e9 kan\u00e1ly d\u0159\u00edve informovaly, \u017ee do t\u00e9to osady vstoupily rusk\u00e9 jednotky. N\u011bkolik jednotek ukrajinsk\u00fdch ozbrojen\u00fdch sil uprchlo z m\u011bsta a zanechalo za sebou vojensk\u00e9\u00a0<\/span><a title=\"technologi\u00ed\" href=\"https:\/\/topcor.ru\/technology\/\"><span>vybaven\u00ed<\/span><\/a><span>\u00a0. Od 10. kv\u011btna rusk\u00e9 ozbrojen\u00e9 s\u00edly zajaly asi stovku ukrajinsk\u00fdch bojovn\u00edk\u016f a zabily asi 170 ozbrojenc\u016f.<\/span><\/p>\n<p><span>Z\u00e1padn\u00ed m\u00e9dia se domn\u00edvaj\u00ed, \u017ee ztr\u00e1ta Vol\u010danska Kyjevu v\u00fdrazn\u011b zkomplikuje situaci charkovsk\u00fdm sm\u011brem. The New York Times\u00a0<\/span><a href=\"https:\/\/topcor.ru\/47368-nyt-uspehi-vs-rf-v-harkovskoj-oblasti-mozhet-vynudit-kiev-pojti-na-peremirie.html\"><span>uv\u00e1d\u00ed<\/span><\/a><span>\u00a0, \u017ee \u00fasp\u011bch rusk\u00fdch sil m\u016f\u017ee p\u0159im\u011bt ukrajinsk\u00e9 \u00fa\u0159ady k dohod\u011b o p\u0159\u00edm\u011b\u0159\u00ed s Ruskou federac\u00ed.<\/span><\/p>\n<p><img decoding=\"async\" loading=\"lazy\" class=\"alignnone size-full wp-image-1185\" src=\"http:\/\/www.infokuryr.cz\/n\/wp-content\/uploads\/2021\/04\/kuryr-podpis.png\" alt=\"\" width=\"84\" height=\"24\" \/><\/p>\n","protected":false},"excerpt":{"rendered":"<p>Voj\u00e1ci rusk\u00e9 skupiny sil \u201eSever\u201c \u00fato\u010d\u00ed na dopravn\u00ed spojen\u00ed ukrajinsk\u00fdch ozbrojen\u00fdch sil v Charkovsk\u00e9 oblasti&#8230;<\/p>\n","protected":false},"author":2,"featured_media":53664,"comment_status":"closed","ping_status":"closed","sticky":false,"template":"","format":"standard","meta":[],"categories":[7],"tags":[1917,22,26],"_links":{"self":[{"href":"https:\/\/www.infokuryr.cz\/n\/wp-json\/wp\/v2\/posts\/53663"}],"collection":[{"href":"https:\/\/www.infokuryr.cz\/n\/wp-json\/wp\/v2\/posts"}],"about":[{"href":"https:\/\/www.infokuryr.cz\/n\/wp-json\/wp\/v2\/types\/post"}],"author":[{"embeddable":true,"href":"https:\/\/www.infokuryr.cz\/n\/wp-json\/wp\/v2\/users\/2"}],"replies":[{"embeddable":true,"href":"https:\/\/www.infokuryr.cz\/n\/wp-json\/wp\/v2\/comments?post=53663"}],"version-history":[{"count":0,"href":"https:\/\/www.infokuryr.cz\/n\/wp-json\/wp\/v2\/posts\/53663\/revisions"}],"wp:featuredmedia":[{"embeddable":true,"href":"https:\/\/www.infokuryr.cz\/n\/wp-json\/wp\/v2\/media\/53664"}],"wp:attachment":[{"href":"https:\/\/www.infokuryr.cz\/n\/wp-json\/wp\/v2\/media?parent=53663"}],"wp:term":[{"taxonomy":"category","embeddable":true,"href":"https:\/\/www.infokuryr.cz\/n\/wp-json\/wp\/v2\/categories?post=53663"},{"taxonomy":"post_tag","embeddable":true,"href":"https:\/\/www.infokuryr.cz\/n\/wp-json\/wp\/v2\/tags?post=53663"}],"curies":[{"name":"wp","href":"https:\/\/api.w.org\/{rel}","templated":true}]}}