{"id":53644,"date":"2024-05-14T00:48:36","date_gmt":"2024-05-13T22:48:36","guid":{"rendered":"https:\/\/www.infokuryr.cz\/n\/?p=53644"},"modified":"2024-05-14T04:54:59","modified_gmt":"2024-05-14T02:54:59","slug":"lidi-prisli-do-divadla-na-smetanu-umelci-jim-cetli-havla-divaci-je-vypiskali","status":"publish","type":"post","link":"https:\/\/www.infokuryr.cz\/n\/2024\/05\/14\/lidi-prisli-do-divadla-na-smetanu-umelci-jim-cetli-havla-divaci-je-vypiskali\/","title":{"rendered":"Lidi p\u0159i\u0161li do divadla na Smetanu, um\u011blci jim \u010detli Havla. Div\u00e1ci je vyp\u00edskali&#8230;"},"content":{"rendered":"<div id=\"fb-root\"><\/div>\n<h3 class=\"entry-title\"><span style=\"color: #ff0000; font-size: 12pt;\">Lidi p\u0159i\u0161li do divadla na Smetanu, um\u011blci jim \u010detli Havla. Div\u00e1ci je vyp\u00edskali, \u201eburanstv\u00ed\u201c hroz\u00ed se ob\u010dansk\u00e1 spole\u010dnost. Kdy\u017e na Hrad\u011b p\u00edskala D. Havlov\u00e1, tak to bylo v po\u0159\u00e1dku<\/span><\/h3>\n<p>Div\u00e1ci v divadle F. X. \u0160aldy v Liberci si koupili vstupenky na Smetanovu Hubi\u010dku. Jak\u00e9 bylo jejich p\u0159ekvapen\u00ed, <strong>kdy\u017e na za\u010d\u00e1tku byli nuceni\u00a0<a href=\"https:\/\/www.idnes.cz\/liberec\/zpravy\/divadlo-saldy-piskot-krik-vaclav-havel-evropska-unie-polach.A240503_165010_liberec-zpravy_jape\">poslouchat projev V. Havla od herce M. Polacha<\/a>. P\u0159itom o ni\u010dem takov\u00e9m nebylo v programu ani zm\u00ednky<\/strong>.<\/p>\n<p><strong>\u010c\u00e1st div\u00e1k\u016f za\u010dala proto rozho\u0159\u010den\u011b p\u00edskat. To rozzu\u0159ilo anga\u017eovan\u00e9 um\u011blce i \u201eob\u010danskou spole\u010dnost\u201c. Pr\u00fd je to burantstv\u00ed, b\u011bdovali \u201elep\u0161\u00ed lid\u00e9<\/strong>\u201e, zlobil se i hejtman P\u016fta, pr\u00fd je to ne\u00facta k druh\u00fdm. V\u0161ak m\u00e1 recht, z<strong>aplat\u00edte si vstupenky na operu do st\u00e1tem dotovan\u00e9ho divadla a m\u00edsto toho v\u00e1m \u010dtou z Havla, no neberte to?<\/strong>!<\/p>\n<p>Jen mi p\u0159ijde divn\u00e9, <strong>\u017ee jim to nevad\u00ed u hulv\u00e1t\u016f z vlastn\u00edch \u0159ad. D. Havlov\u00e1 p\u00edskala na Hrad\u011b p\u0159i slavnostn\u00edm ceremoni\u00e1lu a v\u0161ichni tihle mravok\u00e1rci ml\u010deli.\u00a0<\/strong>Kdy\u017e druh\u00e9 ur\u00e1\u017e\u00ed hulv\u00e1tsk\u00fdm zp\u016fsobem P. Novotn\u00fd, tak tak\u00e9 ml\u010d\u00ed.<\/p>\n<p>Divn\u00fd dvoj\u00ed metr, co mysl\u00edte?<\/p>\n<p><a href=\"https:\/\/ceskavec.com\/2024\/05\/lidi-prisli-do-divadla-na-smetanu-umelci-jim-cetli-havla-divaci-je-vypiskali-buranstvi-hrozi-se-obcanska-spolecnost-kdyz-na-hrade-piskala-d-havlova-tak-to-bylo-v-poradku\">A. Fisher<\/a><\/p>\n<p><a href=\"https:\/\/stranapro.cz\/\"><img decoding=\"async\" loading=\"lazy\" class=\"wp-image-40286 aligncenter\" src=\"http:\/\/www.infokuryr.cz\/n\/wp-content\/uploads\/2023\/11\/12pro-300x87.png\" alt=\"\" width=\"907\" height=\"263\" srcset=\"https:\/\/www.infokuryr.cz\/n\/wp-content\/uploads\/2023\/11\/12pro-300x87.png 300w, https:\/\/www.infokuryr.cz\/n\/wp-content\/uploads\/2023\/11\/12pro.png 366w\" sizes=\"(max-width: 907px) 100vw, 907px\" \/><\/a><\/p>\n<p>&nbsp;<\/p>\n<p>&nbsp;<\/p>\n","protected":false},"excerpt":{"rendered":"<p>Lidi p\u0159i\u0161li do divadla na Smetanu, um\u011blci jim \u010detli Havla. Div\u00e1ci je vyp\u00edskali, \u201eburanstv\u00ed\u201c hroz\u00ed&#8230;<\/p>\n","protected":false},"author":2,"featured_media":2415,"comment_status":"closed","ping_status":"closed","sticky":false,"template":"","format":"standard","meta":[],"categories":[6],"tags":[641,2870,5813,7291],"_links":{"self":[{"href":"https:\/\/www.infokuryr.cz\/n\/wp-json\/wp\/v2\/posts\/53644"}],"collection":[{"href":"https:\/\/www.infokuryr.cz\/n\/wp-json\/wp\/v2\/posts"}],"about":[{"href":"https:\/\/www.infokuryr.cz\/n\/wp-json\/wp\/v2\/types\/post"}],"author":[{"embeddable":true,"href":"https:\/\/www.infokuryr.cz\/n\/wp-json\/wp\/v2\/users\/2"}],"replies":[{"embeddable":true,"href":"https:\/\/www.infokuryr.cz\/n\/wp-json\/wp\/v2\/comments?post=53644"}],"version-history":[{"count":0,"href":"https:\/\/www.infokuryr.cz\/n\/wp-json\/wp\/v2\/posts\/53644\/revisions"}],"wp:featuredmedia":[{"embeddable":true,"href":"https:\/\/www.infokuryr.cz\/n\/wp-json\/wp\/v2\/media\/2415"}],"wp:attachment":[{"href":"https:\/\/www.infokuryr.cz\/n\/wp-json\/wp\/v2\/media?parent=53644"}],"wp:term":[{"taxonomy":"category","embeddable":true,"href":"https:\/\/www.infokuryr.cz\/n\/wp-json\/wp\/v2\/categories?post=53644"},{"taxonomy":"post_tag","embeddable":true,"href":"https:\/\/www.infokuryr.cz\/n\/wp-json\/wp\/v2\/tags?post=53644"}],"curies":[{"name":"wp","href":"https:\/\/api.w.org\/{rel}","templated":true}]}}