{"id":53635,"date":"2024-05-14T00:39:46","date_gmt":"2024-05-13T22:39:46","guid":{"rendered":"https:\/\/www.infokuryr.cz\/n\/?p=53635"},"modified":"2024-05-13T19:34:36","modified_gmt":"2024-05-13T17:34:36","slug":"prezident-petr-pavel-nechal-predbihat-jazyk-pred-myslenkou","status":"publish","type":"post","link":"https:\/\/www.infokuryr.cz\/n\/2024\/05\/14\/prezident-petr-pavel-nechal-predbihat-jazyk-pred-myslenkou\/","title":{"rendered":"Prezident Petr Pavel nechal p\u0159edb\u00edhat jazyk p\u0159ed my\u0161lenkou"},"content":{"rendered":"<div id=\"fb-root\"><\/div>\n<p><strong>\u010cesk\u00fd prezident v rozhovoru pro rakousk\u00fd list Die Presse se vyj\u00e1d\u0159il ke konfliktu na Ukrajin\u011b. \u00davodem vyj\u00e1d\u0159il obavu, \u017ee Evropa je na za\u010d\u00e1tku konfrontace s Ruskem, kter\u00e1 nemus\u00ed b\u00fdt pouze vojensk\u00e1. Pro\u010d ale do jedn\u00e9 v\u011bty spojil, \u017ee Rusko n\u00e1m bude \u0161kodit a sou\u010dasn\u011b se nespokoj\u00ed ze ziskem jen \u010d\u00e1sti Ukrajiny. P\u0159elo\u017eeno \u2013 kdy\u017e dostane jen \u010d\u00e1st Ukrajiny, tak bude Evrop\u011b \u0161kodit? A d\u016fvod?<\/strong><\/p>\n<p>Vz\u00e1p\u011bt\u00ed vyslov\u00ed a\u017e bulv\u00e1rn\u00ed \u00fadaj, \u017ee Rusko chce obnovit imperi\u00e1ln\u00ed velikost Sov\u011btsk\u00e9ho svazu v\u010detn\u011b sf\u00e9r vlivu a proto Rusko nebude m\u00edrov\u00fdm partnerem \u2013 dovol\u00edm si doplnit my\u0161leno p\u0159i jedn\u00e1n\u00ed u stolu &#8211; proto\u017ee mluvit o m\u00edrov\u00e9m partneru z jak\u00e9hokoli pohledu jsme-li ve v\u00e1lce je samoz\u0159ejm\u011b hloupost. T\u00edm Pavel vylu\u010duje jak\u00e9koli jedn\u00e1n\u00ed o m\u00edru?!<\/p>\n<p>Takov\u00e9 povzdechy jak Putina, tak i Medved\u011bva jist\u011b byly, tedy nad silou a vlivem SSSR, ale nebylo nikdy \u0159e\u010deno, \u017ee v re\u00e1ln\u00e9 politice je to c\u00edlem. D\u00e1le dal dohromady p\u0159\u00edpadn\u00e9 rusk\u00e9 konstruktivn\u00ed jedn\u00e1n\u00ed a v\u00fdzvu Evrop\u011b, \u017ee by se m\u011bla chovat stejn\u011b. Nen\u00ed jasn\u00e9, co je to konstruktivn\u011b; dle m\u00e9ho, kdy\u017e jednat jako rovn\u00fd s rovn\u00fdm, tak ur\u010dit\u011b bez ne\u00fa\u010dinn\u00fdch sankc\u00ed. To dohromady plat\u00ed o dal\u0161\u00ed v\u011bt\u011b, \u017ee v p\u0159\u00edpad\u011b kon\u00e1n\u00ed proti na\u0161im z\u00e1jm\u016fm (kdy\u017e ne vojensky tak jak?), tak se mu m\u00e1me postavit. Nev\u00edm jak, t\u0159eba do kouta? Nebo zase ne\u00fa\u010dinn\u00fdmi sankcemi?<\/p>\n<p><a href=\"https:\/\/stranapro.cz\/\"><img decoding=\"async\" loading=\"lazy\" class=\"wp-image-53371 alignright\" src=\"http:\/\/www.infokuryr.cz\/n\/wp-content\/uploads\/2024\/05\/pro-6-volby-300x169.jpg\" alt=\"\" width=\"577\" height=\"325\" srcset=\"https:\/\/www.infokuryr.cz\/n\/wp-content\/uploads\/2024\/05\/pro-6-volby-300x169.jpg 300w, https:\/\/www.infokuryr.cz\/n\/wp-content\/uploads\/2024\/05\/pro-6-volby-768x431.jpg 768w, https:\/\/www.infokuryr.cz\/n\/wp-content\/uploads\/2024\/05\/pro-6-volby.jpg 785w\" sizes=\"(max-width: 577px) 100vw, 577px\" \/><\/a><\/p>\n<p>Dal\u0161\u00ed odstavec mus\u00ed b\u00fdt pro lep\u0161\u00ed pochopen\u00ed cel\u00fd: \u201cPavel v rozhovoru d\u00e1le vyj\u00e1d\u0159il p\u0159esv\u011bd\u010den\u00ed, \u017ee Rusko nevyhled\u00e1v\u00e1 spolupr\u00e1ci s Evropou a pova\u017euje se za supervelmoc, kter\u00e1 m\u00e1 pr\u00e1vo diktovat pravidla hry. Podporou Ukrajiny podle n\u011bj podporujeme tak\u00e9 vlastn\u00ed bezpe\u010dnost. \u201eChceme-li v t\u00e9to \u010d\u00e1sti Evropy zachovat bezpe\u010dnost a prosperitu, mus\u00edme Rusku stanovit jasn\u00e9 hranice.\u201c Tak p\u0159edn\u011b \u2013 \u0159ada odborn\u00edk\u016f se shoduje, \u017ee Ukrajina v\u00fdrazn\u00fdch vojensk\u00fdch \u00fasp\u011bch\u016f nedos\u00e1hne, tedy konstrukce, \u017ee jej\u00ed podporou vytv\u00e1\u0159\u00edme vlastn\u00ed bezpe\u010dnost je p\u0159\u00edmo vy\u010d\u016franost. Op\u011bt p\u0159elo\u017eit do laick\u00e9ho ch\u00e1p\u00e1n\u00ed, Ukrajina zam\u011bstn\u00e1v\u00e1 (za cenu cca stovek \u017eivot\u016f denn\u011b) Rusko a to nem\u00e1 pak u\u017e s\u00edly bojovat s Evropou? A za dal\u0161\u00ed: slovo spolupr\u00e1ce p\u0159edpokl\u00e1d\u00e1 vst\u0159\u00edcnost dvou subjekt\u016f; pak je z\u0159ejm\u00e9, \u017ee sankcemi se spolupr\u00e1ce nevytv\u00e1\u0159\u00ed.<\/p>\n<p>A takto obklikou, aby nebyl ozna\u010den za \u201echcim\u00edra\u201c, potuteln\u011b navrhuje p\u0159\u00edm\u011b\u0159\u00ed a n\u00e1sledn\u00e9 jedn\u00e1n\u00ed: \u201eV\u011b\u0159\u00edm, \u017ee st\u00e1le existuje mo\u017enost, \u017ee Rusko zjist\u00ed, \u017ee nen\u00ed schopn\u00e9 na Ukrajin\u011b dos\u00e1hnout vojensk\u00fdch \u00fasp\u011bch\u016f, co\u017e by mohlo v\u00e9st k diplomatick\u00fdm jedn\u00e1n\u00edm, m\u00edsto nesmysln\u00e9ho pl\u00fdtv\u00e1n\u00ed zdroji a lidsk\u00fdmi \u017eivoty. Z\u00e1rove\u0148 v\u0161ak nepova\u017euji za pravd\u011bpodobn\u00e9, \u017ee by Ukrajina v dohledn\u00e9 dob\u011b z\u00edskala zp\u011bt cel\u00e9 sv\u00e9 \u00fazem\u00ed.\u201c<\/p>\n<p>Nikdo podle Pavla nerozporuje budouc\u00ed \u010dlenstv\u00ed Ukrajiny v Severoatlantick\u00e9 alianci, Moskv\u011b se ale mus\u00ed d\u00e1t jasn\u011b najevo, \u017ee to pro ni nebude znamenat \u017e\u00e1dn\u00e9 p\u0159\u00edm\u00e9 ohro\u017een\u00ed.\u00a0<strong>To je suprov\u00fd bl\u00e1bol nakonec! <\/strong>Jak to d\u00e1t najevo, kdy\u017e dan\u00e9 slovo ze Z\u00e1padu je jako jedny pan\u00ed pov\u00eddala!Od sjednocen\u00ed N\u011bmecka za Gorba\u010dova u\u017e Rusko dostalo nejm\u00e9n\u011b\u00a0<strong>t\u0159i sliby o neroz\u0161i\u0159ov\u00e1n\u00ed NATO a \u2026.\u00a0<\/strong>P\u0159ipo\u010d\u00edst je nutno tak\u00e9 snahu USA (p\u0159ed p\u0159idru\u017een\u00ed Krymu k Rusku), postavit vedle rusk\u00e9 svou n\u00e1mo\u0159n\u00ed z\u00e1kladnu. To p\u0159echod Krymu do rusk\u00fdch rukou urychlilo. (Krym m\u011bl dle ukrajinsk\u00e9 \u00fastavy autonomii a pr\u00e1vn\u011b bylo \u010dist\u00e9 se od Ukrajiny odpoutat; zp\u016fsob u\u017e tak \u010dist\u00fd nebyl.)<\/p>\n<p>M\u00edt americk\u00e9 raketov\u00e9 z\u00e1kladny \u201ev podb\u0159i\u0161ku\u201c, to Rus za \u017e\u00e1dn\u00fdch okolnost\u00ed a slib\u016f nep\u0159ipust\u00ed. Kdy\u017e u\u017e nic jin\u00e9ho, tak dosti siln\u00e1 protirusk\u00e1 ve\u0159ejn\u00e1 r\u00e9torika, zvl\u00e1\u0161t\u011b z pom\u011brn\u011b po\u010detn\u00fdch mno\u017ein nezdrav\u00e9ho nacionalismu, \u010dasto s fa\u0161istick\u00fdmi prvky a adorac\u00ed hitlerovsk\u00fdch pohlav\u00e1r\u016f, nen\u00ed v\u016fbec \u017e\u00e1dnou z\u00e1rukou dlouhodob\u00e9ho dodr\u017een\u00ed slib\u016f. Zcela p\u0159\u00edhodn\u011b se v t\u00e9to souvislosti p\u0159ipom\u00ednaj\u00ed rusk\u00e9 rakety na Kub\u011b na za\u010d\u00e1tku 60. let, kdy se mohli Ameri\u010dan\u00e9 pokakat.<\/p>\n<p>Je evidentn\u00ed, \u017ee prezident Petr Pavel m\u00e1 z d\u0159\u00edv\u011bj\u0161\u00ed vysok\u00e9 funkce v NATO docela slu\u0161n\u011b \u201enas\u00e1to\u201c a je pro n\u011bj obt\u00ed\u017en\u00e9 se vracet do mal\u00fdch \u010desk\u00fdch pom\u011br\u016f. Snad mu nadch\u00e1zej\u00edc\u00ed volby do evropsk\u00e9ho parlamentu o \u010desk\u00e9 du\u0161i n\u011bco napov\u00ed.<\/p>\n<p><em><a href=\"https:\/\/vasevec.info\/blogy\/prezident-petr-pavel-nechal-predbihat-jazyk-pred-myslenkou\">Miroslav Kulhav\u00fd<\/a><\/em><br \/>\n<em>Jsem d\u016fchodce, kter\u00fd neztratil z\u00e1jem o d\u011bn\u00ed doma i v zahrani\u010d\u00ed.<\/em><\/p>\n","protected":false},"excerpt":{"rendered":"<p>\u010cesk\u00fd prezident v rozhovoru pro rakousk\u00fd list Die Presse se vyj\u00e1d\u0159il ke konfliktu na Ukrajin\u011b&#8230;.<\/p>\n","protected":false},"author":2,"featured_media":22065,"comment_status":"closed","ping_status":"closed","sticky":false,"template":"","format":"standard","meta":[],"categories":[6],"tags":[1503,39,1173],"_links":{"self":[{"href":"https:\/\/www.infokuryr.cz\/n\/wp-json\/wp\/v2\/posts\/53635"}],"collection":[{"href":"https:\/\/www.infokuryr.cz\/n\/wp-json\/wp\/v2\/posts"}],"about":[{"href":"https:\/\/www.infokuryr.cz\/n\/wp-json\/wp\/v2\/types\/post"}],"author":[{"embeddable":true,"href":"https:\/\/www.infokuryr.cz\/n\/wp-json\/wp\/v2\/users\/2"}],"replies":[{"embeddable":true,"href":"https:\/\/www.infokuryr.cz\/n\/wp-json\/wp\/v2\/comments?post=53635"}],"version-history":[{"count":1,"href":"https:\/\/www.infokuryr.cz\/n\/wp-json\/wp\/v2\/posts\/53635\/revisions"}],"predecessor-version":[{"id":53636,"href":"https:\/\/www.infokuryr.cz\/n\/wp-json\/wp\/v2\/posts\/53635\/revisions\/53636"}],"wp:featuredmedia":[{"embeddable":true,"href":"https:\/\/www.infokuryr.cz\/n\/wp-json\/wp\/v2\/media\/22065"}],"wp:attachment":[{"href":"https:\/\/www.infokuryr.cz\/n\/wp-json\/wp\/v2\/media?parent=53635"}],"wp:term":[{"taxonomy":"category","embeddable":true,"href":"https:\/\/www.infokuryr.cz\/n\/wp-json\/wp\/v2\/categories?post=53635"},{"taxonomy":"post_tag","embeddable":true,"href":"https:\/\/www.infokuryr.cz\/n\/wp-json\/wp\/v2\/tags?post=53635"}],"curies":[{"name":"wp","href":"https:\/\/api.w.org\/{rel}","templated":true}]}}