{"id":53633,"date":"2024-05-14T00:36:44","date_gmt":"2024-05-13T22:36:44","guid":{"rendered":"https:\/\/www.infokuryr.cz\/n\/?p=53633"},"modified":"2024-05-13T19:29:32","modified_gmt":"2024-05-13T17:29:32","slug":"zdenek-jemelik-nekonecna-kauza-capi-hnizdo","status":"publish","type":"post","link":"https:\/\/www.infokuryr.cz\/n\/2024\/05\/14\/zdenek-jemelik-nekonecna-kauza-capi-hnizdo\/","title":{"rendered":"Zden\u011bk Jemel\u00edk: Nekone\u010dn\u00e1 kauza \u010cap\u00ed hn\u00edzdo"},"content":{"rendered":"<div id=\"fb-root\"><\/div>\n<p><strong>Dne 10.kv\u011btna 2024 jsem se na internetu sezn\u00e1mil s obsahem odvol\u00e1n\u00ed, je\u017e v kauze \u010cap\u00ed hn\u00edzdo podal \u017ealobce Jaroslav \u0160aroch proti druh\u00e9mu rozsudku sen\u00e1tu p\u0159edsedy Jana \u0160otta M\u011bstsk\u00e9ho soudu v Praze.<\/strong><\/p>\n<p>Zve\u0159ejn\u011bn\u00e1 informace\u00a0se op\u00edr\u00e1 o vysv\u011btlen\u00ed, kter\u00e9 novin\u00e1\u0159\u016fm podal mluv\u010d\u00ed M\u011bstsk\u00e9ho st\u00e1tn\u00edho zastupitelstv\u00ed v Praze Ale\u0161 Cimbala. Ze zpr\u00e1vy nen\u00ed jasn\u00e9, zda ji\u017e odvol\u00e1n\u00ed obdr\u017eeli ob\u017ealovan\u00ed Andrej Babi\u0161 a Jana Nagyov\u00e1.<\/p>\n<p>Marn\u011b p\u00e1tr\u00e1m v pam\u011bti, zda jsem se ji\u017e v minulosti setkal s informov\u00e1n\u00edm ve\u0159ejnosti o obsahu odvol\u00e1n\u00ed d\u0159\u00edve ne\u017e zazn\u011blo p\u0159i ve\u0159ejn\u00e9m zased\u00e1n\u00ed soudu a nic se mi nevybavuje.<\/p>\n<p>Sama kauza \u010cap\u00ed hn\u00edzdo je pro mne jako justi\u010dn\u00edho prudi\u010de (pardon, ob\u010dansk\u00e9ho aktivistu) nezaj\u00edmav\u00e1. \u017dalobce \u017e\u00e1d\u00e1 pouze podm\u00edn\u011bn\u00e9 a pen\u011b\u017eit\u00e9 tresty, kter\u00e9 by ob\u017ealovan\u00e9 v p\u0159\u00edpad\u011b pravomocn\u00e9ho odsouzen\u00ed nezruinovaly. Maj\u00ed luxusn\u011b zaji\u0161t\u011bnou obhajobu. Ostatn\u011b je z\u0159ejm\u00e9, \u017ee ob\u017ealovan\u00fd Andrej Babi\u0161 se sice c\u00edtil opr\u00e1vn\u011bn\u011b pohor\u0161en zneu\u017eit\u00edm jeho nemocn\u00e9ho syna jako sv\u011bdka ob\u017ealoby, ale jinak proces p\u0159\u00edli\u0161 \u00fakorn\u011b nevn\u00edm\u00e1. Ve stejn\u00fd den, kdy zpr\u00e1va vy\u0161la, se na mne v noci zak\u0159enil z aplikace X (d\u0159\u00edve Twitter) hokejov\u00fd fanou\u0161ek Andrej Babi\u0161 v doprovodu hezk\u00e9 blond\u00fdny (s man\u017eelkou se roze\u0161el). To by zkrou\u0161en\u00fd ob\u017ealovan\u00fd nedok\u00e1zal.<\/p>\n<p>Zaj\u00edmav\u00e9 jsou pouze r\u016fzn\u00e9 anom\u00e1lie, je\u017e se u b\u011b\u017en\u00fdch p\u0159\u00edpad\u016f nevyskytuj\u00ed. Rann\u00e9 zve\u0159ejn\u011bn\u00ed obsahu ob\u017ealoby je jednou z nich: utvrzuje m\u011b v dojmu, \u017ee justice vede re\u017eii procesu tak, aby doch\u00e1zelo k zpochyb\u0148ov\u00e1n\u00ed vedlej\u0161\u00edho ob\u017ealovan\u00e9ho Andreje Babi\u0161e v dob\u011b, kdy doch\u00e1z\u00ed k n\u011bjak\u00fdm politick\u00fdm ud\u00e1lostem, na jejich\u017e v\u00fdsledku pro hnut\u00ed ANO mu mus\u00ed z\u00e1le\u017eet. Takovou ud\u00e1lost\u00ed jsou v sou\u010dasnosti bl\u00ed\u017e\u00edc\u00ed se volby do Evropsk\u00e9ho parlamentu. D\u011blo se to od po\u010d\u00e1tku procesu, kdy\u017e p\u0159\u00e1n\u00edm inici\u00e1tor\u016f vyvol\u00e1n\u00ed z\u00e1jmu ve\u0159ejnosti o kauzu byla z\u0159ejm\u011b snaha vytla\u010dit Andreje Babi\u0161e z politiky n\u00e1stroji trestn\u00edho pr\u00e1va, kdy\u017e cestou politick\u00e9ho boje se to neda\u0159\u00ed.<\/p>\n<p>Dal\u0161\u00ed anom\u00e1li\u00ed je sama role \u017ealobce Jaroslava \u0160arocha, kter\u00fd jako dozorov\u00fd st\u00e1tn\u00ed z\u00e1stupce trestn\u00ed st\u00edh\u00e1n\u00ed v\u0161ech p\u016fvodn\u00edch obvin\u011bn\u00fdch zastavil, proto\u017ee v jejich po\u010d\u00edn\u00e1n\u00ed neshledal trestnost. Jeho rozhodnut\u00ed zvr\u00e1til tehdej\u0161\u00ed nejvy\u0161\u0161\u00ed st\u00e1tn\u00ed z\u00e1stupce Pavel Zeman jen pro osoby Andreje Babi\u0161e a Jany Nagyov\u00e9. \u017dalobce Jaroslav \u0160aroch je nyn\u00ed hou\u017eevnat\u011b pron\u00e1sleduje proti sv\u00e9mu p\u016fvodn\u00edmu pr\u00e1vn\u00edmu n\u00e1zoru. Netu\u0161\u00edm, co na to \u0159\u00edk\u00e1 jeho sv\u011bdom\u00ed. Pr\u00e1vn\u00ed n\u00e1zor Pavla Zemana nelze br\u00e1t na lehkou v\u00e1hu, ale jako laik si mysl\u00edm, \u017ee by bylo lep\u0161\u00ed, kdyby \u017ealobu zastupoval jin\u00fd st\u00e1tn\u00ed z\u00e1stupce, jen\u017e nebyl Pavlem Zemanem usv\u011bd\u010den z pochyben\u00ed.<\/p>\n<p><a href=\"https:\/\/stranapro.cz\/\"><img decoding=\"async\" loading=\"lazy\" class=\"wp-image-53371 alignleft\" src=\"http:\/\/www.infokuryr.cz\/n\/wp-content\/uploads\/2024\/05\/pro-6-volby-300x169.jpg\" alt=\"\" width=\"465\" height=\"262\" srcset=\"https:\/\/www.infokuryr.cz\/n\/wp-content\/uploads\/2024\/05\/pro-6-volby-300x169.jpg 300w, https:\/\/www.infokuryr.cz\/n\/wp-content\/uploads\/2024\/05\/pro-6-volby-768x431.jpg 768w, https:\/\/www.infokuryr.cz\/n\/wp-content\/uploads\/2024\/05\/pro-6-volby.jpg 785w\" sizes=\"(max-width: 465px) 100vw, 465px\" \/><\/a>V od\u016fvodn\u011bn\u00ed odvol\u00e1n\u00ed m\u011b jako laika zaujalo, \u017ee \u017ealobce navrhl odvolac\u00edmu soudu, aby v p\u0159\u00edpad\u011b, \u017ee by odvol\u00e1n\u00ed vyhov\u011bl, by nal\u00e9zac\u00ed soud zav\u00e1zal sv\u00fdm pr\u00e1vn\u00edm n\u00e1zorem. To je z\u00e1le\u017eitost, kterou ve\u0159ejnost opakovan\u011b \u0161patn\u011b ch\u00e1pe. Soudci jsou ve sv\u00e9m rozhodov\u00e1n\u00ed nez\u00e1visl\u00ed, ale zde se najednou po nich \u017e\u00e1d\u00e1, aby nepostupovali podle sv\u00e9ho sv\u011bdom\u00ed a rozumu, ale podle m\u00edn\u011bn\u00ed nad\u0159\u00edzen\u00e9ho soudu. Jako laik uzn\u00e1v\u00e1m, \u017ee je spr\u00e1vn\u00e9, aby soudci z vy\u0161\u0161\u00edho stupn\u011b, kte\u0159\u00ed by m\u011bli b\u00fdt odborn\u011b a zku\u0161enost\u00ed zdatn\u011bj\u0161\u00ed, ne\u017e soudci nal\u00e9zac\u00edho soudu, prosadili sv\u00e9 vid\u011bn\u00ed d\u016fkazn\u00ed situace. Konstatuji pouze, \u017ee jde o po\u017eadavek, t\u011b\u017eko straviteln\u00fd pro laickou ve\u0159ejnost. Jaroslav \u0160aroch mohl ostatn\u011b j\u00edt ve<\/p>\n<p>sv\u00e9 zlomyslnost d\u00e1l n\u00e1vrhem, aby odvolac\u00ed soud vr\u00e1til v\u011bc soudu 1. stupn\u011b s p\u0159\u00edkazem, aby nov\u00e9 projedn\u00e1n\u00ed prob\u011bhlo v jin\u00e9m slo\u017een\u00ed sen\u00e1tu. Nebylo by to \u00fapln\u011b nepochopiteln\u00e9, proto\u017ee ji\u017e dv\u011b rozhodnut\u00ed sen\u00e1tu Jana \u0160otta neodolala n\u00e1zoru \u017ealobce.<\/p>\n<p>\u017dalobce se mimo to do\u017eaduje, aby odvolac\u00ed soud p\u0159im\u011bl soud 1. stupn\u011b, aby se zab\u00fdval tzv. druhou lini\u00ed ob\u017ealoby, tedy p\u016fsoben\u00edm spole\u010dnost\u00ed Agrofert a \u010cap\u00ed hn\u00edzdo na stejn\u00fdch nebo sousedn\u00edch trz\u00edch. Jako laik si netrouf\u00e1m tento po\u017eadavek hodnotit. Ale pro zm\u011bnu mi vad\u00ed, \u017ee se org\u00e1ny \u010dinn\u00e9 v trestn\u00edm \u0159\u00edzen\u00ed nepozastavily nad odpov\u011bdnost\u00ed st\u00e1tn\u00edch \u00fa\u0159edn\u00edk\u016f, kte\u0159\u00ed m\u011bli k disposici \u00fapln\u00e9 podklady k \u017e\u00e1dosti o dotaci, byli z\u0159ejm\u011b odborn\u011b l\u00e9pe vybaveni pro jejich vyhodnocen\u00ed ne\u017e policist\u00e9 a st\u00e1tn\u00ed z\u00e1stupci, a p\u0159esto dotaci p\u0159id\u011blili. Tak\u00e9 mi vad\u00ed, \u017ee se nezkoum\u00e1 spole\u010densk\u00e1 prosp\u011b\u0161nost pou\u017eit\u00ed dotace. Jednak to byl jen mal\u00fd p\u0159\u00edsp\u011bvek k miliardov\u00e9 investici, ale pomohl k vybudov\u00e1n\u00ed v\u00edce\u00fa\u010delov\u00e9ho za\u0159\u00edzen\u00ed, kter\u00e9 je pr\u00fd hezk\u00e9 (nikdy jsem tam nebyl) a pro danou oblast prosp\u011b\u0161n\u00e9. Ostatn\u011b n\u00e1stupnick\u00e1 spole\u010dnost Imoba (sou\u010d\u00e1st holdingu Agrofert) dotaci vr\u00e1tila, tak\u017ee imagin\u00e1rn\u00ed \u0161kodu zahladila.<\/p>\n<p>Z poznatk\u016f, je\u017e jsem z\u00edskal n\u00e1slechem p\u0159i hlavn\u00edm l\u00ed\u010den\u00ed v 1. kole (2. kolo jsem nesledoval) usuzuji, \u017ee Andrej Babi\u0161 zah\u00e1jil vy\u010dle\u0148ov\u00e1n\u00ed spole\u010dnosti \u010cap\u00ed hn\u00edzdo ze svazku holdingu Agrofert d\u0159\u00edve, ne\u017e byly vyps\u00e1ny dotace. Pokud o jejich vyps\u00e1n\u00ed nev\u011bd\u011bl, je jeho obvin\u011bn\u00ed nesmysln\u00e9. Z dokumentace, kterou m\u00e1m k disposici, i z jin\u00fdch zdroj\u016f jsem dosp\u011bl k n\u00e1zoru, \u017ee ob\u017ealovan\u00e1 Jana Nagyov\u00e1 nezatajila p\u0159ed p\u0159\u00edslu\u0161n\u00fdm \u00fa\u0159adem nic, co by jej mohlo odradit od p\u0159izn\u00e1n\u00ed dotace. M\u00e1m i jin\u00e9 pochybnosti, ale to nen\u00ed podstatn\u00e9.<\/p>\n<p>Budeme nyn\u00ed n\u011bkolik t\u00fddn\u016f \u010di sp\u00ed\u0161e m\u011bs\u00edc\u016f \u010dekat na dal\u0161\u00ed rozhodnut\u00ed odvolac\u00edho soudu. Nebudu p\u0159ekvapen, vyhl\u00e1s\u00ed-li je Vrchn\u00ed soud v Praze v dob\u011b, kdy se bude schylovat k sen\u00e1tn\u00edm volb\u00e1m.<\/p>\n<p>Kauza m\u00e1 ov\u0161em i etickou rovinu. Je ot\u00e1zka, zda bylo skute\u010dn\u011b nutn\u00e9 \u017e\u00e1dat o dotaci v situaci, kdy spole\u010dnost \u010cap\u00ed hn\u00edzdo m\u011bla v z\u00e1dech kolos rozm\u011br\u016f Agrofertu. Ale to je jin\u00e1 v\u011bc, je\u017e nem\u016f\u017ee b\u00fdt p\u0159edm\u011btem zkoum\u00e1n\u00ed v trestn\u00edm \u0159\u00edzen\u00ed. Ob\u010das se setk\u00e1v\u00e1m s n\u00e1zorem, \u017ee podnikatel, kter\u00fd vid\u00ed pen\u00edze, le\u017e\u00edc\u00ed v prachu a nezvedne je, je hlup\u00e1k a zaslou\u017e\u00ed si krach. M\u00e1m tak\u00e9 pochybnosti etick\u00e9ho r\u00e1zu o ochot\u011b policie a st\u00e1tn\u00edho zastupitelstv\u00ed zab\u00fdvat se trestn\u00edm ozn\u00e1men\u00edm tohoto druhu, je\u017e oznamovatel podal velmi pozd\u011b (trestn\u00ed odpov\u011bdnost st\u00e1tn\u00edch \u00fa\u0159edn\u00edk\u016f byla ji\u017e mo\u017en\u00e1 proml\u010dena) a z\u0159ejm\u011b \u00fa\u010delov\u011b. M\u00e1m dost zku\u0161enost\u00ed s neochotou p\u0159ijmout trestn\u00ed ozn\u00e1men\u00ed v p\u0159\u00edpadech jednozna\u010dn\u011bj\u0161\u00edch a politikou neposti\u017een\u00fdch, ne\u017e je kauza \u010cap\u00ed hn\u00edzdo. Ale \u2013 jak prav\u00ed p\u0159\u00edslov\u00ed &#8211; do vysok\u00fdch strom\u016f nesp\u00ed\u0161 t\u0159\u00edsk\u00e1 blesk a Andrej Babi\u0161 vy\u010dn\u00edv\u00e1 skute\u010dn\u011b hodn\u011b vysoko.<\/p>\n<p>Zden\u011bk Jemel\u00edk<\/p>\n<p><img decoding=\"async\" loading=\"lazy\" class=\"alignnone size-medium wp-image-357\" src=\"http:\/\/www.infokuryr.cz\/n\/wp-content\/uploads\/2021\/04\/Jemelik-u-soudu-300x145.jpeg\" alt=\"\" width=\"300\" height=\"145\" srcset=\"https:\/\/www.infokuryr.cz\/n\/wp-content\/uploads\/2021\/04\/Jemelik-u-soudu-300x145.jpeg 300w, https:\/\/www.infokuryr.cz\/n\/wp-content\/uploads\/2021\/04\/Jemelik-u-soudu.jpeg 320w\" sizes=\"(max-width: 300px) 100vw, 300px\" \/><\/p>\n<p>&nbsp;<\/p>\n","protected":false},"excerpt":{"rendered":"<p>Dne 10.kv\u011btna 2024 jsem se na internetu sezn\u00e1mil s obsahem odvol\u00e1n\u00ed, je\u017e v kauze \u010cap\u00ed&#8230;<\/p>\n","protected":false},"author":2,"featured_media":15131,"comment_status":"closed","ping_status":"closed","sticky":false,"template":"","format":"standard","meta":[],"categories":[6],"tags":[3322,1503,520,324],"_links":{"self":[{"href":"https:\/\/www.infokuryr.cz\/n\/wp-json\/wp\/v2\/posts\/53633"}],"collection":[{"href":"https:\/\/www.infokuryr.cz\/n\/wp-json\/wp\/v2\/posts"}],"about":[{"href":"https:\/\/www.infokuryr.cz\/n\/wp-json\/wp\/v2\/types\/post"}],"author":[{"embeddable":true,"href":"https:\/\/www.infokuryr.cz\/n\/wp-json\/wp\/v2\/users\/2"}],"replies":[{"embeddable":true,"href":"https:\/\/www.infokuryr.cz\/n\/wp-json\/wp\/v2\/comments?post=53633"}],"version-history":[{"count":1,"href":"https:\/\/www.infokuryr.cz\/n\/wp-json\/wp\/v2\/posts\/53633\/revisions"}],"predecessor-version":[{"id":53634,"href":"https:\/\/www.infokuryr.cz\/n\/wp-json\/wp\/v2\/posts\/53633\/revisions\/53634"}],"wp:featuredmedia":[{"embeddable":true,"href":"https:\/\/www.infokuryr.cz\/n\/wp-json\/wp\/v2\/media\/15131"}],"wp:attachment":[{"href":"https:\/\/www.infokuryr.cz\/n\/wp-json\/wp\/v2\/media?parent=53633"}],"wp:term":[{"taxonomy":"category","embeddable":true,"href":"https:\/\/www.infokuryr.cz\/n\/wp-json\/wp\/v2\/categories?post=53633"},{"taxonomy":"post_tag","embeddable":true,"href":"https:\/\/www.infokuryr.cz\/n\/wp-json\/wp\/v2\/tags?post=53633"}],"curies":[{"name":"wp","href":"https:\/\/api.w.org\/{rel}","templated":true}]}}