{"id":53632,"date":"2024-05-14T00:33:02","date_gmt":"2024-05-13T22:33:02","guid":{"rendered":"https:\/\/www.infokuryr.cz\/n\/?p=53632"},"modified":"2024-05-13T18:58:47","modified_gmt":"2024-05-13T16:58:47","slug":"ondrej-prokop-je-to-konec-pekarove-koalice-opet-rozhadana-dan-z-nemovitosti-narostla-i-o-80","status":"publish","type":"post","link":"https:\/\/www.infokuryr.cz\/n\/2024\/05\/14\/ondrej-prokop-je-to-konec-pekarove-koalice-opet-rozhadana-dan-z-nemovitosti-narostla-i-o-80\/","title":{"rendered":"Ond\u0159ej Prokop: Je to konec Pekarov\u00e9? Koalice op\u011bt rozh\u00e1dan\u00e1. Da\u0148 z nemovitosti narostla i o 80 %"},"content":{"rendered":"<div id=\"fb-root\"><\/div>\n<p>Je to konec Mark\u00e9ty Pekarov\u00e9 Adamov\u00e9? Tragikomick\u00e1 v\u00fdm\u011bna ministr\u016f u\u017e na\u0161tvala i \u010dleny TOP09. Podle Pekarov\u00e9 by m\u011bl skon\u010dit tak\u00e9 ministr Bek (STAN). P\u011btikoalice op\u011bt ukazuje, jak &#8222;dr\u017e\u00ed pohromad\u011b&#8220;. H\u00e1daj\u00ed se i mezi sebou, nato\u017e pak, aby \u0159\u00eddili st\u00e1t.<\/p>\n<p>\ud83d\udc49 Vyhod\u00ed ODS kone\u010dn\u011b Pavla Novotn\u00e9ho? Uvid\u00edme. Vsad\u00edm se, \u017ee ho sp\u00ed\u0161 nechaj\u00ed d\u00e1l \u0159\u00e1dit. Dote\u010f ho ve v\u0161ech p\u0159\u00edpadech jen omlouvali a kryli. Ruka ruku myje.<\/p>\n<p>\ud83d\udc49 Mrazy zdecimovaly \u00farodu zem\u011bd\u011blc\u016f. Ti ale dostanou pouze polovi\u010dn\u00ed kompenzaci, \u0159ekl ministr V\u00fdborn\u00fd. Nem\u016f\u017eeme se divit, \u017ee pl\u00e1nuj\u00ed dal\u0161\u00ed demonstraci.<\/p>\n<p>\ud83d\udc49 Na zaplacen\u00ed dan\u011b z nemovitosti zb\u00fdv\u00e1 jen p\u00e1r dn\u016f. Pokud nestihnete v\u010das, dostanete po\u0159\u00e1dn\u00e9 pen\u00e1le, jak varoval Stanjura. Da\u0148 lidem p\u0159itom vyrostla i o 80 %.<\/p>\n<p>\ud83d\udc49 Lidovci cht\u011bj\u00ed, aby bezd\u011btn\u00ed lid\u00e9 p\u0159ipl\u00e1celi na odvodech. Jsem zv\u011bdav\u00fd, jak tohle lidovci vysv\u011btl\u00ed t\u011bm, kte\u0159\u00ed t\u0159eba d\u011bti kv\u016fli zdravotn\u00ed situaci m\u00edt nem\u016f\u017eou. Dal\u0161\u00ed nesmysl, kter\u00fd ale narazil i uvnit\u0159 koalice.<\/p>\n<p>\ud83d\udc49 Praha je nejhor\u0161\u00ed v Evrop\u011b: n\u00e1jmy jsou tu nejm\u00e9n\u011b dostupn\u00e9. Pir\u00e1ti p\u0159ed volbami slibovali postavit des\u00edtky tis\u00edc m\u011bstsk\u00fdch byt\u016f. Nepostavili \u017e\u00e1dn\u00e9.<\/p>\n<p>\ud83d\udc49 Pir\u00e1t H\u0159ib v dob\u011b nejvy\u0161\u0161\u00edho provozu uzav\u0159el metro, aby tam mohl ud\u011blat p\u00e1rty pro p\u00e1r vyvolen\u00fdch. Papal\u00e1\u0161stv\u00ed, proti kter\u00e9mu se Pir\u00e1ti d\u0159\u00edv vymezovali, je te\u010f jejich hlavn\u00ed charakteristikou.<\/p>\n<p>\ud83d\udc49 Stavba metra D nab\u00edr\u00e1 dal\u0161\u00ed zpo\u017ed\u011bn\u00ed. To znamen\u00e1 dal\u0161\u00ed n\u00e1klady, nemluv\u011b o zpackan\u00e9m v\u00fdb\u011brov\u00e9m \u0159\u00edzen\u00ed, kdy H\u0159ib cht\u011bl protla\u010dit \u0159e\u0161en\u00ed p\u0159edra\u017een\u00e9 o miliardy. M\u00edsto, aby \u0159e\u0161il to d\u016fle\u017eit\u00e9, se te\u010f ale zam\u011b\u0159il na odstra\u0148ov\u00e1n\u00ed historick\u00fdch ikon z dob komunismu.<\/p>\n<p>To v\u0161e a mnohem v\u00edc se dozv\u00edte v 83. d\u00edlu m\u00e9ho politick\u00e9ho podcastu. D\u011bkuji v\u00e1m p\u0159edem za zhl\u00e9dnut\u00ed a pros\u00edm o dal\u0161\u00ed sd\u00edlen\u00ed, a\u0165 se pravdu dozv\u00ed co nejv\u00edc lid\u00ed! T\u011b\u0161\u00edm se na dotazy i koment\u00e1\u0159e!<\/p>\n<p><iframe loading=\"lazy\" title=\"Je to konec Pekarov\u00e9? Koalice op\u011bt rozh\u00e1dan\u00e1. Da\u0148 z nemovitosti narostla i o 80 %. | \u010cau Praho! #83\" width=\"640\" height=\"360\" src=\"https:\/\/www.youtube.com\/embed\/BDziVLhXSbc?feature=oembed\" frameborder=\"0\" allow=\"accelerometer; autoplay; clipboard-write; encrypted-media; gyroscope; picture-in-picture; web-share\" referrerpolicy=\"strict-origin-when-cross-origin\" allowfullscreen><\/iframe><\/p>\n<p><span style=\"font-size: 14pt;\"><strong>Ing. Ond\u0159ej Prokop, p\u0159edseda hnut\u00ed ANO v Praze<\/strong><\/span><\/p>\n<p>&nbsp;<\/p>\n<p><a href=\"https:\/\/stranapro.cz\/\"><img decoding=\"async\" loading=\"lazy\" class=\"wp-image-40286 aligncenter\" src=\"http:\/\/www.infokuryr.cz\/n\/wp-content\/uploads\/2023\/11\/12pro-300x87.png\" alt=\"\" width=\"945\" height=\"274\" srcset=\"https:\/\/www.infokuryr.cz\/n\/wp-content\/uploads\/2023\/11\/12pro-300x87.png 300w, https:\/\/www.infokuryr.cz\/n\/wp-content\/uploads\/2023\/11\/12pro.png 366w\" sizes=\"(max-width: 945px) 100vw, 945px\" \/><\/a><\/p>\n<p>&nbsp;<\/p>\n<p>&nbsp;<\/p>\n","protected":false},"excerpt":{"rendered":"<p>Je to konec Mark\u00e9ty Pekarov\u00e9 Adamov\u00e9? Tragikomick\u00e1 v\u00fdm\u011bna ministr\u016f u\u017e na\u0161tvala i \u010dleny TOP09. Podle&#8230;<\/p>\n","protected":false},"author":2,"featured_media":39290,"comment_status":"closed","ping_status":"closed","sticky":false,"template":"","format":"standard","meta":[],"categories":[6],"tags":[236,1503,2386,889],"_links":{"self":[{"href":"https:\/\/www.infokuryr.cz\/n\/wp-json\/wp\/v2\/posts\/53632"}],"collection":[{"href":"https:\/\/www.infokuryr.cz\/n\/wp-json\/wp\/v2\/posts"}],"about":[{"href":"https:\/\/www.infokuryr.cz\/n\/wp-json\/wp\/v2\/types\/post"}],"author":[{"embeddable":true,"href":"https:\/\/www.infokuryr.cz\/n\/wp-json\/wp\/v2\/users\/2"}],"replies":[{"embeddable":true,"href":"https:\/\/www.infokuryr.cz\/n\/wp-json\/wp\/v2\/comments?post=53632"}],"version-history":[{"count":0,"href":"https:\/\/www.infokuryr.cz\/n\/wp-json\/wp\/v2\/posts\/53632\/revisions"}],"wp:featuredmedia":[{"embeddable":true,"href":"https:\/\/www.infokuryr.cz\/n\/wp-json\/wp\/v2\/media\/39290"}],"wp:attachment":[{"href":"https:\/\/www.infokuryr.cz\/n\/wp-json\/wp\/v2\/media?parent=53632"}],"wp:term":[{"taxonomy":"category","embeddable":true,"href":"https:\/\/www.infokuryr.cz\/n\/wp-json\/wp\/v2\/categories?post=53632"},{"taxonomy":"post_tag","embeddable":true,"href":"https:\/\/www.infokuryr.cz\/n\/wp-json\/wp\/v2\/tags?post=53632"}],"curies":[{"name":"wp","href":"https:\/\/api.w.org\/{rel}","templated":true}]}}