{"id":536,"date":"2021-04-08T04:29:02","date_gmt":"2021-04-08T02:29:02","guid":{"rendered":"http:\/\/www.infokuryr.cz\/n\/?p=536"},"modified":"2021-04-08T04:29:02","modified_gmt":"2021-04-08T02:29:02","slug":"byvaly-chvilkar-minar-taji-co-udelal-s-penezi-od-stoupencu-jde-o-miliony","status":"publish","type":"post","link":"https:\/\/www.infokuryr.cz\/n\/2021\/04\/08\/byvaly-chvilkar-minar-taji-co-udelal-s-penezi-od-stoupencu-jde-o-miliony\/","title":{"rendered":"B\u00fdval\u00fd chvilka\u0159 Min\u00e1\u0159 taj\u00ed, co ud\u011blal s pen\u011bzi od stoupenc\u016f. Jde o miliony"},"content":{"rendered":"<div id=\"fb-root\"><\/div>\n<div class=\"b-article__lead\">\n<p><strong>Zlod\u011bj k\u0159i\u010d\u00ed zlod\u011bji. Obrazn\u011b \u0159e\u010deno, p\u0159irozen\u011b. Ale sed\u00ed to. Dokonce m\u00e9dia hlavn\u00edho proudu se za\u010d\u00ednaj\u00ed zaj\u00edmat o to, za co utratil ne\u00fasp\u011b\u0161n\u00fd politik a exv\u016fdce chvilka\u0159\u016f Mikul\u00e1\u0161 Min\u00e1\u0159 \u0161est milion\u016f korun. Bylo to velk\u00e9?<\/strong><\/p>\n<\/div>\n<div class=\"b-article__text\">\n<p>Co se d\u00e1 koupit za \u0161est milion\u016f? Po\u0159\u00e1dn\u00e9 f\u00e1ro? Luxusn\u00ed plavba kolem sv\u011bta? Mo\u017en\u00e1 to i to. Ale tak\u00e9 ne\u00fasp\u011b\u0161n\u00e1 politick\u00e1 kari\u00e9ra. Moc dob\u0159e to v\u00ed b\u00fdval\u00fd v\u016fdce Milionu chvilek pro demokracii a politik\u00a0<strong>Mikul\u00e1\u0161 Min\u00e1\u0159<\/strong>, kter\u00fd neusp\u011bl p\u0159ed startem sv\u00e9 politick\u00e9 kari\u00e9ry.<\/p>\n<p>Min\u00e1\u0159 cht\u011bl \u017eblu\u0148knout do \u010desk\u00e9ho politick\u00e9ho rybn\u00ed\u010dku. P\u0159in\u00e9st pravdol\u00e1ska\u0159skou alternativu Babi\u0161ovi a v\u0161em politick\u00fdm dinosaur\u016fm. Podporu u \u010cech\u016f nena\u0161el. Postavit se za Min\u00e1\u0159e cht\u011blo n\u011bkolik des\u00edtek tis\u00edc lid\u00ed.<\/p>\n<p>Min\u00e1\u0159 politickou podporu\u00a0<a href=\"https:\/\/cz.sputniknews.com\/ceskarepublika\/2021032413373233-chvilkar-mikulas-minar-politicky-zbankrotoval-lide-pro-nepujdou-do-voleb\/\">nedostal<\/a>. Zato v kase jeho hnut\u00ed Lid\u00e9 PRO to hezky cinkalo. Te\u010f p\u0159i\u0161el \u00fa\u010det. M\u00e9dia hlavn\u00edho proudu, a dokonce i politici, se ptaj\u00ed, co Min\u00e1\u0159 s miliony ud\u011blal?<\/p>\n<p>Ne\u00fasp\u011b\u0161n\u00fd projekt Lid\u00e9 PRO, za n\u00edm\u017e st\u00e1l b\u00fdval\u00fd p\u0159edseda Milionu chvilek pro demokracii Mikul\u00e1\u0161 Min\u00e1\u0159, vybral od 23. \u0159\u00edjna na transparentn\u00ed \u00fa\u010det 5,8 milionu korun. Nyn\u00ed\u00a0<a href=\"https:\/\/cz.sputniknews.com\/ceskarepublika\/2021040413430298-minar-od-rijna-vybral-na-podporu-sveho-hnuti-6-milionu-temer-vsechno-bylo-utraceno-ale-neni-jasne\/\">z\u016fstalo<\/a>\u00a0na \u00fa\u010dtu n\u011bco p\u0159es 60 tis\u00edc, zbytek stihl za p\u011bt m\u011bs\u00edc\u016f do ozn\u00e1men\u00ed sv\u00e9ho ukon\u010den\u00ed 24. b\u0159ezna utratit. S touto zpr\u00e1vou\u00a0<a href=\"https:\/\/www.novinky.cz\/domaci\/clanek\/minaruv-spolek-utratil-6-milionu-od-sponzoru-pak-skoncil-40355969\" target=\"_blank\" rel=\"nofollow noopener\">p\u0159i\u0161el<\/a>\u00a0den\u00edk Pr\u00e1vo a server Novinky.cz.<\/p>\n<p>A\u010dkoli \u0161el Min\u00e1\u0159 do politiky coby bojovn\u00edk s korupc\u00ed, vypa\u0159en\u00ed pen\u011bz z \u00fa\u010dtu vypad\u00e1 z\u00e1hadn\u011b. \u00da\u010det, na kter\u00fd se pen\u00edze pos\u00edlaly, toti\u017e nepat\u0159\u00ed hnut\u00ed Lid\u00e9 PRO, registrovan\u00e9mu na ministerstvu vnitra a\u017e loni v prosinci, ale spolku Pro \u010cR, z. s., jemu\u017e Min\u00e1\u0159 p\u0159edsed\u00e1 a m\u00e1 podle stanov pr\u00e1vo nakl\u00e1dat s ve\u0161ker\u00fdm jeho majetkem s\u00e1m. Podle slov ne\u00fasp\u011b\u0161n\u00e9ho politika je to v po\u0159\u00e1dku.<\/p>\n<p>Min\u00e1\u0159 se m\u00edsto uv\u011b\u0159iteln\u00e9ho vysv\u011btlen\u00ed finan\u010dn\u00edch transakc\u00ed postavil na zadn\u00ed a jako papal\u00e1\u0161\u00a0<a href=\"https:\/\/cz.sputniknews.com\/ceskarepublika\/2021040513437459-mrzi-mne-ze-se-misto-uznani-dostava-jen-pohrdani-a-plivance-minare-urazilo-ze-ho-media-vykresluji\/\">za\u010dal<\/a>\u00a0napadat novin\u00e1\u0159e. Pr\u00fd l\u017eou a pou\u017e\u00edvaj\u00ed zav\u00e1d\u011bj\u00edc\u00ed titulky.<\/p>\n<p>Proti Min\u00e1\u0159ovi se v t\u00e9to souvislosti ohradil i sen\u00e1tor, b\u00fdval\u00fd policejn\u00ed vy\u0161et\u0159ovatel a p\u0159edseda spr\u00e1vn\u00ed rady Transparency International V\u00e1clav L\u00e1ska.<\/p>\n<p><em>\u201eKdyby Mikul\u00e1\u0161 ml\u010del a dal v\u0161e na st\u016fl, a\u017e to bude hotov\u00e9, tak fajn. Ale tohle trochu ubl\u00ed\u017eeneck\u00e9 vol\u00e1n\u00ed nen\u00ed \u00fapln\u011b optim\u00e1ln\u00ed. A nav\u00edc, Mikul\u00e1\u0161 m\u011bl a cht\u011bl p\u0159in\u00e9st \u201an\u011bco nov\u00e9ho\u2018, tak\u017ee jak\u00e1koli obhajoba \u201ati ostatn\u00ed jsou hor\u0161\u00ed\u2018 by byla v\u00edc ne\u017e ne\u0161\u0165astn\u00e1. A nav\u00edc m\u016fj koment\u00e1\u0159 nen\u00ed tak o Mikul\u00e1\u0161ovi jako o nad\u011bji a ochot\u011b lid\u00ed uv\u011b\u0159it t\u0159eba i n\u011b\u010demu nov\u00e9mu po tomhle projektu. Poh\u00e1r d\u016fv\u011bry dobr\u00fdch lid\u00ed nen\u00ed neomezen\u00fd. A ka\u017ed\u00fd, kdo si z n\u011bj nalije, se nem\u016f\u017ee schov\u00e1vat za \u201asoukrom\u00fd projekt\u2018. Nad\u011bje, d\u016fv\u011bra a v\u00edra dobr\u00fdch lid\u00ed je cenn\u00e1 komodita, se kterou nesm\u00ed nikdo pl\u00fdtvat,\u201c poznamenal sen\u00e1tor.<\/em><\/p>\n<p>N\u00e1zor na podivn\u00e9 finan\u010dn\u00ed z\u00e1le\u017eitosti d\u0159\u00edve popul\u00e1rn\u00edho politick\u00e9ho aktivisty\u00a0<a href=\"https:\/\/cz.sputniknews.com\/\">Sputniku<\/a>\u00a0sd\u011blil zn\u00e1m\u00fd \u010dlen SPD, dr\u017eitel medaile Ministerstva \u0161kolstv\u00ed, ml\u00e1de\u017ee a t\u011blov\u00fdchovy \u010cesk\u00e9 republiky 2. stupn\u011b, b\u00fdval\u00fd rektor Vysok\u00e9 \u0161koly Evropsk\u00fdch a region\u00e1ln\u00edch studi\u00ed\u00a0<strong>Lubom\u00edr P\u00e1na<\/strong>.<\/p>\n<p><em>\u201eM\u00e9dia doposud dr\u017eela politickou linii mocensk\u00fdch skupin, kter\u00e9 Min\u00e1\u0159ovu aktivitu podporovaly. Ale nyn\u00ed je ji\u017e pan Min\u00e1\u0159 pro sv\u00e9 b\u00fdval\u00e9 chlebod\u00e1rce bezcenn\u00fd a nikdo na n\u011bho nebude br\u00e1t zvl\u00e1\u0161tn\u00ed ohledy. Zejm\u00e9na tak\u00e9 proto, \u017ee v\u00fdsledek jeho hnut\u00ed ve volb\u00e1ch by se pohyboval v \u0159\u00e1du desetin procent a ani by nedos\u00e1hl na 3 %, kter\u00e1 garantuj\u00ed finan\u010dn\u00ed p\u0159\u00edsp\u011bvek pro p\u0159\u00ed\u0161t\u00ed \u010dty\u0159i roky (a nedos\u00e1hl by pravd\u011bpodobn\u011b ani na 1,5 %, kter\u00e9 by garantovaly alespo\u0148 jednor\u00e1zov\u00fd p\u0159\u00edsp\u011bvek za po\u010det z\u00edskan\u00fdch hlas\u016f),\u201c \u0159\u00edk\u00e1 politik.<\/em><\/p>\n<p><strong>Nestal se z Min\u00e1\u0159e p\u0159\u00edli\u0161 brzy papal\u00e1\u0161 a kmotr, proti \u010demu\u017e v \u010desk\u00e9 politice brojil? Ur\u00e1\u017e\u00ed m\u00e9dia a odm\u00edt\u00e1 p\u0159iznat, za co utratil pen\u00edze.<\/strong><\/p>\n<p>\u201ePan Min\u00e1\u0159 ve sv\u00e9m ve\u0159ejn\u00e9m p\u016fsoben\u00ed nikdy nepracoval v z\u00e1jmu\u00a0<a href=\"https:\/\/cz.sputniknews.com\/ceskarepublika\/\">\u010cesk\u00e9 republiky<\/a>\u00a0nebo jej\u00edch ob\u010dan\u016f. Sp\u00ed\u0161e si u\u017e\u00edval mo\u017enost b\u00fdt \u201eob\u010dansk\u00fdm hrdinou\u201c a nakl\u00e1dat s velk\u00fdmi dary. Ani te\u010f se nijak nezm\u011bnil. Jen m\u00e1 ji\u017e zcela jin\u00e9 postaven\u00ed, tak\u017ee se mu neodpou\u0161t\u00ed to, co d\u0159\u00edve.<\/p>\n<p>Uvid\u00edme, jak budou postupovat kontroln\u00ed org\u00e1ny a samoz\u0159ejm\u011b tak\u00e9 investigativn\u00ed novin\u00e1\u0159i. Podle z\u00e1kona \u010d. 424\/91 Sb., o sdru\u017eov\u00e1n\u00ed v politick\u00fdch stran\u00e1ch a politick\u00fdch hnut\u00edch (zejm\u00e9na po jeho novele v roce 2016, kter\u00e1 pos\u00edlila transparentnost) m\u011bl pan Min\u00e1\u0159, ve sv\u00e9m politick\u00e9m hnut\u00ed Lid\u00e9 PRO, zalo\u017eit \u010dty\u0159i odd\u011blen\u00e9 \u00fa\u010dty. Jeden pro p\u0159\u00edjem dar\u016f, druh\u00fd pracovn\u011b pr\u00e1vn\u00ed (zde pravd\u011bpodobn\u011b utratil v\u011bt\u0161inu pen\u011bz a m\u011bl by v\u0161echny pracovn\u011b pr\u00e1vn\u00ed vztahy vyk\u00e1zat, v\u010detn\u011b odvod\u016f soci\u00e1ln\u00edho a zdravotn\u00edho poji\u0161t\u011bn\u00ed); t\u0159et\u00ed volebn\u00ed (proto\u017ee byly vyhl\u00e1\u0161eny volby do PS, tak ve\u0161ker\u00e9 v\u00fddaje by m\u011bl evidovat na tomto \u00fa\u010dtu), a na ostatn\u00ed p\u0159\u00edjmy a v\u00fddaje by m\u011bl m\u00edt zalo\u017een\u00fd provozn\u00ed \u00fa\u010det. Bude jist\u011b zaj\u00edmav\u00e9, v jak\u00e9m pom\u011bru v\u00fddaj\u016f vyk\u00e1\u017ee uveden\u00fdch 6 milion\u016f K\u010d.<\/p>\n<p>Jen dod\u00e1m, \u017ee nez\u0159\u00edzen\u00ed \u00fa\u010dtu je p\u0159estupek, pod sankc\u00ed a\u017e 200.000,- K\u010d,\u201c m\u00edn\u00ed expert.<\/p>\n<p><strong>Pro\u010d podle va\u0161eho n\u00e1zoru Min\u00e1\u0159 v politice neusp\u011bl? V\u017edy\u0165 na Letnou p\u0159ivedl des\u00edtky tis\u00edc lid\u00ed.<\/strong><\/p>\n<p>\u201eJako p\u0159edseda zapsan\u00e9ho spolku Milionu chvilek pro demokracii se pan Min\u00e1\u0159 stal tv\u00e1\u0159\u00ed boje proti vl\u00e1d\u011b Andreje Babi\u0161e a prezidentu Milo\u0161i Zemanovi. Ve skute\u010dnosti to v\u0161ak nebyl boj pana Min\u00e1\u0159e a jeho iniciativy, n\u00fdbr\u017e se jednalo o z\u00e1kulisn\u00ed v\u00e1lku mocensk\u00fdch skupin v na\u0161\u00ed zemi, motivovanou a pravd\u011bpodobn\u011b i \u0159\u00edzenou ze zahrani\u010d\u00ed.<\/p>\n<p>Zapsan\u00fd spolek Milion chvilek byl jen jednou z mnoha koordinovan\u00fdch snah zm\u011bnit mocenskou situaci v \u010cesk\u00e9 republice.<\/p>\n<p>Svou \u010dinnost\u00ed a vystupov\u00e1n\u00edm z\u00edskal Mikul\u00e1\u0161 Min\u00e1\u0159 d\u00edky sv\u00fdm loutkovodi\u010d\u016fm ve\u0159ejnou popularitu, o kter\u00e9 se domn\u00edval, \u017ee je politick\u00fdm kapit\u00e1lem \u2013 kter\u00fd ho m\u016f\u017ee dob\u0159e zaopat\u0159it.<\/p>\n<p>Zalo\u017eil tedy politick\u00e9 hnut\u00ed s vidinou, \u017ee se dostane mezi \u201evelk\u00e9 hr\u00e1\u010de\u201c. Iluze se rozplynuly, kdy\u017e pochopil, \u017ee bez sv\u00fdch loutkovodi\u010d\u016f nen\u00ed nik\u00fdm a tito jej ji\u017e v dan\u00fd okam\u017eik nepot\u0159ebuj\u00ed.<\/p>\n<p>Pak u\u017e zbylo jen jedin\u00e9 v\u00fdchodisko \u2013 zachr\u00e1nit, co se d\u00e1, a nabytou osobn\u00ed popularitu p\u0159etransformovat alespo\u0148 na pen\u011b\u017en\u00ed zisk. A mo\u017en\u00e1 se ani to nekonalo a v\u011bt\u0161ina ze \u0161esti milion\u016f K\u010d byla jen neefektivn\u011b promrh\u00e1na za pokus st\u00e1t se politikem,\u201c \u0159\u00edk\u00e1 Lubom\u00edr P\u00e1na.<\/p>\n<p class=\"b-disclaimer\">Alena Novotn\u00e1<\/p>\n<\/div>\n<p><a href=\"https:\/\/sptnkne.ws\/FSv4\">ZDROJ<\/a><\/p>\n<p>&nbsp;<\/p>\n","protected":false},"excerpt":{"rendered":"<p>Zlod\u011bj k\u0159i\u010d\u00ed zlod\u011bji. Obrazn\u011b \u0159e\u010deno, p\u0159irozen\u011b. Ale sed\u00ed to. Dokonce m\u00e9dia hlavn\u00edho proudu se za\u010d\u00ednaj\u00ed&#8230;<\/p>\n","protected":false},"author":2,"featured_media":537,"comment_status":"closed","ping_status":"closed","sticky":false,"template":"","format":"standard","meta":[],"categories":[6],"tags":[45,29],"_links":{"self":[{"href":"https:\/\/www.infokuryr.cz\/n\/wp-json\/wp\/v2\/posts\/536"}],"collection":[{"href":"https:\/\/www.infokuryr.cz\/n\/wp-json\/wp\/v2\/posts"}],"about":[{"href":"https:\/\/www.infokuryr.cz\/n\/wp-json\/wp\/v2\/types\/post"}],"author":[{"embeddable":true,"href":"https:\/\/www.infokuryr.cz\/n\/wp-json\/wp\/v2\/users\/2"}],"replies":[{"embeddable":true,"href":"https:\/\/www.infokuryr.cz\/n\/wp-json\/wp\/v2\/comments?post=536"}],"version-history":[{"count":0,"href":"https:\/\/www.infokuryr.cz\/n\/wp-json\/wp\/v2\/posts\/536\/revisions"}],"wp:featuredmedia":[{"embeddable":true,"href":"https:\/\/www.infokuryr.cz\/n\/wp-json\/wp\/v2\/media\/537"}],"wp:attachment":[{"href":"https:\/\/www.infokuryr.cz\/n\/wp-json\/wp\/v2\/media?parent=536"}],"wp:term":[{"taxonomy":"category","embeddable":true,"href":"https:\/\/www.infokuryr.cz\/n\/wp-json\/wp\/v2\/categories?post=536"},{"taxonomy":"post_tag","embeddable":true,"href":"https:\/\/www.infokuryr.cz\/n\/wp-json\/wp\/v2\/tags?post=536"}],"curies":[{"name":"wp","href":"https:\/\/api.w.org\/{rel}","templated":true}]}}