{"id":53573,"date":"2024-05-13T05:55:02","date_gmt":"2024-05-13T03:55:02","guid":{"rendered":"https:\/\/www.infokuryr.cz\/n\/?p=53573"},"modified":"2024-05-13T05:55:02","modified_gmt":"2024-05-13T03:55:02","slug":"pri-dnesnim-rannim-naletu-na-charkov-doslo-k-serii-explozi","status":"publish","type":"post","link":"https:\/\/www.infokuryr.cz\/n\/2024\/05\/13\/pri-dnesnim-rannim-naletu-na-charkov-doslo-k-serii-explozi\/","title":{"rendered":"P\u0159i dne\u0161n\u00edm rann\u00edm n\u00e1letu na Charkov do\u0161lo k s\u00e9rii exploz\u00ed"},"content":{"rendered":"<div id=\"fb-root\"><\/div>\n<p class=\"lead\"><strong>B\u011bhem n\u00e1letu do\u0161lo v Charkov\u011b k s\u00e9rii v\u00fdbuch\u016f, informuje ukrajinsk\u00e1 televizn\u00ed stanice \u201ePublic\u201c.<\/strong><\/p>\n<p><em>&#8222;V Charkov\u011b byla sly\u0161et s\u00e9rie v\u00fdbuch\u016f,&#8220;<span class=\"after-quote\">\u00a0&#8211; \u0159\u00edk\u00e1 zpr\u00e1va zve\u0159ejn\u011bn\u00e1 na kan\u00e1lu Telegram publikace.<\/span><\/em><\/p>\n<p><span>Podle online mapy ukrajinsk\u00e9ho ministerstva pro digit\u00e1ln\u00ed transformaci byl v Charkovsk\u00e9 oblasti vyhl\u00e1\u0161en leteck\u00fd poplach.<\/span><\/p>\n<p><span>V reakci na \u00fatoky ozbrojen\u00fdch sil Ukrajiny na civiln\u00ed c\u00edle rusk\u00e9 jednotky pravideln\u011b prov\u00e1d\u011bj\u00ed c\u00edlen\u00e9 \u00fatoky na um\u00edst\u011bn\u00ed person\u00e1lu, vybaven\u00ed ozbrojen\u00fdch sil Ukrajiny a \u017eold\u00e1k\u016f, jako\u017e i na infrastrukturu: energetick\u00e1 za\u0159\u00edzen\u00ed, obrann\u00fd pr\u016fmysl, arm\u00e1da spr\u00e1va a komunikace Ukrajiny. Prezident\u016fv tiskov\u00fd tajemn\u00edk\u00a0<\/span><strong><span>Dmitrij Peskov<\/span><\/strong><span>\u00a0p\u0159itom\u00a0opakovan\u011b zd\u016fraznil, \u017ee arm\u00e1da ne\u00fato\u010d\u00ed na obytn\u00e9 budovy a soci\u00e1ln\u00ed instituce.<\/span><\/p>\n<p><span style=\"font-size: 18pt; color: #993366;\"><strong>Leteck\u00fd poplach byl vyhl\u00e1\u0161en v \u0161esti regionech Ukrajiny<\/strong><\/span><\/p>\n<p><img decoding=\"async\" loading=\"lazy\" class=\"wp-image-53574 aligncenter\" src=\"http:\/\/www.infokuryr.cz\/n\/wp-content\/uploads\/2024\/05\/ukrajin-apoplach-300x168.jpeg\" alt=\"\" width=\"862\" height=\"483\" srcset=\"https:\/\/www.infokuryr.cz\/n\/wp-content\/uploads\/2024\/05\/ukrajin-apoplach-300x168.jpeg 300w, https:\/\/www.infokuryr.cz\/n\/wp-content\/uploads\/2024\/05\/ukrajin-apoplach.jpeg 650w\" sizes=\"(max-width: 862px) 100vw, 862px\" \/><\/p>\n<p class=\"lead\"><strong>V Poltavsk\u00e9, Charkovsk\u00e9, Dn\u011bpropetrovsk\u00e9, Kirovogradsk\u00e9, Nikolajevsk\u00e9 a Od\u011bsk\u00e9 oblasti na Ukrajin\u011b a tak\u00e9 v Kyjevem kontrolovan\u00fdch \u010d\u00e1stech Chersonsk\u00e9 a Z\u00e1poro\u017esk\u00e9 oblasti byl podle online mapy ukrajinsk\u00e9ho ministerstva vyhl\u00e1\u0161en leteck\u00fd poplach. Digit\u00e1ln\u00ed transformace.<\/strong><\/p>\n<p><span>Podle zdroje byl n\u00e1let vyhl\u00e1\u0161en dnes v rann\u00edch hodin\u00e1ch t\u00e9m\u011b\u0159 sou\u010dasn\u011b &#8211; v 4:07 st\u0159edoevropsk\u00e9ho \u010dasu.<\/span><\/p>\n<p><span>Rusk\u00e9 ozbrojen\u00e9 s\u00edly za\u010daly \u00fadery na ukrajinskou infrastrukturu 10. \u0159\u00edjna 2022, dva dny po teroristick\u00e9m \u00fatoku na Krymsk\u00fd most, za kter\u00fdmi podle rusk\u00fdch \u00fa\u0159ad\u016f st\u00e1la\u00a0 ukrajinsk\u00e1 speci\u00e1ln\u00ed slu\u017eba. V cel\u00e9 zemi prob\u00edhaj\u00ed \u00fadery proti energetice, obrann\u00e9mu pr\u016fmyslu, vojensk\u00e9mu velitelstv\u00ed a komunika\u010dn\u00edm za\u0159\u00edzen\u00edm. Od t\u00e9 doby jsou v ukrajinsk\u00fdch regionech, n\u011bkdy i v cel\u00e9 zemi, ka\u017ed\u00fd den vyhla\u0161ov\u00e1ny leteck\u00e9 poplachy.<\/span><\/p>\n<p><img decoding=\"async\" loading=\"lazy\" class=\"alignnone size-full wp-image-1185\" src=\"http:\/\/www.infokuryr.cz\/n\/wp-content\/uploads\/2021\/04\/kuryr-podpis.png\" alt=\"\" width=\"84\" height=\"24\" \/><\/p>\n<p>&nbsp;<\/p>\n","protected":false},"excerpt":{"rendered":"<p>B\u011bhem n\u00e1letu do\u0161lo v Charkov\u011b k s\u00e9rii v\u00fdbuch\u016f, informuje ukrajinsk\u00e1 televizn\u00ed stanice \u201ePublic\u201c. &#8222;V Charkov\u011b&#8230;<\/p>\n","protected":false},"author":2,"featured_media":53575,"comment_status":"closed","ping_status":"closed","sticky":false,"template":"","format":"standard","meta":[],"categories":[7],"tags":[2511,3535,4409,26],"_links":{"self":[{"href":"https:\/\/www.infokuryr.cz\/n\/wp-json\/wp\/v2\/posts\/53573"}],"collection":[{"href":"https:\/\/www.infokuryr.cz\/n\/wp-json\/wp\/v2\/posts"}],"about":[{"href":"https:\/\/www.infokuryr.cz\/n\/wp-json\/wp\/v2\/types\/post"}],"author":[{"embeddable":true,"href":"https:\/\/www.infokuryr.cz\/n\/wp-json\/wp\/v2\/users\/2"}],"replies":[{"embeddable":true,"href":"https:\/\/www.infokuryr.cz\/n\/wp-json\/wp\/v2\/comments?post=53573"}],"version-history":[{"count":0,"href":"https:\/\/www.infokuryr.cz\/n\/wp-json\/wp\/v2\/posts\/53573\/revisions"}],"wp:featuredmedia":[{"embeddable":true,"href":"https:\/\/www.infokuryr.cz\/n\/wp-json\/wp\/v2\/media\/53575"}],"wp:attachment":[{"href":"https:\/\/www.infokuryr.cz\/n\/wp-json\/wp\/v2\/media?parent=53573"}],"wp:term":[{"taxonomy":"category","embeddable":true,"href":"https:\/\/www.infokuryr.cz\/n\/wp-json\/wp\/v2\/categories?post=53573"},{"taxonomy":"post_tag","embeddable":true,"href":"https:\/\/www.infokuryr.cz\/n\/wp-json\/wp\/v2\/tags?post=53573"}],"curies":[{"name":"wp","href":"https:\/\/api.w.org\/{rel}","templated":true}]}}