{"id":53572,"date":"2024-05-13T06:14:41","date_gmt":"2024-05-13T04:14:41","guid":{"rendered":"https:\/\/www.infokuryr.cz\/n\/?p=53572"},"modified":"2024-05-13T06:15:52","modified_gmt":"2024-05-13T04:15:52","slug":"michael-svatos-putin-spousti-prvni-uder-na-dolar-aneb-co-maji-spolecne","status":"publish","type":"post","link":"https:\/\/www.infokuryr.cz\/n\/2024\/05\/13\/michael-svatos-putin-spousti-prvni-uder-na-dolar-aneb-co-maji-spolecne\/","title":{"rendered":"Michael Svato\u0161: Putin spou\u0161t\u00ed prvn\u00ed \u00fader na dolar! Aneb co maj\u00ed spole\u010dn\u00e9&#8230;"},"content":{"rendered":"<div id=\"fb-root\"><\/div>\n<p><span style=\"font-size: 18pt; color: #993366;\"><strong>Putin spou\u0161t\u00ed prvn\u00ed \u00fader na dolar! Aneb co maj\u00ed spole\u010dn\u00e9: Orb\u00e1novy t\u0159e\u0161n\u011b, p\u00e1d Putinova ministra \u0160ojgu a ta\u017een\u00ed \u010desk\u00e9ho agenta Koudelky proti rusk\u00e9mu gener\u00e1lu Averjanovi. (1.d\u00edl)<\/strong><\/span><\/p>\n<p><a href=\"https:\/\/rmx.news\/china\/shifting-east-pm-orban-and-xi-announce-major-economic-agreements-between-hungary-and-china-including-massive-rail-projects\/\">V p\u00e1tek 10. kv\u011btna ozn\u00e1milo Ma\u010farsko<\/a>, \u017ee uzav\u0159elo dohodu o exportu t\u0159e\u0161n\u00ed a skotu do \u010c\u00edny.\u00a0<a href=\"https:\/\/www.seznamzpravy.cz\/clanek\/domaci-zivot-v-cesku-do-sadu-vjely-bagry-pokaci-milion-stromu-proc-jsou-ceska-jablka-na-odpis-227779\">V \u010cesku se jen v roce 2022 vyk\u00e1celo 80 hektar\u016f sad\u016f t\u0159e\u0161n\u00ed a 80 hektar\u016f sad\u016f vi\u0161n\u00ed<\/a>. 1 milion ovocn\u00fdch strom\u016f padnul v roce 2023.\u00a0<a href=\"https:\/\/www.irozhlas.cz\/zpravy-domov\/farmari-ovocne-sady-naklady-ceny-pestovani_2402041807_eza\">Dal\u0161\u00ed miliony maj\u00ed padnout letos<\/a>. 10% v\u0161ech ovocn\u00fdch strom\u016f m\u00e1 padnout k zemi, a bude h\u016f\u0159. Nejv\u00edce se k\u00e1c\u00ed \u010desk\u00e9 jablon\u011b, proto\u017ee pro \u010desk\u00e1 jablka nen\u00ed odbyt!\u00a0<a href=\"https:\/\/www.italiafruit.net\/mele-la-cina-perde-il-primato-nellexport\">Kdo jsou p\u0159itom nejv\u011bt\u0161\u00ed export\u00e9\u0159i jablek do \u010c\u00edny \u2013 Francie, USA, Chile, Polsko, Nov\u00fd Z\u00e9land a It\u00e1lie!<\/a>\u00a0Polsk\u00fd \u00fasp\u011bch na z\u00e1sobov\u00e1n\u00ed \u010c\u00edny jablky, kter\u00fd \u017e\u00e1rliv\u011b sleduj\u00ed Italov\u00e9, spo\u010d\u00edv\u00e1 ve vyk\u00e1cen\u00ed star\u00fdch strom\u016f a jejich v\u010dasn\u00fdm nahrazen\u00ed nov\u00fdmi. Italov\u00e9 \u010duchaj\u00ed velkou \u0161anci na exportu jablek do \u010c\u00edny, proto\u017ee ta se z jejich nejv\u011bt\u0161\u00edho sv\u011btov\u00e9ho export\u00e9ra st\u00e1v\u00e1 nejv\u011bt\u0161\u00edm import\u00e9rem. Jakmile se Fiala dostal do \u00fa\u0159adu, za\u010dal se chovat stejn\u011b jako legend\u00e1rn\u00ed major Terazky:<a href=\"https:\/\/nepovinna-cetba.webnode.cz\/news\/miloslav-svandrlik-cerni-baroni\/\">\u00a0Na \u010do tak\u00e9 velk\u00e9 stromy? Pop\u00edlit! V\u0161etky pop\u00edlit<\/a>! Pro\u010d se Ma\u010far\u016fm, Ital\u016fm i Francouz\u016fm vyplat\u00ed vyv\u00e1\u017eet do \u010c\u00edny t\u0159e\u0161n\u011b, vi\u0161n\u011b i jablka, kde\u017eto \u010de\u0161t\u00ed zem\u011bd\u011blci mus\u00ed sv\u00e9 sady vyk\u00e1cet? Op\u011bt d\u00edlo party \u010desk\u00fdch Tchajwanc\u016f! Obdobn\u00e9 plat\u00ed u ku\u0159at, prasat i skotu! A to je teprve za\u010d\u00e1tek fialov\u00e9 b\u00eddy, kter\u00e1 se na \u010cechy val\u00ed ze v\u0161ech stran jako morov\u00e1 pohroma. V dne\u0161n\u00ed anal\u00fdze cel\u00e9 t\u00e9ma podrobn\u011b rozebereme.<\/p>\n<p>Z\u00e1padn\u00ed ekonomika je komplikovan\u00e1, a tak\u0159ka \u017e\u00e1dn\u00fd z\u00e1padn\u00ed v\u00fdrobce dnes nen\u00ed schopen vyrobit \u017e\u00e1dn\u00fd sv\u016fj modern\u00ed v\u00fdrobek bez \u010d\u00ednsk\u00e9ho p\u0159isp\u011bn\u00ed. Naopak Rusko dnes dok\u00e1\u017ee vyr\u00e1b\u011bt cokoli s \u010d\u00ednsk\u00fdm p\u0159isp\u011bn\u00edm. Schopnost nep\u0159etr\u017eit\u011b vyr\u00e1b\u011bt kvanta pr\u016fmyslov\u00fdch v\u00fdrobk\u016f a zbran\u00ed je p\u0159itom kl\u00ed\u010dov\u00e1 pro v\u00edt\u011bzstv\u00ed ve v\u00e1lce na Ukrajin\u011b.<\/p>\n<p><a href=\"https:\/\/home.treasury.gov\/news\/press-releases\/jy2318\">1. kv\u011btna 24 Washington uvalil rozs\u00e1hl\u00e9 sankce na \u010d\u00ednsk\u00e9 z\u00e1sobov\u00e1n\u00ed rusk\u00e9ho pr\u016fmyslu a zbrojn\u00ed v\u00fdroby<\/a>. \u010cesk\u00e1 m\u00e9dia rad\u011bji rozsah sankc\u00ed p\u0159\u00edli\u0161 nekomentovala, aby fialov\u00ed voli\u010di nepropadli t\u011b\u017ek\u00e9 depresi. Minul\u00fd t\u00fdden, po p\u0159edchoz\u00edm ne\u00fasp\u011bchu americk\u00e9 dvojice Yellenov\u00e1 Blinken, kter\u00e1 se v dubnu sna\u017eila maz\u00e1n\u00edm medu kolem \u00fast i v\u00fdhru\u017ekami v Pekingu p\u0159esv\u011bd\u010dit \u010c\u00ed\u0148any, aby Rusy p\u0159estali z\u00e1sobovat, se v Pa\u0159\u00ed\u017ei p\u0159i n\u00e1v\u0161t\u011bv\u011b prezidenta Xi o tot\u00e9\u017e pokusila i evropsk\u00e1 dvojka Macron a von der Leyen. Pokus to byl marn\u00fd, a z\u0159ejm\u011b, ani nebyl my\u0161len v\u00e1\u017en\u011b.<\/p>\n<p>Macron je toti\u017e s \u010d\u00ednsk\u00fdm byznysem nav\u00fdsost spokojen, a nehodl\u00e1 ho ohro\u017eovat h\u00fdk\u00e1n\u00edm za americk\u00e9 nebo ukrajinsk\u00e9 z\u00e1jmy, jak u\u017e \u010cechy roky sadomasochisticky tr\u00e1p\u00ed profesor Fiala s pir\u00e1tsk\u00fdm el\u00e9vem Lipavsk\u00fdm.\u00a0 Vlajkov\u00e1 lo\u010f pot\u00e1p\u011bj\u00edc\u00ed se francouzsk\u00e9 ekonomiky Airbus,\u00a0<a href=\"https:\/\/www.firescalaf.cat\/2024\/05\/08\/flafca\/Lry07E8216609NmU\/\">m\u00e1 na vlastn\u00edch \u00fa\u010dtech nasysleno neuv\u011b\u0159iteln\u00fdch 8.5 miliardy EUR v hotovosti<\/a>, a pr\u00e1v\u011b spou\u0161t\u00ed druhou mont\u00e1\u017en\u00ed linku na letadla Airbus v \u010c\u00edn\u011b! K\u0159\u00eddla Airbus\u016f, kter\u00e1 se do leto\u0161n\u00edho roku komplikovan\u011b lod\u011bmi dopravovala z Francie do \u010c\u00edny, se u\u017e tak\u00e9 vyr\u00e1b\u011bj\u00ed v \u010c\u00edn\u011b.\u00a0<a href=\"http:\/\/www.china.org.cn\/china\/Off_the_Wire\/2024-05\/06\/content_117169491.htm\">Velen\u00ed Airbusu dokonce p\u0159iznalo<\/a>, \u017ee bez modern\u00edch \u010d\u00ednsk\u00fdch komponent\u016f a u\u017e nen\u00ed mo\u017en\u00e9 \u017e\u00e1dn\u00e9 Airbusy v Evrop\u011b ani vyr\u00e1b\u011bt.\u00a0<a href=\"https:\/\/www.firescalaf.cat\/2024\/05\/08\/flafca\/Lry07E8216609NmU\/\">K\u0161eft s v\u00fdrobou letadel je obrovsk\u00fd<\/a>.<\/p>\n<p>Airbus m\u00e1 8 600 nevy\u0159\u00edzen\u00fdch objedn\u00e1vek p\u0159i ro\u010dn\u00ed v\u00fdrobn\u00ed kapacit\u011b (bez nov\u00e9 \u010d\u00ednsk\u00e9 linky) 735 letadel. Boeing 5660 p\u0159i ro\u010dn\u00ed kapacit\u011b 528 letadel. Na trhu je obrovsk\u00fd prostor k r\u016fstu, a leteck\u00e9 spole\u010dnosti, kter\u00e9 budou provozovat star\u0161\u00ed letadla, proto\u017ee nov\u00e1 nebudou vyrobena, budou zat\u00ed\u017eeny vysok\u00fdmi n\u00e1klady na \u00fadr\u017ebu i na paliva. Macron \u00fazkou spoluprac\u00ed s \u010c\u00ed\u0148any v tomto vysoce ziskov\u00e9m sektoru ekonomiky, kter\u00fd vytv\u00e1\u0159\u00ed lukrativn\u00ed pracovn\u00ed m\u00edsta, (v \u010d\u00ednsk\u00e9m Airbusu 90% zam\u011bstnanc\u016f \u010c\u00ed\u0148ani, 10% Francouzi), z\u00edskal proti USA komparativn\u00ed v\u00fdhodu, a aby ji z\u00edskal, nev\u00e1hal nechat p\u0159esunout \u010d\u00e1st v\u00fdvoje (!) Airbus\u016f do \u010c\u00edny. Zisky Francie a N\u011bmecka, kter\u00e9 jsou hlavn\u00edmi v\u00fdrobn\u00edmi z\u00e1kladnami Airbusu i akcion\u00e1\u0159i, jsou tak p\u0159edn\u011bj\u0161\u00ed, ne\u017e h\u00fdk\u00e1n\u00ed za USA a Ukrajinu, jasn\u011b uk\u00e1zaly minul\u00fd t\u00fdden jedn\u00e1n\u00ed v Pa\u0159\u00ed\u017ei mezi Macronem, von der Leyen a prezidentem Xi.<\/p>\n<p><a href=\"https:\/\/stranapro.cz\/\"><img decoding=\"async\" loading=\"lazy\" class=\"alignnone wp-image-40285 aligncenter\" src=\"http:\/\/www.infokuryr.cz\/n\/wp-content\/uploads\/2023\/11\/11pro-300x79.png\" alt=\"\" width=\"543\" height=\"143\" srcset=\"https:\/\/www.infokuryr.cz\/n\/wp-content\/uploads\/2023\/11\/11pro-300x79.png 300w, https:\/\/www.infokuryr.cz\/n\/wp-content\/uploads\/2023\/11\/11pro.png 363w\" sizes=\"(max-width: 543px) 100vw, 543px\" \/><\/a><\/p>\n<p>Komparativn\u00ed srovn\u00e1n\u00ed hospod\u00e1\u0159sk\u00e9 politiky Fialy a Orb\u00e1na vykazuje d\u011bsiv\u00e9 varov\u00e1n\u00ed pro \u010cechy a jejich budoucnost. Victor Orb\u00e1n hostil p\u0159ed p\u00e1r dny \u010d\u00ednsk\u00e9ho prezidenta Xi, podobn\u011b jak ho hostil prezident Zeman v minulosti. Jednou z mnoha investi\u010dn\u00edch smluv, kter\u00e9 oba st\u00e1tn\u00edci minul\u00fd t\u00fdden v Budape\u0161ti podepsali, je i smlouva na rozvoj leti\u0161t\u011b Ference Liszta. Budape\u0161\u0165sk\u00e9 leti\u0161t\u011b tak m\u00e1 brzy ro\u010dn\u011b vyn\u00e1\u0161et 2.6 miliardy CZK ma\u010farsk\u00e9mu HDP. P\u0159epo\u010dteno na mal\u00fd po\u010det zam\u011bstnanc\u016f leti\u0161t\u011b jde o lukrativn\u00ed sektor ekonomiky.\u00a0<a href=\"https:\/\/rmx.news\/china\/shifting-east-pm-orban-and-xi-announce-major-economic-agreements-between-hungary-and-china-including-massive-rail-projects\/\">Leti\u0161t\u011b Ference Liszta bude spojeno s m\u011bstem \u010d\u00ednskou rychlodr\u00e1hou<\/a>, a ta bude p\u0159\u00edmo napojena na modern\u00ed \u010d\u00ednsk\u00e9 \u017eeleznice, kter\u00e9 budou nov\u011b spojovat velk\u00e1 ma\u010farsk\u00e1 m\u011bsta s Budape\u0161t\u00ed, a kter\u00e9 okolo n\u00ed vytvo\u0159\u00ed rychlostn\u00ed \u017eelezni\u010dn\u00ed obchvat.\u00a0<a href=\"https:\/\/cc.cz\/letiste-praha-pocita-ze-prvni-vlak-privita-v-roce-2030-bude-jezdit-z-masarycky-i-hlavniho-nadrazi\/\">V Praze se do\u010dk\u00e1me d\u00edky tchajwansk\u00e9mu pir\u00e1tovi H\u0159\u00edbovi spojen\u00ed leti\u0161t\u011b Havla s centrem m\u011bsta jak\u00fdmisi p\u0159estupn\u00edmi vlaky v roce 2030 mo\u017en\u00e1<\/a>. Pouh\u00e9 srovn\u00e1n\u00ed v\u00fdvoje po\u010dt\u016f pasa\u017e\u00e9ru leti\u0161\u0165 Havla a Liszta za posledn\u00ed roky kr\u00e1sn\u011b ukazuje, kam proti\u010d\u00ednsk\u00e9 h\u00fdk\u00e1n\u00ed Pir\u00e1ta Lipavsk\u00e9ho vede:<\/p>\n<ul>\n<li>2015 po\u010det pasa\u017e\u00e9r\u016f\u00a0 \u00a0 \u00a0 \u00a0Leti\u0161t\u011b Havla\u00a0 \u00a0 \u00a0<a href=\"https:\/\/www.statista.com\/statistics\/738854\/prague-airport-passenger-numbers\/\">12 milion\u016f<\/a>\u00a0 \u00a0 \u00a0Leti\u0161t\u011b Liszta\u00a0 \u00a0\u00a0<a href=\"https:\/\/www.statista.com\/statistics\/1260451\/hungary-passenger-traffic-at-budapest-ferenc-liszt-international-airport\/\">10 milion\u016f<\/a><\/li>\n<li>2019 p\u0159ed Covid max\u00a0 \u00a0 \u00a0 Leti\u0161t\u011b Havla\u00a0 \u00a0 \u00a018 milion\u016f\u00a0 \u00a0 \u00a0Leti\u0161t\u011b Liszta\u00a0 \u00a0 16 milion\u016f<\/li>\n<li>2023 po\u010det pasa\u017e\u00e9r\u016f\u00a0 \u00a0 \u00a0 \u00a0Leti\u0161t\u011b Havla\u00a0 \u00a0 \u00a0<a href=\"https:\/\/english.radio.cz\/prague-airport-records-growing-number-passengers-8806004\">14 milion\u016f<\/a>\u00a0 \u00a0 \u00a0Leti\u0161t\u011b Liszta\u00a0 \u00a0\u00a0<a href=\"https:\/\/www.bud.hu\/en\/budapest_airport\/media\/news\/actual_press_releases\/airport_bulletin_16_february_2024.html\">15 milion\u016f<\/a><\/li>\n<\/ul>\n<p><a href=\"https:\/\/rmx.news\/china\/shifting-east-pm-orban-and-xi-announce-major-economic-agreements-between-hungary-and-china-including-massive-rail-projects\/\">\u010c\u00ednsko-ma\u010farsk\u00e1 ujedn\u00e1n\u00ed maj\u00ed za c\u00edl vytvo\u0159it z Budape\u0161ti leti\u0161t\u011b sv\u011btov\u00e9ho v\u00fdznamu<\/a>. U\u017e te\u010f je Ferenc Lizst propojen p\u0159\u00edm\u00fdmi leteck\u00fdmi spoji se 7 \u010d\u00ednsk\u00fdmi m\u011bsty, a tento po\u010det spoj\u016f m\u00e1 d\u00e1le r\u016fst. Leti\u0161t\u011b Ference Liszta se m\u00e1 st\u00e1t jednou z hlavn\u00edch bran \u010d\u00ednsk\u00fdch turist\u016f i zbo\u017e\u00ed do Evropy.\u00a0<a href=\"https:\/\/rmx.news\/china\/shifting-east-pm-orban-and-xi-announce-major-economic-agreements-between-hungary-and-china-including-massive-rail-projects\/\">Ma\u010farsko se tak m\u00e1 rychle st\u00e1t hlavn\u00ed hub pro redistribuci \u010d\u00ednsk\u00e9ho zbo\u017e\u00ed dopravovan\u00e9ho do Evropy letadly a \u017eeleznicemi, a z\u00e1rove\u0148 hlavn\u00ed hub pro v\u00fdpravu evropsk\u00e9ho zbo\u017e\u00ed a odbaven\u00ed cestovatel\u016f opa\u010dn\u00fdm sm\u011brem<\/a>. Pomineme-li, \u017ee \u017eelezni\u010dn\u00ed doprava je nejekologi\u010dt\u011bj\u0161\u00ed, cel\u00fd hub vytvo\u0159\u00ed desetitis\u00edce pracovn\u00edch p\u0159\u00edle\u017eitost\u00ed, kter\u00e9 de facto budou financovat \u010d\u00edn\u0161t\u00ed a evrop\u0161t\u00ed spot\u0159ebitel\u00e9, pr\u016fmysln\u00edci a cestovatel\u00e9. Pro Ma\u010farsko \u010dist\u00fd ekonomick\u00fd p\u0159\u00edjem, podobn\u00fd jak\u00fd vytv\u00e1\u0159\u00ed Amsterodam pro Holandsko,\u00a0 Antverpy pro Belgii, a Hamburg pro N\u011bmecko, jen bez p\u0159\u00edstavu, pouze s leti\u0161t\u011bm, \u017eeleznic\u00ed a d\u00e1lnicemi. Pokud zalov\u00edme v historii, snadno zjist\u00edme, \u017ee p\u016fvodn\u00edm pl\u00e1nem \u010c\u00ed\u0148an\u016f, bylo po n\u00e1v\u0161t\u011bv\u011b Xi u Zemana vybudovat tento leti\u0161tn\u00ed uzel v Praze.\u00a0<a href=\"https:\/\/ct24.ceskatelevize.cz\/clanek\/ekonomika\/letiste-praha-si-pujci-vic-penez-nez-planovalo-chce-stavet-ranvej-196568\">Dokonce se u\u017e za\u010dalo i jednat<\/a>. Le\u010d pak Lipavsk\u00fd a dal\u0161\u00ed Fialov\u00ed zah\u00fdkali do boje proti \u010c\u00edn\u011b, zrodila se Vystr\u010dilova parta \u010desk\u00fdch Tchajwanc\u016f, a k\u0161efty i pracovn\u00ed m\u00edsta n\u00e1m snadno vyfoukli N\u011bmci, Ma\u010fa\u0159i, Italov\u00e9, Holan\u010fan\u00e9 a dal\u0161\u00ed pragmati\u010dt\u011bj\u0161\u00ed n\u00e1rody z\u00e1padn\u00ed EU.<\/p>\n<p>Kam m\u00ed\u0159\u00ed Putin dal\u0161\u00ed v\u00fdvoj Ruska je p\u0159itom po v\u010derej\u0161\u00edm p\u0159em\u00edst\u011bn\u00ed ministra \u0160ojgu na novou pozici jasn\u011bj\u0161\u00ed ne\u017e facka. Ekonomika v\u00e1lky je ne\u00faprosn\u00e1, a Putin to v\u00ed. Je proto t\u0159eba, zjednodu\u0161en\u011b \u0159e\u010deno, okam\u017eit\u011b zefektivnit pom\u011br n\u00e1klad\u016f na produkci zbran\u00ed a munice a dosa\u017een\u00fd v\u00fdsledek v po\u010dtu pozab\u00edjen\u00fdch Ukrajinc\u016f.\u00a0<a href=\"https:\/\/www.kp.ru\/daily\/27604.5\/4930524\/\">Rusk\u00e9 v\u00fddaje na zbrojen\u00ed a v\u00e1lku dnes dosahuj\u00ed\u00a0 6.7% HDP a maj\u00ed se zv\u00fd\u0161it na 7.4%<\/a>. Putin, zn\u00e1m\u00fd znalec historie, se pou\u010dil z Velk\u00e9 vlasteneck\u00e9 v\u00e1lky, a pochopil, \u017ee je t\u0159eba op\u011bt vyr\u00e1b\u011bt pouze nejefektivn\u011bj\u0161\u00ed zbran\u011b. A proto dosadil do funkce ministra obrany Andreje Removi\u010de Belousova. (Jde o v\u00fdznamn\u00e9ho a schopn\u00e9ho ekonoma, jeho otec je pova\u017eov\u00e1n za jednoho z tv\u016frc\u016f tzv.\u00a0<a href=\"https:\/\/ru.wikipedia.org\/wiki\/%D0%AD%D0%BA%D0%BE%D0%BD%D0%BE%D0%BC%D0%B8%D1%87%D0%B5%D1%81%D0%BA%D0%B0%D1%8F_%D1%80%D0%B5%D1%84%D0%BE%D1%80%D0%BC%D0%B0_1965_%D0%B3%D0%BE%D0%B4%D0%B0_%D0%B2_%D0%A1%D0%A1%D0%A1%D0%A0\">Kosyginovy ekonomick\u00e9 reformy<\/a>, kter\u00e1 p\u0159ivedla SSSR do f\u00e1ze jeho nejrychlej\u0161\u00edho ekonomick\u00e9ho r\u016fstu, ale byla po Pra\u017esk\u00e9m jaru 68, rad\u011bji brut\u00e1ln\u011b revidov\u00e1na.)<\/p>\n<p><a href=\"https:\/\/stranapro.cz\/\"><img decoding=\"async\" loading=\"lazy\" class=\"wp-image-53371 aligncenter\" src=\"http:\/\/www.infokuryr.cz\/n\/wp-content\/uploads\/2024\/05\/pro-6-volby-300x169.jpg\" alt=\"\" width=\"625\" height=\"352\" srcset=\"https:\/\/www.infokuryr.cz\/n\/wp-content\/uploads\/2024\/05\/pro-6-volby-300x169.jpg 300w, https:\/\/www.infokuryr.cz\/n\/wp-content\/uploads\/2024\/05\/pro-6-volby-768x431.jpg 768w, https:\/\/www.infokuryr.cz\/n\/wp-content\/uploads\/2024\/05\/pro-6-volby.jpg 785w\" sizes=\"(max-width: 625px) 100vw, 625px\" \/><\/a><\/p>\n<p>Belousov se na porad\u00e1ch s Putinem nikdy netajil, (<a href=\"https:\/\/t.me\/rybar\/60007\">video z porady<\/a>), jak\u00e9 probl\u00e9my rusk\u00fd zbrojn\u00ed pr\u016fmysl t\u00ed\u017e\u00ed, a byl v\u017edy velk\u00fdm propag\u00e1torem vysoce efektivn\u00edch dron\u016f a p\u0159esn\u00fdch zbran\u00ed obecn\u011b. Lze tak vyvozovat, \u017ee se Rusko pod jeho \u0159\u00edzen\u00edm soust\u0159ed\u00ed v\u00fdrazn\u011b na v\u00fdrobu dron\u016f a zbran\u00ed p\u0159esn\u00e9ho ni\u010den\u00ed. Na likvidaci jednoho voj\u00e1ka klasick\u00fdmi prost\u0159edky d\u011blost\u0159electva je t\u0159eba stovek gran\u00e1t\u016f. To p\u0159edstavuje stovky kilogram\u016f v\u00fdbu\u0161nin a kov\u016f, a pot\u0159ebuje obrovsk\u00e9 mno\u017estv\u00ed d\u011bl. P\u0159esn\u00e1 nav\u00e1d\u011bn\u00e1 st\u0159ela vyp\u00e1len\u00e1 d\u011blem je zase astronomicky n\u00e1ro\u010dn\u00e1 na p\u0159esnost v\u00fdroby, proto\u017ee mus\u00ed odolat obrovsk\u00fdm tlak\u016fm a p\u0159et\u00ed\u017een\u00ed, kter\u00e9 se v hlavni po v\u00fdst\u0159elu vytvo\u0159\u00ed. Dron a p\u0159esn\u00e1 raketa maj\u00ed v\u00fdhody v p\u0159esnosti z\u00e1sahu i v jednodu\u0161\u0161\u00edm procesu v\u00fdroby, a nepot\u0159ebuj\u00ed v\u00fdrobn\u011b a technologicky n\u00e1ro\u010dn\u00e9 hlavn\u011b. Ekonomika ni\u010den\u00ed se mus\u00ed p\u0159esunout od d\u011bl k dron\u016fm a raket\u00e1m, a\u00a0<a href=\"https:\/\/ru.wikipedia.org\/wiki\/%D0%91%D0%B5%D0%BB%D0%BE%D1%83%D1%81%D0%BE%D0%B2,_%D0%90%D0%BD%D0%B4%D1%80%D0%B5%D0%B9_%D0%A0%D1%8D%D0%BC%D0%BE%D0%B2%D0%B8%D1%87\">Belousov jako ekonom<\/a>\u00a0m\u00e1 kariern\u00ed p\u0159edpoklady cel\u00fd syst\u00e9m rusk\u00e9ho v\u00e1le\u010dn\u00e9ho z\u00e1sobov\u00e1n\u00ed a vyzbrojov\u00e1n\u00ed zefektivnit.<\/p>\n<p>Pro p\u0159edstavu.\u00a0<a href=\"https:\/\/ru.wikipedia.org\/wiki\/2%D0%A119\">Rusk\u00fd gran\u00e1t 152 v\u00e1\u017e\u00ed 44 kg a k jeho vyst\u0159elen\u00ed je t\u0159eba pr\u016fm\u011brn\u011b 8kg n\u00e1lo\u017ee<\/a>. Ro\u010dn\u00ed salva Ruska proti Ukrajin\u011b m\u00e1 hodnotu 3 miliony gran\u00e1t\u016f. To dohromady p\u0159edstavuje 156 000 tun kov\u016f, chemik\u00e1li\u00ed a st\u0159eln\u00e9ho prachu. Na v\u00fdrobu je t\u0159eba des\u00edtek tis\u00edc zam\u011bstnanc\u016f a na distribuci na boji\u0161t\u011b desetitis\u00edce vlak\u016f a n\u00e1kladn\u00edch vozidel. P\u0159esn\u00e9 gran\u00e1ty, drony a rakety jsou ale tis\u00edckr\u00e1t \u00fa\u010dinn\u011bj\u0161\u00ed ne\u017e klasick\u00e9 gran\u00e1ty a ke stejn\u00e9mu v\u00fdsledn\u00e9mu po\u010dtu zlikvidovan\u00fdch Ukrajinc\u016f tak sta\u010d\u00ed jen stovky tun surovin a mnohem m\u00e9n\u011b zam\u011bstnanc\u016f i p\u0159epravc\u016f. Jedin\u00e9, co pot\u0159ebujete nav\u00edc, jsou modern\u00ed elektronika, senzory, \u010dipy a \u010didla. Podle hl\u00e1\u0161en\u00ed B\u011blousova Putinovi je Rusko zna\u010dn\u011b z\u00e1visl\u00e9 na jejich dovozu.<\/p>\n<p>Podle seznamu sankc\u00ed USA z 1. kv\u011btna 24 jsou hlavn\u00edmi dodavateli t\u00e9to elektroniky \u010d\u00ednsk\u00e9 firmy.\u00a0<a href=\"https:\/\/home.treasury.gov\/news\/press-releases\/jy2318\">Seznam z 1. kv\u011btna 24 prokazuje<\/a>, \u017ee Yellenov\u00e1 ani Blinken v dubnu v Pekingu \u010c\u00ednu nezastra\u0161ili, ani neuplatili. Jedn\u00e1n\u00ed Leyen, Macrona a Xi v Pa\u0159\u00ed\u017ei se konala a\u017e po zve\u0159ejn\u011bn\u00ed sankc\u00ed, a tak jen potvrdila, \u017ee Z\u00e1padn\u00edm Eurokrat\u016fm \u0161lo p\u0159i jedn\u00e1n\u00edch o zastaven\u00ed \u010d\u00ednsk\u00e9 v\u00e1le\u010dn\u00e9 pomoci Rusku pouze o r\u00e9torick\u00e9 cvi\u010den\u00ed, kter\u00e9 m\u011bla z\u00e1padn\u00ed m\u00e9dia distribuovat fialov\u00fdm voli\u010d\u016fm, aby nepropadali skepsi. Putinovo jmenov\u00e1n\u00ed Belousova je potom logick\u00fdm vy\u00fast\u011bn\u00edm odm\u00edtnut\u00ed Xi omezit podporu Rusku, a m\u00e1 pouze dosadit do \u0159\u00edzen\u00ed ministerstva obrany ekonoma, kter\u00fd\u00a0<a href=\"https:\/\/cs.wikipedia.org\/wiki\/Dmitrij_Fjodorovi%C4%8D_Ustinov\">podobn\u011b jako Ustinov za Velk\u00e9 vlasteneck\u00e9 v\u00e1lky<\/a>\u00a0provede pat\u0159i\u010dnou v\u00fdrobn\u00ed reorganizaci a zefektivn\u011bn\u00ed produkce p\u0159esn\u00fdch ni\u010div\u00fdch zbran\u00ed. Putin tedy ji\u017e v\u00ed, \u017ee na \u010d\u00ednsk\u00e9 dod\u00e1vky se m\u016f\u017ee spolehnout.<\/p>\n<p><a href=\"https:\/\/www.kp.ru\/daily\/27604.5\/4930524\/\">P\u0159esun \u0160ojgu do vlivn\u00e9 pozice tajemn\u00edka Rady bezpe\u010dnosti Ruska<\/a>\u00a0na m\u00edsto Patru\u0161eva, kter\u00fd bude pov\u011b\u0159en jin\u00fdmi \u00fakoly, je spojen s p\u0159esunem Komise pro vojensko-pr\u016fmyslov\u00fd komplex Ruska z ministerstva obrany pod Radu bezpe\u010dnosti. \u0160ojgu tak bude nad\u00e1le \u0159e\u0161it v\u00fdrobn\u00ed \u00fakoly rusk\u00e9ho zbrojn\u00edho pr\u016fmyslu a kontrolovat pln\u011bn\u00ed \u00fakol\u016f, kde\u017eto Belousov bude objednavatelem v\u00fdrobk\u016f, hlavn\u011b dron\u016f a p\u0159esn\u00fdch zbran\u00ed, a bude kontrolovat finan\u010dn\u00ed efektivitu objedn\u00e1vek. To pro Ukrajinu ani NATO nev\u011bst\u00ed nic pozitivn\u00edho, proto\u017ee rusk\u00e1 zbrojn\u00ed v\u00fdroba p\u0159ejde s \u010d\u00ednskou podporou\u00a0 k masov\u00e9 produkci p\u0159esn\u00fdch zbran\u00ed za \u201c\u010d\u00ednsk\u00e9 ceny\u201d.<\/p>\n<p><a href=\"https:\/\/www.michalapetr.com\/map-1630-nato-priznalo-ze-uz-nema-ani-strelny-prach-pristi-tri-roky-tak-ma-kyjev-bojovat-na-bodaky\/\">Jak jsme varovali u\u017e v b\u0159eznu 2023<\/a>, zem\u00edm NATO i Ukrajin\u011b letos doch\u00e1z\u00ed munice, a jej\u00ed v\u00fdrobu se neda\u0159\u00ed nastartovat.\u00a0<a href=\"https:\/\/www.michalapetr.com\/map-1931-neuralgicky-bod-cele-nato-pravdepodobny-cil-prvniho-ruskeho-raketoveho-odstrasujiciho-jaderneho-uderu-je-v-cr-tady-prestava-sranda-zvlast-kdyz-cernochova-kasle-na-protiraketovou-obranu\/\">Evrop\u011b toti\u017e nal\u00e9hav\u011b chyb\u00ed st\u0159eln\u00fd prach a nitrocelul\u00f3za, a \u010c\u00ed\u0148an\u00e9 i Tchajwanci sv\u016fj export loni p\u0159esm\u011brovali z EU rad\u011bji do Ruska.<\/a>\u00a0\u017de tomu\u00a0<a href=\"https:\/\/home.treasury.gov\/news\/press-releases\/jy2318\">tak je i nad\u00e1le se m\u016f\u017eete do\u010d\u00edst v seznamu sankc\u00ed z 1. kv\u011btna<\/a>.<\/p>\n<p>Putin v\u0161ak m\u00ed\u0159\u00ed daleko v\u00fd\u0161, ne\u017e na Ukrajinu\u2026..<\/p>\n<p>(2. d\u00edl z\u00edtra, dnes jsem se d\u00e1l nedostal, d\u011bkuji za pochopen\u00ed.)<\/p>\n<p><a href=\"https:\/\/www.michalapetr.com\/map-1991-putin-spousti-prvni-uder-na-dolar-aneb-co-maji-spolecne-orbanovy-tresne-pad-putinova-ministra-sojgu-a-tazeni-ceskeho-agenta-koudelky-proti-ruskemu-generalu-averjanovi-1-dil\/\">Michael Svato\u0161<\/a><\/p>\n<p><img decoding=\"async\" loading=\"lazy\" class=\"alignnone size-full wp-image-27204\" src=\"http:\/\/www.infokuryr.cz\/n\/wp-content\/uploads\/2023\/05\/Michael_Svatos.png\" alt=\"\" width=\"180\" height=\"180\" srcset=\"https:\/\/www.infokuryr.cz\/n\/wp-content\/uploads\/2023\/05\/Michael_Svatos.png 180w, https:\/\/www.infokuryr.cz\/n\/wp-content\/uploads\/2023\/05\/Michael_Svatos-150x150.png 150w\" sizes=\"(max-width: 180px) 100vw, 180px\" \/><\/p>\n<p>&nbsp;<\/p>\n","protected":false},"excerpt":{"rendered":"<p>Putin spou\u0161t\u00ed prvn\u00ed \u00fader na dolar! Aneb co maj\u00ed spole\u010dn\u00e9: Orb\u00e1novy t\u0159e\u0161n\u011b, p\u00e1d Putinova ministra&#8230;<\/p>\n","protected":false},"author":2,"featured_media":27458,"comment_status":"closed","ping_status":"closed","sticky":false,"template":"","format":"standard","meta":[],"categories":[6],"tags":[1042,146,1324,59,187,102,723],"_links":{"self":[{"href":"https:\/\/www.infokuryr.cz\/n\/wp-json\/wp\/v2\/posts\/53572"}],"collection":[{"href":"https:\/\/www.infokuryr.cz\/n\/wp-json\/wp\/v2\/posts"}],"about":[{"href":"https:\/\/www.infokuryr.cz\/n\/wp-json\/wp\/v2\/types\/post"}],"author":[{"embeddable":true,"href":"https:\/\/www.infokuryr.cz\/n\/wp-json\/wp\/v2\/users\/2"}],"replies":[{"embeddable":true,"href":"https:\/\/www.infokuryr.cz\/n\/wp-json\/wp\/v2\/comments?post=53572"}],"version-history":[{"count":0,"href":"https:\/\/www.infokuryr.cz\/n\/wp-json\/wp\/v2\/posts\/53572\/revisions"}],"wp:featuredmedia":[{"embeddable":true,"href":"https:\/\/www.infokuryr.cz\/n\/wp-json\/wp\/v2\/media\/27458"}],"wp:attachment":[{"href":"https:\/\/www.infokuryr.cz\/n\/wp-json\/wp\/v2\/media?parent=53572"}],"wp:term":[{"taxonomy":"category","embeddable":true,"href":"https:\/\/www.infokuryr.cz\/n\/wp-json\/wp\/v2\/categories?post=53572"},{"taxonomy":"post_tag","embeddable":true,"href":"https:\/\/www.infokuryr.cz\/n\/wp-json\/wp\/v2\/tags?post=53572"}],"curies":[{"name":"wp","href":"https:\/\/api.w.org\/{rel}","templated":true}]}}