{"id":53570,"date":"2024-05-13T05:40:12","date_gmt":"2024-05-13T03:40:12","guid":{"rendered":"https:\/\/www.infokuryr.cz\/n\/?p=53570"},"modified":"2024-05-13T05:40:12","modified_gmt":"2024-05-13T03:40:12","slug":"americky-hnus-senator-ussa-vyzyva-izrael-aby-bombardoval-gazu-jako-hirosimu","status":"publish","type":"post","link":"https:\/\/www.infokuryr.cz\/n\/2024\/05\/13\/americky-hnus-senator-ussa-vyzyva-izrael-aby-bombardoval-gazu-jako-hirosimu\/","title":{"rendered":"Americk\u00fd hnus: Sen\u00e1tor USSA vyz\u00fdv\u00e1 Izrael, aby bombardoval Gazu jako Hiro\u0161imu"},"content":{"rendered":"<div id=\"fb-root\"><\/div>\n<p><span style=\"font-size: 18pt;\"><strong>Lindsey Grahamov\u00e1 \u0159\u00edk\u00e1 Z\u00e1padn\u00edmu Jeruzal\u00e9m\u011b, aby ud\u011blal \u201ecokoli\u201c, co je pot\u0159eba ke zni\u010den\u00ed Hamasu<\/strong><\/span><\/p>\n<p><span>Izrael mus\u00ed ud\u011blat v\u0161e, co je t\u0159eba ud\u011blat, aby vyhr\u00e1l svou\u00a0<\/span><em><span>\u201eexistenci\u00e1ln\u00ed\u201c<\/span><\/em><span>\u00a0\u00a0v\u00e1lku s Hamasem, stejn\u011b jako Spojen\u00e9 st\u00e1ty byly\u00a0<\/span><em><span>\u201e<\/span><span>\u00a0opr\u00e1vn\u011bn\u00e9\u00a0<\/span><span>\u201c<\/span><\/em><span>\u00a0\u00a0ignorovat civiln\u00ed ob\u011bti, kdy\u017e b\u011bhem druh\u00e9 sv\u011btov\u00e9 v\u00e1lky shodily jadern\u00e9 bomby na japonsk\u00e1 m\u011bsta Hiro\u0161ima a Nagasaki, sen\u00e1tor Lindsey Graham (R-South Carolina) tvrdil.<\/span><\/p>\n<p><span>Izraelsk\u00e1 arm\u00e1da \u010del\u00ed zv\u00fd\u0161en\u00e9 mezin\u00e1rodn\u00ed kontrole, proto\u017ee jej\u00ed vojensk\u00e1 operace v Gaze vstupuje do osm\u00e9ho m\u011bs\u00edce a vy\u017e\u00e1dala si \u017eivoty v\u00edce ne\u017e 34 000 Palestinc\u016f. Graham v\u0161ak v ned\u011bln\u00edm rozhovoru pro NBC News\u00a0<\/span><a href=\"https:\/\/www.nbcnews.com\/politics\/politics-news\/sen-lindsey-graham-says-israel-whatever-comparing-war-gaza-hiroshima-n-rcna151828\" target=\"_blank\" rel=\"noopener noreferrer\"><span>tvrdil<\/span><\/a><span>\u00a0, \u017ee za v\u011bt\u0161inu civiln\u00edch ob\u011bt\u00ed nese vinu Hamas, a nal\u00e9hal na Izrael, aby pokra\u010doval v boji, dokud nebude dosa\u017eeno rozhoduj\u00edc\u00edho v\u00edt\u011bzstv\u00ed, bez ohledu na cenu.<\/span><\/p>\n<p><em><span>&#8222;Kdy\u017e jsme jako n\u00e1rod po Pearl Harboru \u010delili zni\u010den\u00ed, bojovali jsme proti N\u011bmc\u016fm a Japonc\u016fm, rozhodli jsme se ukon\u010dit v\u00e1lku bombardov\u00e1n\u00edm Hiro\u0161imy v Nagasaki jadern\u00fdmi zbran\u011bmi,&#8220;<\/span><\/em><span>\u00a0uvedl Graham.<\/span><\/p>\n<p><em><span>&#8222;Tak\u017ee, Izraeli, ud\u011blej v\u0161e, co mus\u00ed\u0161 ud\u011blat, abys p\u0159e\u017eil jako \u017eidovsk\u00fd st\u00e1t.&#8220; Cokoli mus\u00edte ud\u011blat,\u201c<\/span><\/em><span>\u00a0dodal.<\/span><\/p>\n<p><span>Zat\u00edmco Graham nevyzval k pou\u017eit\u00ed skute\u010dn\u00fdch jadern\u00fdch zbran\u00ed v Gaze, u\u010dinil podobn\u00e9 kontroverzn\u00ed srovn\u00e1n\u00ed b\u011bhem sly\u0161en\u00ed podv\u00fdboru po\u010d\u00e1tkem t\u00fddne, p\u0159i\u010dem\u017e izraelskou v\u00e1lku s Hamasem ozna\u010dil za\u00a0<\/span><em><span>\u201eHiro\u0161imu a Nagasaki na steroidech\u201c.<\/span><\/em><\/p>\n<p><span>B\u00edl\u00fd d\u016fm ned\u00e1vno pozastavil dod\u00e1vky n\u011bkter\u00fdch bomb s v\u011bt\u0161\u00edm n\u00e1kladem, kter\u00e9 by Izrael mohl pou\u017e\u00edt p\u0159i sv\u00e9 nov\u00e9 ofenziv\u011b ve m\u011bst\u011b Rafah na jihu Gazy, co\u017e pobou\u0159ilo oddan\u00e9 zast\u00e1nce z\u00e1padn\u00edho Jeruzal\u00e9ma.<\/span><\/p>\n<p><em><span>&#8222;Dejte Izraeli bomby, kter\u00e9 pot\u0159ebuje k ukon\u010den\u00ed v\u00e1lky, kterou si nemohou dovolit prohr\u00e1t, a pracujte s nimi na minimalizaci ztr\u00e1t,&#8220;<\/span><\/em><span>\u00a0\u0159ekl Graham.<\/span><\/p>\n<p><span>Washington uznal sv\u00e9\u00a0<\/span><em><span>\u201eod\u016fvodn\u011bn\u00e9\u201c<\/span><\/em><span>\u00a0obavy, \u017ee Izraelsk\u00e9 obrann\u00e9 s\u00edly (IDF) mohly p\u0159i pou\u017eit\u00ed americk\u00fdch zbran\u00ed poru\u0161it mezin\u00e1rodn\u00ed humanit\u00e1rn\u00ed pr\u00e1vo, ale nov\u00e1 zpr\u00e1va americk\u00e9ho ministerstva zahrani\u010d\u00ed neuvedla \u017e\u00e1dn\u00e1 konkr\u00e9tn\u00ed poru\u0161en\u00ed. Ministr zahrani\u010d\u00ed Antony Blinken v ned\u011bli p\u0159ipustil, \u017ee Izrael nedok\u00e1zal uk\u00e1zat \u017e\u00e1dn\u00fd\u00a0<\/span><em><span>\u201ev\u011brohodn\u00fd pl\u00e1n\u201c,<\/span><\/em><span>\u00a0jak dostat civilisty z cesty.<\/span><\/p>\n<p><span>Prezident Joe Biden sl\u00edbil, \u017ee nepodpo\u0159\u00ed\u00a0<\/span><em><span>\u201evelkou\u201c<\/span><\/em><span>\u00a0vojenskou operaci v Rafahu s americk\u00fdmi zbran\u011bmi, ale nazna\u010dil, \u017ee izraelsk\u00e1\u00a0<\/span><em><span>\u201eomezen\u00e1\u201c<\/span><\/em><span>\u00a0invaze mus\u00ed je\u0161t\u011b p\u0159ekro\u010dit \u010dervenou linii Washingtonu. V p\u00e1tek izraelsk\u00fd v\u00e1le\u010dn\u00fd kabinet schv\u00e1lil\u00a0<\/span><em><span>\u201eodm\u011b\u0159en\u00e9 roz\u0161\u00ed\u0159en\u00ed\u201c<\/span><\/em><span>\u00a0pozemn\u00ed operace v Rafahu, p\u0159i\u010dem\u017e premi\u00e9r Benjamin Netanjahu se zav\u00e1zal pokra\u010dovat ve vojensk\u00e9 kampani a\u00a0<\/span><em><span>\u201ebojovat nehty\u201c<\/span><\/em><span>\u00a0i bez americk\u00fdch zbran\u00ed.<\/span><\/p>\n<p><img decoding=\"async\" loading=\"lazy\" class=\"alignnone size-full wp-image-1185\" src=\"http:\/\/www.infokuryr.cz\/n\/wp-content\/uploads\/2021\/04\/kuryr-podpis.png\" alt=\"\" width=\"84\" height=\"24\" \/><\/p>\n<p>&nbsp;<\/p>\n","protected":false},"excerpt":{"rendered":"<p>Lindsey Grahamov\u00e1 \u0159\u00edk\u00e1 Z\u00e1padn\u00edmu Jeruzal\u00e9m\u011b, aby ud\u011blal \u201ecokoli\u201c, co je pot\u0159eba ke zni\u010den\u00ed Hamasu Izrael&#8230;<\/p>\n","protected":false},"author":2,"featured_media":53571,"comment_status":"closed","ping_status":"closed","sticky":false,"template":"","format":"standard","meta":[],"categories":[7],"tags":[1128,348,107,451,37,538],"_links":{"self":[{"href":"https:\/\/www.infokuryr.cz\/n\/wp-json\/wp\/v2\/posts\/53570"}],"collection":[{"href":"https:\/\/www.infokuryr.cz\/n\/wp-json\/wp\/v2\/posts"}],"about":[{"href":"https:\/\/www.infokuryr.cz\/n\/wp-json\/wp\/v2\/types\/post"}],"author":[{"embeddable":true,"href":"https:\/\/www.infokuryr.cz\/n\/wp-json\/wp\/v2\/users\/2"}],"replies":[{"embeddable":true,"href":"https:\/\/www.infokuryr.cz\/n\/wp-json\/wp\/v2\/comments?post=53570"}],"version-history":[{"count":0,"href":"https:\/\/www.infokuryr.cz\/n\/wp-json\/wp\/v2\/posts\/53570\/revisions"}],"wp:featuredmedia":[{"embeddable":true,"href":"https:\/\/www.infokuryr.cz\/n\/wp-json\/wp\/v2\/media\/53571"}],"wp:attachment":[{"href":"https:\/\/www.infokuryr.cz\/n\/wp-json\/wp\/v2\/media?parent=53570"}],"wp:term":[{"taxonomy":"category","embeddable":true,"href":"https:\/\/www.infokuryr.cz\/n\/wp-json\/wp\/v2\/categories?post=53570"},{"taxonomy":"post_tag","embeddable":true,"href":"https:\/\/www.infokuryr.cz\/n\/wp-json\/wp\/v2\/tags?post=53570"}],"curies":[{"name":"wp","href":"https:\/\/api.w.org\/{rel}","templated":true}]}}