{"id":5357,"date":"2021-10-13T03:16:00","date_gmt":"2021-10-13T01:16:00","guid":{"rendered":"http:\/\/www.infokuryr.cz\/n\/?p=5357"},"modified":"2021-10-13T03:16:00","modified_gmt":"2021-10-13T01:16:00","slug":"vykoreneni-bilych-etnik","status":"publish","type":"post","link":"https:\/\/www.infokuryr.cz\/n\/2021\/10\/13\/vykoreneni-bilych-etnik\/","title":{"rendered":"Vyko\u0159en\u011bn\u00ed b\u00edl\u00fdch etnik"},"content":{"rendered":"<div id=\"fb-root\"><\/div>\n<section class=\"perex\">Vymaz\u00e1v\u00e1n\u00ed z\u00e1padn\u00ed kultury prob\u00edh\u00e1 p\u0159\u00edmo p\u0159ed na\u0161ima o\u010dima. Nech\u00e1pav\u011b sledujeme, jak vyko\u0159en\u011bn\u00e1 b\u00edl\u00e1 etnika vymaz\u00e1vaj\u00ed sama sebe.<\/p>\n<p>Z\u00e1padn\u00ed kultura n\u00e1m p\u0159inesla v\u00edt\u011bzstv\u00ed pr\u00e1vn\u00edho st\u00e1tu, co\u017e znamen\u00e1, \u017ee vl\u00e1da se zodpov\u00edd\u00e1 lidem. Toto historick\u00e9 v\u00edt\u011bzstv\u00ed, v\u00fdsledek stalet\u00e9ho boje, bylo ztraceno.<\/p>\n<\/section>\n<section class=\"clanek-obsah\">Dne 2. z\u00e1\u0159\u00ed 2021 jsem zve\u0159ejnil odkazy na dva \u010dl\u00e1nky, kter\u00e9 se zab\u00fdvaj\u00ed nahrazen\u00edm b\u011bloch\u016f v zem\u00edch, kde jsou st\u00e1le v\u011bt\u0161inou. Nez\u00e1jem b\u011bloch\u016f o to, \u017ee se stanou rasovou men\u0161inou, kdy\u017e, a\u010dkoli jsou st\u00e1le v\u011bt\u0161inou, ji\u017e trp\u00ed rasovou a kulturn\u00ed diskriminac\u00ed, vyvol\u00e1v\u00e1 ot\u00e1zku jejich v\u016fle p\u0159e\u017e\u00edt. Jakou o\u010dek\u00e1vaj\u00ed b\u011blo\u0161i budoucnost, kdy\u017e jsou d\u00e9monizovanou men\u0161inou, rasistickou, vyko\u0159is\u0165ovatelskou a privilegovanou rasou, proti n\u00ed\u017e politika identity sjednocuje v\u011bt\u0161inu?<\/p>\n<p>B\u00edl\u00fdm lidem byly po desetilet\u00ed vym\u00fdv\u00e1ny mozky o jejich rasismu, o pot\u0159eb\u011b rozmanitosti a multikulturalismu, tedy o pot\u0159eb\u011b, aby se jejich zem\u011b stala babylonskou v\u011b\u017e\u00ed, a mnoz\u00ed z nich byli p\u0159esv\u011bd\u010deni propagandou, kter\u00e1 je m\u011bla podkopat a zaslepit je p\u0159ed jejich nebezpe\u010d\u00edm coby d\u00e9monizovan\u00e9 a upadaj\u00edc\u00ed rasy.<\/p>\n<p>B\u00edl\u00ed ne\u017eid\u00e9 v dne\u0161n\u00ed Americe jsou v mnohem zraniteln\u011bj\u0161\u00edm postaven\u00ed ne\u017e \u017did\u00e9 v nacistick\u00e9m N\u011bmecku. Nikdo nebude stav\u011bt muzea holocaustu pro vyhlazen\u00e1 b\u00edl\u00e1 etnika.<\/p>\n<p>Vzd\u011bl\u00e1vac\u00ed syst\u00e9m pln\u00ed vyko\u0159e\u0148uj\u00edc\u00ed funkci. Nap\u0159\u00edklad kritick\u00e1 rasov\u00e1 teorie a projekt New York Time 1619 u\u010d\u00ed \u010dernochy nen\u00e1vid\u011bt b\u011blochy a b\u011blochy nen\u00e1vid\u011bt sebe sama a styd\u011bt se za svou historii.<\/p>\n<p>Historie je p\u0159episov\u00e1na a fal\u0161ov\u00e1na, aby podpo\u0159ila obvin\u011bn\u00ed z b\u011blo\u0161sk\u00e9ho rasismu. Nap\u0159\u00edklad Robert E. Lee se stal symbolem rasov\u00e9 nespravedlnosti. Dokonce i jeho vlastn\u00ed st\u00e1t, kter\u00fd n\u011bkolik let \u00fasp\u011b\u0161n\u011b br\u00e1nil proti invazn\u00edm arm\u00e1d\u00e1m Unie,\u00a0<a href=\"https:\/\/wjla.com\/news\/local\/virginia-supreme-court-vote-remove-lee-statue-richmond\" target=\"_blank\" rel=\"external noopener\">souhlasil s odstran\u011bn\u00edm jeho sochy<\/a>\u00a0z hlavn\u00edho m\u011bsta, kter\u00e9 br\u00e1nil.<\/p>\n<p>V Leeov\u011b dob\u011b se Ameri\u010dan\u00e9 pova\u017eovali sp\u00ed\u0161e za ob\u010dany sv\u00fdch st\u00e1t\u016f ne\u017e za ob\u010dany Spojen\u00fdch st\u00e1t\u016f. Za to, \u017ee br\u00e1nil sv\u016fj st\u00e1t proti agresi, se z Leeho stal rasista.<\/p>\n<p>Lee p\u016fsobil jako velitel West Pointu. Jedna z kas\u00e1ren ve West Pointu je pojmenov\u00e1na po n\u011bm. V americk\u00e9 arm\u00e1d\u011b se t\u011b\u0161il velk\u00e9 \u00fact\u011b a vyslovil uzn\u00e1n\u00ed arm\u00e1d\u011b Unie, kter\u00e1 byla shrom\u00e1\u017ed\u011bna k invazi na Jih za to, \u017ee odm\u00edtla platit severn\u00ed clo. Lee, Virgi\u0148an, kter\u00fd\u00a0<abbr title=\"Nemus\u00ed b\u00fdt pravda. Wikipedie uv\u00e1d\u00ed, \u017ee zd\u011bdil po sv\u00e9m tch\u00e1novi plant\u00e1\u017e v Arlingtonu a 63 otrok\u016f. Pozn\u00e1mka editora\">nevlastnil \u017e\u00e1dn\u00e9 otroky<\/abbr>, prohl\u00e1sil, \u017ee nem\u016f\u017ee p\u0159iv\u00e9st v\u00e1lku ke sv\u00fdm vlastn\u00edm lidem. P\u0159esto se v\u0161ude objevuj\u00ed pomluvy, \u017ee Lee rezignoval na sv\u016fj mand\u00e1t v americk\u00e9 arm\u00e1d\u011b, aby &#8222;bojoval za otroctv\u00ed&#8220;. Jih bojoval, proto\u017ee byl napaden.<\/p>\n<p>Dnes, o p\u016fldruh\u00e9ho stolet\u00ed pozd\u011bji, dal b\u00edl\u00fd guvern\u00e9r Virginie a b\u00edl\u00fd Nejvy\u0161\u0161\u00ed soud Virginie zelenou odstran\u011bn\u00ed Leeovy sochy, proto\u017ee \u010dern\u00ed obyvatel\u00e9 byli nau\u010deni vn\u00edmat sochu jako &#8222;pam\u00e1tn\u00edk, kter\u00fd oslavuje otroctv\u00ed&#8220;.<\/p>\n<p>Pro\u010d m\u00edsto hrdinstv\u00ed a nez\u00e1vislosti oslavuje otroctv\u00ed? Pro\u010d maj\u00ed \u010derno\u0161i ur\u010dovat v\u00fdznam pam\u00e1tn\u00edku?<\/p>\n<p>Pro\u010d maj\u00ed v \u00fadajn\u00e9 demokracii n\u00e1zory \u010derno\u0161sk\u00e9 men\u0161iny v\u011bt\u0161\u00ed v\u00e1hu ne\u017e n\u00e1zory b\u011blo\u0161sk\u00e9 v\u011bt\u0161iny? Pro\u010d mohou b\u00fdt \u010derno\u0161i &#8222;ura\u017eeni&#8220; sochou, ale b\u011blo\u0161i ne vymaz\u00e1n\u00edm sv\u00e9 vlastn\u00ed historie?<\/p>\n<p>Pro\u010d p\u0159eva\u017euj\u00ed neinformovan\u00e9 \u010derno\u0161sk\u00e9 n\u00e1zory nad fakty? Pro\u010d se b\u011blo\u0161i pod\u0159izuj\u00ed vl\u00e1d\u011b fikce?<\/p>\n<p>Pro\u010d maj\u00ed pocity zalo\u017een\u00e9 na historick\u00e9 l\u017ei, kter\u00e1 byla v\u0161t\u011bpov\u00e1na do hlav \u010derno\u0161sk\u00e9 men\u0161iny, p\u0159ednost p\u0159ed pocity b\u011blo\u0161sk\u00e9 v\u011bt\u0161iny, jej\u00ed\u017e historie byla nejprve zfal\u0161ov\u00e1na a pot\u00e9 vymaz\u00e1na?<\/p>\n<p>Pro\u010d b\u00edl\u00fd virginsk\u00fd establishment podporuje tuto pomluvu jednoho z nejlep\u0161\u00edch mu\u017e\u016f, kter\u00e9 Virginie vyprodukovala? \u010clov\u011bka mnohem lep\u0161\u00edho, ne\u017e je ta verbe\u017e, kter\u00e1 vymaz\u00e1v\u00e1 jeho pam\u00e1tku.<\/p>\n<p>Jestli tohle nen\u00ed sebemrska\u010dstv\u00ed rasy, tak co to je? George Washington, Thomas Jefferson, Robert E. Lee jsou d\u00e9monizov\u00e1ni a hanobeni, ale drogov\u011b z\u00e1visl\u00fd zlo\u010dinec George Floyd, kter\u00fd se zabil masivn\u00edm p\u0159ed\u00e1vkov\u00e1n\u00edm fentanylem, je p\u0159edm\u011btem uct\u00edv\u00e1n\u00ed. Tuto prom\u011bnu &#8211; z hrdiny v padoucha, z padoucha v hrdinu &#8211; provedli sami b\u011blo\u0161i. \u010cernoch\u016fm chyb\u00ed moc.<\/p>\n<p>Kdy\u017e se ani ji\u017ean\u0161t\u00ed b\u011blo\u0161i nedok\u00e1\u017eou postavit na obranu Roberta E. Leeho, jsme sv\u011bdky toho, \u017ee b\u011blo\u0161i jsou zahanbeni jin\u00fdmi b\u011blochy a zcela ztr\u00e1cej\u00ed d\u016fv\u011bru. B\u00edl\u00fd ji\u017eansk\u00fd establishment ve Virginii se prost\u011b zhroutil tv\u00e1\u0159\u00ed v tv\u00e1\u0159 po\u017eadavk\u016fm lid\u00ed bez politick\u00fdch \u010di ekonomick\u00fdch d\u016fsledk\u016f, kte\u0159\u00ed kladou men\u0161\u00ed odpor ne\u017e mokr\u00fd pap\u00edrov\u00fd pytl\u00edk.<\/p>\n<p>V prosinci lo\u0148sk\u00e9ho roku odstranila Virginsk\u00e1 vojensk\u00e1 akademie (VVA), domovsk\u00e1 z\u00e1kladna ji\u017eansk\u00e9ho gener\u00e1la Stonewalla Jacksona, jeho sochu, proto\u017ee Jackson\u016fv odpor proti invazi Severu byl rasistick\u00fd.<\/p>\n<p>VVA, jedna z nejji\u017en\u011bj\u0161\u00edch ji\u017eansk\u00fdch instituc\u00ed, vyhodila sv\u00e9ho nejslavn\u011bj\u0161\u00edho \u010dlena. Hrdinstv\u00ed Stonewalla Jacksona bylo jeho vlastn\u00ed instituc\u00ed a jeho vlastn\u00edm st\u00e1tem, za kter\u00fd skv\u011ble bojoval, vyhozeno do zapomn\u011bn\u00ed.<\/p>\n<p>Je pro m\u011b nep\u0159edstaviteln\u00e9, pro\u010d by se VVA takto znesv\u011bcovala. Na tom, \u017ee profesor br\u00e1n\u00ed svou zemi p\u0159ed vojenskou agres\u00ed, nen\u00ed nic rasistick\u00e9ho. Pro\u010d se spr\u00e1vn\u00ed rada postavila za zneuct\u011bn\u00ed nejslavn\u011bj\u0161\u00edho \u010dlena VVA? Pro\u010d by m\u011bl jak\u00fdkoli bez\u00fahonn\u00fd \u010dlov\u011bk nav\u0161t\u011bvovat VVA pot\u00e9, co se kolej z\u0159ekla sv\u00e9ho nejslavn\u011bj\u0161\u00edho \u010dlena.<\/p>\n<p>B\u011blo\u0161i z Virginie se nespokojili pouze s odstra\u0148ov\u00e1n\u00edm soch, ale odstra\u0148uj\u00ed ze \u0161kol, okres\u016f a ulic i n\u00e1zvy spojen\u00e9 s Jihem. Vyko\u0159en\u011bn\u00ed b\u011blo\u0161i v Arlingtonu ve Virginii p\u0159ejmenovali Lee Highway. Nyn\u00ed se jmenuje Langston Boulevard. V Richmondu\u00a0<a href=\"https:\/\/wjla.com\/news\/local\/virginia-contends-with-confederate-names-on-side-streets\" target=\"_blank\" rel=\"external noopener\">se m\u011bn\u00ed n\u00e1zvy ulic<\/a>. N\u00e1zvy st\u0159edn\u00edch \u0161kol spojen\u00e9 s Ji\u017eany, kte\u0159\u00ed se postavili Lincolnov\u011b invazi, byly vymaz\u00e1ny. Jsem zv\u011bdav, kdy bude vymaz\u00e1na Washington and Lee University.<\/p>\n<p>Protib\u011blo\u0161sk\u00e1 a protiamerick\u00e1 organizace Southern Poverty Law Center m\u00e1 seznam 2300 silnic, \u0161kol a pam\u00e1tn\u00edk\u016f ve 23 st\u00e1tech, kter\u00e9 \u00fadajn\u011b maj\u00ed ji\u017eansk\u00e9, a tedy rasistick\u00e9 konotace. P\u0159edpokl\u00e1d\u00e1m, \u017ee budeme muset naj\u00edt nov\u00e9 slovo pro hlavn\u00ed sm\u011br nebo bod kompasu zn\u00e1m\u00fd jako jih.<\/p>\n<p>Proto\u017ee jeden \u010derno\u0161sk\u00fd zlo\u010dinec zem\u0159el na p\u0159ed\u00e1vkov\u00e1n\u00ed fentanylem, americk\u00fd Kongres, slo\u017een\u00fd p\u0159ev\u00e1\u017en\u011b z b\u011bloch\u016f, letos odhlasoval odstran\u011bn\u00ed v\u0161ech jmen spojen\u00fdch s pora\u017een\u00fdmi Konfeder\u00e1ty z feder\u00e1ln\u00edho majetku. T\u00edm se Leeho kas\u00e1rna pojmenovan\u00e1 po nejslavn\u011bj\u0161\u00edm superintendantovi West Pointu rozpadaj\u00ed. Jedn\u00e1 se o jedn\u00e1n\u00ed lid\u00ed, kte\u0159\u00ed ztratili ve\u0161kerou d\u016fv\u011bru ve svou rasu a stali se slu\u017eebn\u00edky protib\u011blo\u0161sk\u00e9 ideologie, kter\u00e1 je d\u00e9monizuje.<\/p>\n<p>Nevymaz\u00e1v\u00e1 se jen Jih, ale b\u011blo\u0161i obecn\u011b. P\u0159ekvapiv\u00e9 je, \u017ee Jih jen sed\u00ed a nech\u00e1v\u00e1 si to l\u00edbit. Ji\u017eansk\u00e1\u00a0<a href=\"https:\/\/www.indiewire.com\/2017\/08\/gone-with-the-wind-screening-canceled-orpheum-theatre-1201870021\/\" target=\"_blank\" rel=\"external noopener\">kina dokonce p\u0159estala prom\u00edtat film &#8222;Gone With The Wind&#8220;<\/a>, proto\u017ee je &#8222;necitliv\u00fd&#8220;. Pro Jih je sm\u00ed\u0159en\u00ed se s vymaz\u00e1n\u00edm po utrpen\u00ed v\u00e1le\u010dn\u00fdch zlo\u010din\u016f Lincolna, Granta, Shermana a Sheridana ekvivalentn\u00ed tomu, jako kdyby Palestinci p\u0159ijali sv\u00e9 vyvlastn\u011bn\u00ed za to, \u017ee jsou &#8222;terorist\u00e9&#8220;.<\/p>\n<p>Pokud je film &#8222;Gone With The Wind&#8220; k n\u011bkomu necitliv\u00fd, pak k ji\u017eansk\u00fdm b\u011bloch\u016fm, kte\u0159\u00ed byli spolu se svou kulturou zni\u010deni Lincolnovou v\u00e1lkou a prom\u011bn\u011bni v Yankees, pro kter\u00e9 jsou pen\u00edze v\u017edy na prvn\u00edm m\u00edst\u011b. &#8222;U\u017e nikdy nebudu m\u00edt hlad,&#8220; prohl\u00e1s\u00ed Scarlet O&#8217;Harov\u00e1. Zde se ji\u017eansk\u00e1 d\u00e1ma prom\u011bnila v oby\u010dejn\u00e9ho Yankeeho, pro kter\u00e9ho jsou pen\u00edze jedinou hodnotou:<\/p>\n<p>Lincolnova v\u00e1lka, jak opakovan\u011b potvrdil, m\u011bla za c\u00edl zachovat imp\u00e9rium. S otroctv\u00edm nem\u011bla v\u016fbec nic spole\u010dn\u00e9ho. Odstoupen\u00ed Jihu nem\u011blo s otroctv\u00edm nic spole\u010dn\u00e9ho. Bylo to kv\u016fli ekonomick\u00e9mu probl\u00e9mu. Sever m\u011bl v \u00famyslu vybudovat sv\u016fj pr\u016fmysl t\u00edm, \u017ee bude Jih ekonomicky vyko\u0159is\u0165ovat. P\u0159etv\u00e1\u0159en\u00ed toho, co se myln\u011b naz\u00fdv\u00e1 &#8222;ob\u010danskou v\u00e1lkou&#8220;, na ot\u00e1zku otroctv\u00ed bylo nam\u00ed\u0159eno nejen proti b\u00edl\u00fdm obyvatel\u016fm Jihu, ale tak\u00e9 proti v\u0161em b\u00edl\u00fdm Ameri\u010dan\u016fm. Pokud o tom pochybujete, sta\u010d\u00ed se rozhl\u00e9dnout kolem sebe. Jsou to jen b\u00edl\u00ed Ji\u017ean\u00e9, kte\u0159\u00ed jsou ozna\u010dov\u00e1ni za &#8222;syst\u00e9mov\u00e9 rasisty&#8220; a &#8222;b\u00edl\u00e9 nad\u0159azence&#8220;? Pokud jste p\u0159\u00edli\u0161 hloup\u00ed na to, abyste znali odpov\u011b\u010f, zeptejte se Megan Kellyov\u00e9, kter\u00e1 st\u00e1hla sv\u00e9 d\u011bti z presti\u017en\u00edch newyorsk\u00fdch soukrom\u00fdch \u0161kol, kde jim bylo v\u0161t\u011bpov\u00e1no, \u017ee jsou b\u00edl\u00ed rasist\u00e9. Pod\u00edvejte se na demokratick\u00fdmi st\u00e1ty a \u0161koln\u00edmi obvody na\u0159\u00edzenou v\u00fduku kritick\u00e9 rasov\u00e9 teorie dokonce i na v\u0161ech b\u011blo\u0161sk\u00fdch ve\u0159ejn\u00fdch \u0161kol\u00e1ch. Jste-li b\u00edl\u00fd Ameri\u010dan, demokratick\u00e1 vl\u00e1da v\u00e1m i va\u0161im d\u011btem a vnou\u010dat\u016fm, pokud v\u00e1m Covidova vakc\u00edna dovol\u00ed n\u011bjak\u00e9 m\u00edt, ofici\u00e1ln\u011b nasadila ter\u010d na z\u00e1da.<\/p>\n<p>Cel\u00fd americk\u00fd vzd\u011bl\u00e1vac\u00ed a politick\u00fd establishment je p\u0159\u00edli\u0161 hloup\u00fd na to, aby pochopil, \u017ee pokud dojde k rozkladu civilizace a spole\u010densk\u00e9mu kolapsu, nezhrout\u00ed se jen b\u011blo\u0161i na Jihu. Kolaps postihne v\u0161echny b\u011blochy, \u010dernochy, Hisp\u00e1nce i Asiaty. Jedin\u00fd zp\u016fsob, jak m\u016f\u017ee existovat multirasov\u00e1 zem\u011b, je, \u017ee jsou v\u0161ichni inkulturov\u00e1ni. V opa\u010dn\u00e9m p\u0159\u00edpad\u011b neexistuje jednota.\u00a0<i>Babylonsk\u00e1 v\u011b\u017e &#8211; rozmanitost &#8211; nen\u00ed zem\u011b<\/i>.<\/p>\n<p>Ji\u017e po desetilet\u00ed je d\u00edlem liber\u00e1ln\u00edch g\u00f3jsk\u00fdch a \u017eidovsk\u00fdch &#8222;kulturn\u011b marxistick\u00fdch&#8220; intelektu\u00e1l\u016f dekonstrukce Ameriky.\u00a0<i>Dekonstrukce Ameriky je ve skute\u010dnosti v\u0161\u00edm, \u010d\u00edm je liber\u00e1ln\u00ed vzd\u011bl\u00e1n\u00ed<\/i>. Produktem americk\u00e9ho vzd\u011bl\u00e1n\u00ed jsou generace b\u00edl\u00fdch Ameri\u010dan\u016f bez ko\u0159en\u016f. Pokud si mysl\u00edte, \u017ee m\u00edt ko\u0159eny nen\u00ed d\u016fle\u017eit\u00e9, \u0159ekn\u011bte to Alexi Haleymu. Televizn\u00ed seri\u00e1l zalo\u017een\u00fd na jeho &#8222;Ko\u0159enech&#8220; dal \u010dernoch\u016fm ko\u0159eny, zat\u00edmco kulturn\u00ed marxisti\u010dt\u00ed \u017eidov\u0161t\u00ed intelektu\u00e1lov\u00e9 a b\u00edl\u00ed liber\u00e1ln\u00ed g\u00f3jov\u00e9 se spikli, aby z b\u00edl\u00fdch Ameri\u010dan\u016f ud\u011blali vyko\u0159en\u011bn\u00e9 a vykolejen\u00e9. Dne\u0161n\u00ed Ameri\u010dan\u00e9 byli redukov\u00e1ni na provinil\u00fd n\u00e1rod, kter\u00fd si nic nezaslou\u017e\u00ed, ale m\u00e1 povinnost restituce. Restituce znamen\u00e1 ustoupit a p\u0159edat moc &#8222;utla\u010dovan\u00fdm men\u0161in\u00e1m&#8220;. Jin\u00fdmi slovy, b\u00edl\u00e1 etnika maj\u00ed natolik vymyt\u00e9 mozky proti sob\u011b sam\u00fdm, \u017ee &#8222;preferovan\u00e9 men\u0161iny&#8220; se ani nemus\u00ed sna\u017eit o jejich svr\u017een\u00ed. Indoktrinovan\u00ed b\u011blo\u0161i svrh\u00e1vaj\u00ed sami sebe.<\/p>\n<p>Tot\u00e9\u017e plat\u00ed pro cel\u00fd z\u00e1padn\u00ed sv\u011bt. V\u0161ude jsou b\u011blo\u0161i v defenziv\u011b, hlavn\u011b p\u0159ed dal\u0161\u00edmi protib\u011blo\u0161sk\u00fdmi b\u011blochy. Byli to pr\u00e1v\u011b b\u011blo\u0161i, kdo otev\u0159el hranice pro obsazov\u00e1n\u00ed b\u00edl\u00fdch zem\u00ed neb\u011blo\u0161sk\u00fdmi etniky. Je to prezident Spojen\u00fdch st\u00e1t\u016f Biden, kdo odm\u00edt\u00e1 prosazovat imigra\u010dn\u00ed z\u00e1kony USA a dovoluje imigrant\u016fm-n\u00e1jezdn\u00edk\u016fm vstupovat do zem\u011b dle libosti. V Evrop\u011b &#8211; Macron, Merkelov\u00e1 &#8211; je to stejn\u00e9. It\u00e1lie je jako zem\u011b k sm\u00edchu. Italsk\u00e9 ob\u010danstv\u00ed je v\u00fdsm\u011bch. Je nesmysln\u00e9. Anglie u\u017e nen\u00ed Angli\u00ed. Je to babylonsk\u00e1 v\u011b\u017e. Starosta jej\u00edho hlavn\u00edho m\u011bsta je muslim. Pouze 40 % obyvatel Lond\u00fdna jsou Britov\u00e9.<\/p>\n<p>Nikde v Evrop\u011b se nestav\u00ed k\u0159es\u0165ansk\u00e9 kostely, ale v\u0161ude se stav\u00ed me\u0161ity.<\/p>\n<p>Slavn\u00e1 univerzitn\u00ed kolej Gonville and Caius College v Cambridge\u00a0<a href=\"https:\/\/www.bbc.com\/news\/uk-england-cambridgeshire-53192576\" target=\"_blank\" rel=\"external noopener\">odstranila pam\u011btn\u00ed okno sira Ronalda Fishera<\/a>, b\u00fdval\u00e9ho \u010dlena koleje a zakladatele modern\u00ed statistiky.<\/p>\n<p>Sir Ronald se tak\u00e9 zaj\u00edmal o genetiku, kter\u00e1 byla v t\u00e9 dob\u011b legitimn\u00edm oborem b\u00e1d\u00e1n\u00ed, ale dnes je d\u00e9monizov\u00e1na jako rasistick\u00e1. Studenti z rasov\u00fdch men\u0161in, kte\u0159\u00ed nebyli intelektu\u00e1ln\u011b kvalifikov\u00e1ni pro studium na Cambridge, ale byli tam kv\u016fli &#8222;hodnot\u011b rozmanitosti&#8220;, protestovali, \u017ee Fisher\u016fv z\u00e1jem o genetiku znamen\u00e1, \u017ee je rasista a \u017ee kolej podporuje rasismus t\u00edm, \u017ee m\u00e1 pam\u00e1tn\u00edk slavn\u00e9ho zakladatele statistiky. Woke asistenti, lid\u00e9 s nulov\u00fdmi schopnostmi a d\u016fsledky, kte\u0159\u00ed byli najati, aby uk\u00e1zali &#8222;inkluzivitu&#8220; univerzity, tak\u00e9 protestovali a emocion\u00e1ln\u011b, intelektu\u00e1ln\u011b, mor\u00e1ln\u011b i fyzicky slab\u00e1 fakulta se zhroutila a odstranila pam\u00e1tku zakladatele modern\u00ed statistiky.<\/p>\n<p>Zat\u00edmco Cambridgesk\u00e1 univerzita odstra\u0148uje pam\u011btn\u00ed okno zakladatele statistiky, washingtonsk\u00e1 katedr\u00e1la v D.C.\u00a0<a href=\"http:\/\/www.renegadetribune.com\/washington-cathedral-to-install-racial-justice-stained-glass-windows\/\" target=\"_blank\" rel=\"external noopener\">instaluje okno na po\u010dest odsouzen\u00e9ho zlo\u010dince a narkomana George Floyda<\/a>, kter\u00fd se zabil p\u0159ed\u00e1vkov\u00e1n\u00edm drogami.<\/p>\n<p>Oxfordsk\u00e1 univerzita se st\u00e1le zm\u00edt\u00e1 ve sporu o to, zda Oriel College odstran\u00ed sochu Cecila Rhodese, kter\u00fd v\u011bnoval presti\u017en\u00ed oxfordsk\u00e1 Rhodesova stipendia, z nich\u017e jedno bylo ud\u011bleno b\u00fdval\u00e9mu americk\u00e9mu prezidentovi Billu Clintonovi. Rhodes byl kolonistou v Africe, a t\u00edm i rasistou, a jeho &#8222;socha a v\u0161e, co p\u0159edstavuje&#8220;, mus\u00ed padnout, tak tvrd\u00ed p\u0159\u00edjemci Rhodeov\u00fdch stipendi\u00ed, kter\u00fdm byla ud\u011blena rasov\u00e1 kv\u00f3ta.<\/p>\n<p>Tito lid\u00e9 jsou natolik bezmozci, \u017ee nedok\u00e1\u017eou pochopit, \u017ee pokud je Rhodes rasistou a jeho socha je svr\u017eena, je svr\u017eena i presti\u017e jejich Rhodesov\u00fdch stipendi\u00ed. V\u0161ichni lid\u00e9, v\u010detn\u011b Billa Clintona, kte\u0159\u00ed p\u0159ijali rasistick\u00e1 Rhodesova stipendia, jsou rovn\u011b\u017e zdiskreditov\u00e1ni. Kv\u016fli sv\u00e9mu spojen\u00ed s Cecilem Rhodesem jsou nav\u017edy ozna\u010deni za rasisty.<\/p>\n<p>V Brit\u00e1nii se zd\u00e1, \u017ee v\u0161echno, co b\u011bloch ud\u011bl\u00e1, je rasistick\u00e9 &#8211;\u00a0<a href=\"https:\/\/www.lewrockwell.com\/2021\/09\/no_author\/backlash-as-students-reportedly-told-wearing-second-hand-clothes-can-be-example-of-white-privilege-in-mandatory-diversity-test\/\" target=\"_blank\" rel=\"external noopener\">dokonce i no\u0161en\u00ed oble\u010den\u00ed z druh\u00e9 ruky<\/a>.<\/p>\n<p>James Watson, kter\u00fd spolu s Francisem Crickem objevil dvojitou \u0161roubovici DNA a z\u00edskal Nobelovu cenu za v\u011bdu, byl prohl\u00e1\u0161en za rasistu a vylou\u010den z v\u00fdzkumn\u00e9 laborato\u0159e, kterou zalo\u017eil. Jeden z nejv\u00fdzna\u010dn\u011bj\u0161\u00edch a nejv\u00fdznamn\u011bj\u0161\u00edch v\u011bdc\u016f na\u0161\u00ed doby byl vlo\u017een do orwellovsk\u00e9 \u010dern\u00e9 d\u00edry dv\u011bma pank\u00e1\u010dsk\u00fdmi univerzitn\u00edmi neum\u011btely najat\u00fdmi na z\u00e1klad\u011b kv\u00f3t.<\/p>\n<p>To je dne\u0161n\u00ed z\u00e1padn\u00ed sv\u011bt. Je to \u0161\u00edlenstv\u00ed. V\u011bda, fakta, pravda nemaj\u00ed \u017e\u00e1dnou autoritu. Z\u00e1padn\u00ed civilizace se vypr\u00e1zdnila. Nezbyl z n\u00ed ani mokr\u00fd pap\u00edrov\u00fd pytl\u00edk. Z\u00e1padn\u00ed sv\u011bt je vojensky impotentn\u00ed, nem\u00e1 \u017e\u00e1dn\u00e9 veden\u00ed, v Afgh\u00e1nist\u00e1nu ho porazilo n\u011bkolik tis\u00edc lehce vyzbrojen\u00fdch talib\u00e1nc\u016f a z Afgh\u00e1nist\u00e1nu ho v naprost\u00e9m rozkladu vyhnala pouh\u00e1 domobrana. Jak p\u0159ed 60 lety varoval prezident Eisenhower nesebev\u011bdom\u00fd americk\u00fd lid, vojensko-bezpe\u010dnostn\u00ed komplex jde po va\u0161\u00ed demokracii. Jde jim o va\u0161e pen\u00edze, kter\u00e9 cht\u011bj\u00ed z\u00edskat za ka\u017edou cenu, a vy jim je jako hloup\u00ed a nesebev\u011bdom\u00ed d\u00e1te.<\/p>\n<p>Spr\u00e1vn\u00e1 p\u0159edpov\u011b\u010f.<\/p>\n<p>USA maj\u00ed nyn\u00ed feminizovanou, homosexualizovanou a transgenderovou arm\u00e1du, kter\u00e1 nut\u00ed b\u00edl\u00e9 voj\u00e1ky a d\u016fstojn\u00edky absolvovat &#8222;\u0161kolen\u00ed rasov\u00e9 citlivosti&#8220; a u\u010dit se, \u017ee jsou rasist\u00e9 a \u017ee se nesm\u011bj\u00ed dopou\u0161t\u011bt rasismu t\u00edm, \u017ee budou vychov\u00e1vat \u010dern\u00e9 voj\u00e1ky. Stejn\u011b tak nesm\u011bj\u00ed b\u00fdt misogyni t\u00edm, \u017ee vychov\u00e1vaj\u00ed \u017eensk\u00e9 voj\u00e1ky. Stejn\u011b tak nemohou b\u00fdt transgenderfobn\u00ed t\u00edm, \u017ee k\u00e1raj\u00ed mu\u017ee, kte\u0159\u00ed tvrd\u00ed, \u017ee jsou \u017eeny, nebo \u017eeny, kter\u00e9 tvrd\u00ed, \u017ee jsou mu\u017ei.<\/p>\n<p>Takov\u00e1 je dne\u0161n\u00ed americk\u00e1 arm\u00e1da. Jak m\u016f\u017ee b\u00fdt n\u011bkdo hrd\u00fd na to, \u017ee slou\u017e\u00ed v tak zka\u017een\u00e9 organizaci?<\/p>\n<p>Je to zbyte\u010dn\u00e1 arm\u00e1da, ale stoj\u00ed Ameri\u010dany 1 000 miliard dolar\u016f ro\u010dn\u011b, co\u017e je obrovsk\u00e1 \u010d\u00e1stka, kter\u00e1 od\u010derp\u00e1v\u00e1 zoufale pot\u0159ebn\u00e9 zdroje z mnoha mnohem d\u016fle\u017eit\u011bj\u0161\u00edch \u00fa\u010del\u016f, ne\u017e jsou zisky vojensko-bezpe\u010dnostn\u00edho komplexu.<\/p>\n<p>Nelze se vyhnout z\u00e1v\u011bru, \u017ee Ameri\u010dan\u00e9 jsou rukojm\u00edm d\u00e9monizace b\u00edl\u00e9ho etnika, kter\u00e9 zemi vytvo\u0159ilo. V\u0161ichni ameri\u010dt\u00ed v\u016fdci a hrdinov\u00e9, jako nap\u0159\u00edklad George Washington a Thomas Jefferson, jsou rasist\u00e9 a zl\u00ed mu\u017ei, kte\u0159\u00ed utla\u010dovali \u010dernochy a \u017eeny a vytvo\u0159ili n\u00e1rod zalo\u017een\u00fd na otroctv\u00ed. Pokud tomu nev\u011b\u0159\u00edte, sta\u010d\u00ed se obr\u00e1tit na projekt 1619 New York Times nebo na m\u00edstn\u00ed \u0161koln\u00ed radu.<\/p>\n<p>Z\u00e1padn\u00ed sv\u011bt je tak bezmocn\u00fd ve sv\u00e9m naprost\u00e9m nedostatku v\u00edry v sebe sama, \u017ee se nech\u00e1 ovl\u00e1dnout imigranty-n\u00e1jezdn\u00edky.<\/p>\n<p>Jean Raspail popsal z\u00e1nik Z\u00e1padu ve sv\u00e9 knize T\u00e1bor svat\u00fdch z roku 1973. My jeho popis pro\u017e\u00edv\u00e1me. Na\u0161e dny se kr\u00e1t\u00ed.<\/p>\n<p>Pokud o tom pochybujete, zamyslete se nad sv\u00fdm pr\u00e1vem na sebeobranu. V St. Louis ve st\u00e1t\u011b Missouri byl zat\u010den a obvin\u011bn p\u00e1r, kter\u00fd br\u00e1nil sv\u016fj d\u016fm p\u0159ed napaden\u00edm Antifou a hnut\u00edm Black Lives Matter a oh\u00e1n\u011bl se p\u0159itom st\u0159elnou zbran\u00ed, proto\u017ee br\u00e1nil sv\u016fj majetek.<\/p>\n<p>Pokud v\u00edm, nikde v Evrop\u011b ani ve Spojen\u00e9m kr\u00e1lovstv\u00ed nen\u00ed dovoleno, aby se \u010dlov\u011bk br\u00e1nil st\u0159elnou zbran\u00ed. Pistole jsou zak\u00e1z\u00e1ny. Pokud v\u00e1s napadne &#8222;preferovan\u00e1 men\u0161ina&#8220;, mus\u00edte n\u00e9st n\u00e1sledky nebo j\u00edt do v\u011bzen\u00ed za trestn\u00fd \u010din z nen\u00e1visti. Br\u00e1nit se, pokud jste b\u011bloch, proti neb\u011blochovi je v dne\u0161n\u00ed Evrop\u011b pravd\u011bpodobn\u011b zlo\u010din z nen\u00e1visti.<\/p>\n<p>Odebr\u00e1n\u00ed pr\u00e1va na sebeobranu b\u00edl\u00fdm etnik\u016fm dokon\u010duje vyko\u0159en\u011bn\u00ed b\u00edl\u00fdch etnik. B\u00edl\u00e1 etnika zbaven\u00e1 sebed\u016fv\u011bry a v\u00edry v sebe sama se vrhla na smeti\u0161t\u011b d\u011bjin.<\/p>\n<p>Paul Craig Roberts<\/p>\n<div class=\"podcarou\">\n<p><a href=\"https:\/\/www.paulcraigroberts.org\/2021\/10\/06\/the-deracination-of-white-etnicities\/\" target=\"_blank\" rel=\"external noopener\">The Deracination of White Ethnicities<\/a> vy\u0161el na str\u00e1nk\u00e1ch PCR 6.10.2021. P\u0159eklad Zv\u011bdavec.<\/p>\n<\/div>\n<\/section>\n<p><a href=\"http:\/\/www.zvedavec.org\/komentare\/2021\/10\/8880-vykoreneni-bilych-etnik.htm\">Zvedavec.org<\/a><\/p>\n<p>&nbsp;<\/p>\n","protected":false},"excerpt":{"rendered":"<p>Vymaz\u00e1v\u00e1n\u00ed z\u00e1padn\u00ed kultury prob\u00edh\u00e1 p\u0159\u00edmo p\u0159ed na\u0161ima o\u010dima. Nech\u00e1pav\u011b sledujeme, jak vyko\u0159en\u011bn\u00e1 b\u00edl\u00e1 etnika vymaz\u00e1vaj\u00ed&#8230;<\/p>\n","protected":false},"author":2,"featured_media":810,"comment_status":"closed","ping_status":"closed","sticky":false,"template":"","format":"standard","meta":[],"categories":[7],"tags":[29,37],"_links":{"self":[{"href":"https:\/\/www.infokuryr.cz\/n\/wp-json\/wp\/v2\/posts\/5357"}],"collection":[{"href":"https:\/\/www.infokuryr.cz\/n\/wp-json\/wp\/v2\/posts"}],"about":[{"href":"https:\/\/www.infokuryr.cz\/n\/wp-json\/wp\/v2\/types\/post"}],"author":[{"embeddable":true,"href":"https:\/\/www.infokuryr.cz\/n\/wp-json\/wp\/v2\/users\/2"}],"replies":[{"embeddable":true,"href":"https:\/\/www.infokuryr.cz\/n\/wp-json\/wp\/v2\/comments?post=5357"}],"version-history":[{"count":0,"href":"https:\/\/www.infokuryr.cz\/n\/wp-json\/wp\/v2\/posts\/5357\/revisions"}],"wp:featuredmedia":[{"embeddable":true,"href":"https:\/\/www.infokuryr.cz\/n\/wp-json\/wp\/v2\/media\/810"}],"wp:attachment":[{"href":"https:\/\/www.infokuryr.cz\/n\/wp-json\/wp\/v2\/media?parent=5357"}],"wp:term":[{"taxonomy":"category","embeddable":true,"href":"https:\/\/www.infokuryr.cz\/n\/wp-json\/wp\/v2\/categories?post=5357"},{"taxonomy":"post_tag","embeddable":true,"href":"https:\/\/www.infokuryr.cz\/n\/wp-json\/wp\/v2\/tags?post=5357"}],"curies":[{"name":"wp","href":"https:\/\/api.w.org\/{rel}","templated":true}]}}