{"id":53562,"date":"2024-05-13T04:36:57","date_gmt":"2024-05-13T02:36:57","guid":{"rendered":"https:\/\/www.infokuryr.cz\/n\/?p=53562"},"modified":"2024-05-13T04:36:57","modified_gmt":"2024-05-13T02:36:57","slug":"komedie-se-slovenskou-sbirkou-na-ukrajinske-granaty-kdo-vodi-hlupaky-z-obcanske-spolecnosti-za-nos","status":"publish","type":"post","link":"https:\/\/www.infokuryr.cz\/n\/2024\/05\/13\/komedie-se-slovenskou-sbirkou-na-ukrajinske-granaty-kdo-vodi-hlupaky-z-obcanske-spolecnosti-za-nos\/","title":{"rendered":"Komedie se slovenskou sb\u00edrkou na ukrajinsk\u00e9 gran\u00e1ty. Kdo vod\u00ed hlup\u00e1ky z ob\u010dansk\u00e9 spole\u010dnosti za nos?"},"content":{"rendered":"<div id=\"fb-root\"><\/div>\n<p><strong>Na Slovensku ofici\u00e1ln\u011b skon\u010dila sb\u00edrka na d\u011blost\u0159eleck\u00e9 gran\u00e1ty pro Ukrajinu. Do sb\u00edrky se \u00fadajn\u011b zapojilo 65.563 d\u00e1rc\u016f a vybralo se celkem 4.175.743 EUR. Pr\u00fd je to ohromn\u00fd \u00fasp\u011bch a nakoup\u00ed se za to 2692 gran\u00e1t\u016f r\u00e1\u017ee 122mm.<\/strong><\/p>\n<p>Akce m\u011bla ob\u0159\u00ed pokryt\u00ed v ofici\u00e1ln\u00edch medi\u00edch, zapojila se obec celebrit a um\u011blc\u016f.<\/p>\n<p>Ve skute\u010dnosti se jedn\u00e1 o fra\u0161ku. Z<strong>a 4,175 mil EUR se nekoup\u00ed 2692 d\u011bl gran\u00e1t\u016f. Tomu m\u016f\u017ee v\u011b\u0159it pouze hlup\u00e1k. To by jeden gran\u00e1t st\u00e1l pouze 1551 EUR a to opravdu nestoj\u00ed. Stoj\u00ed v\u00fdznamn\u011b v\u00edc a nav\u00edc je jich aktu\u00e1ln\u011b velk\u00fd nedostatek.<\/strong><\/p>\n<p><strong>N\u00e1kup munice bude pr\u00fd zaji\u0161\u0165ovat skupina mezin\u00e1rodn\u00edch obchodn\u00edk\u016f se zbran\u011bmi, kte\u0159\u00ed vlastn\u00ed mimo jin\u00e9 zaj\u00edmav\u00e9 pasy s takov\u00fdm zvl\u00e1\u0161tn\u00edm sv\u00edcnem. U\u017e i b\u00fdval\u00fd \u010desk\u00fd premi\u00e9r Babi\u0161 si posteskl, \u017ee provize m\u00e1 b\u00fdt minim\u00e1ln\u011b 1000 USD za kus. Tihle lid\u00e9 se za sv\u00e9 neobvykl\u00e9 provize nikdy nestyd\u00ed.<\/strong><\/p>\n<p>Nakonec to dopadne takhle,\u00a0<strong>sb\u00edrka se potichu rozkrade v r\u00e1mci mezin\u00e1rodn\u00ed\u201c ob\u010dansk\u00e9 spole\u010dnosti\u201c. Ve skute\u010dnosti se nakoup\u00ed p\u00e1r kousk\u016f munice, ud\u011bl\u00e1 se p\u011bkn\u00e9 video p\u0159i jejich p\u0159ed\u00e1v\u00e1n\u00ed. Tam se budou doj\u00edmat ukrajin\u0161t\u00ed voj\u00e1ci, jejich man\u017eelky a d\u011bti, jak jim slovensk\u00e1 ob\u010dansk\u00e1 spole\u010dnost pomohla a t\u00edm to potichu skon\u010d\u00ed<\/strong>.<\/p>\n<p><strong>Bratislavsk\u00e1 kav\u00e1rna se bude u toho rozpl\u00fdvat nad svoj\u00ed \u0161lechetnost\u00ed a velikost\u00ed. Sm\u00e1t se jim budou hlavn\u011b ti obchodn\u00edci se zbran\u011bmi, kter\u00fdm v\u011bt\u0161ina z t\u011bch vybran\u00fdch pen\u011bz uv\u00edzne na kontech.<\/strong><\/p>\n<p>Na v\u00e1lku na Ukrajin\u011b to \u017e\u00e1dn\u00fd vliv m\u00edt nebude.<\/p>\n<p><a href=\"https:\/\/ceskavec.com\/2024\/05\/komedie-se-slovenskou-sbirkou-na-ukrajinske-granaty-kdo-vodi-hlupaky-z-obcanske-spolecnosti-za-nos\">Noro L., Blava<\/a><\/p>\n<figure class=\"wp-block-image size-full\"><img decoding=\"async\" loading=\"lazy\" class=\"wp-image-17157 aligncenter\" src=\"https:\/\/ceskavec.com\/wp-content\/uploads\/2024\/05\/image-6.png\" sizes=\"(max-width: 474px) 100vw, 474px\" srcset=\"https:\/\/ceskavec.com\/wp-content\/uploads\/2024\/05\/image-6.png 474w, https:\/\/ceskavec.com\/wp-content\/uploads\/2024\/05\/image-6-225x300.png 225w\" alt=\"\" width=\"474\" height=\"632\" \/><\/figure>\n<p>&nbsp;<\/p>\n","protected":false},"excerpt":{"rendered":"<p>Na Slovensku ofici\u00e1ln\u011b skon\u010dila sb\u00edrka na d\u011blost\u0159eleck\u00e9 gran\u00e1ty pro Ukrajinu. Do sb\u00edrky se \u00fadajn\u011b zapojilo&#8230;<\/p>\n","protected":false},"author":2,"featured_media":22507,"comment_status":"closed","ping_status":"closed","sticky":false,"template":"","format":"standard","meta":[],"categories":[7],"tags":[2635,5792,203,26],"_links":{"self":[{"href":"https:\/\/www.infokuryr.cz\/n\/wp-json\/wp\/v2\/posts\/53562"}],"collection":[{"href":"https:\/\/www.infokuryr.cz\/n\/wp-json\/wp\/v2\/posts"}],"about":[{"href":"https:\/\/www.infokuryr.cz\/n\/wp-json\/wp\/v2\/types\/post"}],"author":[{"embeddable":true,"href":"https:\/\/www.infokuryr.cz\/n\/wp-json\/wp\/v2\/users\/2"}],"replies":[{"embeddable":true,"href":"https:\/\/www.infokuryr.cz\/n\/wp-json\/wp\/v2\/comments?post=53562"}],"version-history":[{"count":0,"href":"https:\/\/www.infokuryr.cz\/n\/wp-json\/wp\/v2\/posts\/53562\/revisions"}],"wp:featuredmedia":[{"embeddable":true,"href":"https:\/\/www.infokuryr.cz\/n\/wp-json\/wp\/v2\/media\/22507"}],"wp:attachment":[{"href":"https:\/\/www.infokuryr.cz\/n\/wp-json\/wp\/v2\/media?parent=53562"}],"wp:term":[{"taxonomy":"category","embeddable":true,"href":"https:\/\/www.infokuryr.cz\/n\/wp-json\/wp\/v2\/categories?post=53562"},{"taxonomy":"post_tag","embeddable":true,"href":"https:\/\/www.infokuryr.cz\/n\/wp-json\/wp\/v2\/tags?post=53562"}],"curies":[{"name":"wp","href":"https:\/\/api.w.org\/{rel}","templated":true}]}}