{"id":53557,"date":"2024-05-13T00:46:35","date_gmt":"2024-05-12T22:46:35","guid":{"rendered":"https:\/\/www.infokuryr.cz\/n\/?p=53557"},"modified":"2024-05-12T20:04:01","modified_gmt":"2024-05-12T18:04:01","slug":"predni-imunolozka-varuje-ze-kazdy-kdo-dostal-vakcinu-proti-covid-19-behem-par-let-zemre","status":"publish","type":"post","link":"https:\/\/www.infokuryr.cz\/n\/2024\/05\/13\/predni-imunolozka-varuje-ze-kazdy-kdo-dostal-vakcinu-proti-covid-19-behem-par-let-zemre\/","title":{"rendered":"P\u0159edn\u00ed imunolo\u017eka varuje, \u017ee ka\u017ed\u00fd, kdo dostal vakc\u00ednu proti Covid-19, b\u011bhem p\u00e1r let zem\u0159e"},"content":{"rendered":"<div id=\"fb-root\"><\/div>\n<p><span style=\"font-size: 18pt;\"><strong>Jedna z p\u0159edn\u00edch sv\u011btov\u00fdch odbornic na imunologii varuje, \u017ee jednotlivci, kte\u0159\u00ed dostali mRNA vakc\u00edny proti Covid-19, pravd\u011bpodobn\u011b zem\u0159ou v pr\u016fb\u011bhu p\u0159\u00ed\u0161t\u00edch p\u011bti let.<\/strong><\/span><\/p>\n<p>Varov\u00e1n\u00ed poch\u00e1z\u00ed od doktorky Dolores Cahillov\u00e9, kter\u00e1 m\u00e1 \u010dtvrtstolet\u00ed zku\u0161enost\u00ed s pou\u017e\u00edv\u00e1n\u00edm protil\u00e1tek a protein\u016f v biomedic\u00ednsk\u00fdch aplikac\u00edch.<\/p>\n<p>Jako profesorka transla\u010dn\u00edch v\u011bd na Conwayov\u011b institutu p\u0159i Medic\u00ednsk\u00e9 fakult\u011b na Univerzit\u011b v Dublinu jsou ona a jej\u00ed v\u00fdzkumn\u00fd t\u00fdm zn\u00e1m\u00ed svou pr\u016flomovou prac\u00ed v oblasti technologie vysokov\u00fdkonn\u00fdch pol\u00ed a diagnostiky, medic\u00ednsk\u00e9ho a biologick\u00e9ho v\u00fdzkumu.<\/p>\n<p>D\u0159\u00edve pracovala pro renomovan\u00fd Institut molekul\u00e1rn\u00ed genetiky Maxe Plancka v Berl\u00edn\u011b.<\/p>\n<p>Doktorka Cahillov\u00e1 m\u011bla od za\u010d\u00e1tku ke covidov\u00fdm vakc\u00edn\u00e1m v\u00fdhrady a varovala, \u017ee mohou m\u00edt zni\u010duj\u00edc\u00ed vliv na lidsk\u00e9 zdrav\u00ed. Zat\u00edmco mnoz\u00ed lid\u00e9 byli znepokojeni potenci\u00e1lem nezn\u00e1m\u00fdch vedlej\u0161\u00edch \u00fa\u010dink\u016f z dlouhodob\u00e9ho hlediska, obavy Dr. Cahillovy jsou mnohem hroziv\u011bj\u0161\u00ed \u2013 varuje, \u017ee nakonec zabij\u00ed ka\u017ed\u00e9ho, kdo dostal by\u0165 jen jednu d\u00e1vku!<\/p>\n<p>A\u010dkoli znepokojuj\u00edc\u00ed varov\u00e1n\u00ed poprv\u00e9 ud\u011blala ji\u017e v roce 2021, v posledn\u00ed dob\u011b se na internetu st\u00e1le \u010dast\u011bji \u0161\u00ed\u0159\u00ed videa, ve kter\u00fdch vysv\u011btluje svou teorii, nebo\u0165 st\u00e1le v\u00edce sign\u00e1l\u016f poukazuje na to, \u017ee o\u010dkovan\u00ed lid\u00e9 maj\u00ed \u0159adu zdravotn\u00edch probl\u00e9m\u016f.<\/p>\n<p>Nen\u00ed p\u0159ekvapen\u00edm, \u017ee doktorka Cahillov\u00e1 kv\u016fli sv\u00fdm varov\u00e1n\u00edm byla odstran\u011bna z hlavn\u00edch platforem soci\u00e1ln\u00edch m\u00e9di\u00ed, podobn\u011b jako mnoz\u00ed dal\u0161\u00ed lid\u00e9, kte\u0159\u00ed vyj\u00e1d\u0159ili v\u00fdhrady v\u016f\u010di vakc\u00edn\u00e1m.<\/p>\n<p>Nav\u00edc tato vyznamen\u00e1n\u00edmi ov\u011bn\u010den\u00e1 v\u00fdzkumnice byla ozna\u010dena za konspira\u010dn\u00ed teoreti\u010dku mainstreamov\u00fdmi m\u00e9dii, kter\u00e1 b\u011bhem pandemie d\u011blala nadpr\u00e1ci, jen aby chr\u00e1nila z\u00e1jmy farmaceutick\u00e9ho pr\u016fmyslu a pokra\u010dovala v tom dodnes.<\/p>\n<h2>\u0160pi\u010dkov\u00fd virolog tak\u00e9 varuje p\u0159ed bl\u00ed\u017e\u00edc\u00edm se kolapsem<\/h2>\n<p>Jin\u00ed p\u0159edn\u00ed odborn\u00edci u\u010dinili podobn\u00e1 varov\u00e1n\u00ed. Nap\u0159\u00edklad Dr. Geert Vanden Bossche, sv\u011btozn\u00e1m\u00fd virolog,\u00a0<a href=\"https:\/\/www.badatel.net\/popredny-virolog-tvrdi-ze-ockovanym-bezprostredne-hrozi-kriza-umrti-ktora-sposobi-chaos-a-spolocensky-kolaps\/\">ned\u00e1vno varoval<\/a>\u00a0, \u017ee masivn\u00ed \u201etsunami smrti a chaosu\u201c zas\u00e1hne o\u010dkovanou populaci.<\/p>\n<p>Uvedl, \u017ee tato ud\u00e1lost by mohla zkolabovat nemocnice a v\u00e9st k ekonomick\u00e9mu, soci\u00e1ln\u00edmu a finan\u010dn\u00edmu chaosu.<\/p>\n<p>Dr. Bossche v\u011b\u0159\u00ed, \u017ee imunitn\u00ed syst\u00e9m lid\u00ed zdevastovan\u00fd o\u010dkov\u00e1n\u00edm povede k \u0159ad\u011b nemoc\u00ed a n\u00e1r\u016fst diagn\u00f3z rakoviny, kter\u00fd vid\u00edme ji\u017e nyn\u00ed, p\u0159ejde do chronick\u011bj\u0161\u00ed f\u00e1ze, kter\u00e1 skon\u010d\u00ed hyperakutn\u00ed f\u00e1z\u00ed a obrovskou, obrovskou vlnou tsunami \u00famrt\u00ed.<\/p>\n<p><strong>Jak vysv\u011btlil:<\/strong><\/p>\n<p><em>\u201eChci, aby va\u0161e publikum pochopilo, \u010demu budeme \u010delit v hyperakutn\u00ed krizi, kter\u00e1 je bezprost\u0159edn\u00ed. Budeme muset vybudovat zcela nov\u00fd sv\u011bt\u2026\u201c<\/em><\/p>\n<p>Zd\u00e1 se, \u017ee nepochybuje o tom, co n\u00e1s \u010dek\u00e1 a \u0159\u00edk\u00e1:<\/p>\n<p><em>&#8222;Je pro m\u011b velmi zvl\u00e1\u0161tn\u00ed d\u011blat takov\u00e1 prohl\u00e1\u0161en\u00ed, ale neskr\u00fdv\u00e1m to, proto\u017ee jsem na dv\u011b st\u011b procent p\u0159esv\u011bd\u010den, \u017ee se to stane.&#8220;<\/em><\/p>\n<p>Sc\u00e9n\u00e1\u0159, kter\u00fd popisuje, je nejhor\u0161\u00edm mo\u017en\u00fdm v\u00fdsledkem, jak\u00fd si lze p\u0159edstavit z glob\u00e1ln\u00edho protla\u010dov\u00e1n\u00ed vakc\u00edn proti Covid-19. Pokud k n\u011bmu opravdu dojde, je d\u011bsiv\u00e9 pomyslet si, \u017ee \u00fa\u0159ady na cel\u00e9m sv\u011bt\u011b byly schopny vystavit lidi takov\u00e9mu nebezpe\u010d\u00ed.<\/p>\n<p>Dr. Bossche se domn\u00edv\u00e1, \u017ee obrovsk\u00fd glob\u00e1ln\u00ed rozsah rychle eskaluj\u00edc\u00edch chorob a \u00famrt\u00ed bude prost\u011b p\u0159\u00edli\u0161 velk\u00fd na to, aby se dal zakr\u00fdt a zodpov\u011bdn\u00e9 subjekty budou proto odhaleny.<\/p>\n<p><em>\u201ePokud n\u011bco ud\u011bl\u00e1te ve velmi velk\u00e9m rozsahu, jako bylo to, co se ud\u00e1lo s touto hromadnou covidovou o\u010dkovac\u00ed kampan\u00ed, pravda vyjde na povrch. A ti, kte\u0159\u00ed sp\u00e1chali tyto zlo\u010diny, kte\u0159\u00ed lhali lidem, kte\u0159\u00ed se nestarali o zdrav\u00ed a bezpe\u010dnost lid\u00ed, budou tvrd\u011b, velmi tvrd\u011b potrest\u00e1ni\u2026\u201c<\/em><\/p>\n<p>Bossche v\u011b\u0159\u00ed, \u017ee sv\u011bt si nakonec uv\u011bdom\u00ed, \u017ee ka\u017ed\u00fd byl podroben \u0161irok\u00e9mu experimentu na z\u00edsk\u00e1n\u00ed funk\u010dn\u00edho v\u00fdzkumu s lidsk\u00fdmi subjekty bez jejich skute\u010dn\u011b informovan\u00e9ho souhlasu.<\/p>\n<p><em>&#8222;Bude to n\u011bco, co se zap\u00ed\u0161e do historie po mnoho dal\u0161\u00edch generac\u00ed<\/em> ,&#8220; dodal.<\/p>\n<p>Autor: Cassie B., Zdroj:\u00a0<a href=\"https:\/\/www.naturalnews.com\/2024-05-03-immunology-expert-warns-everyone-jabs-die-within-years.html\" target=\"_blank\" rel=\"noopener\">naturalnews.com<\/a><\/p>\n<p>&nbsp;<\/p>\n","protected":false},"excerpt":{"rendered":"<p>Jedna z p\u0159edn\u00edch sv\u011btov\u00fdch odbornic na imunologii varuje, \u017ee jednotlivci, kte\u0159\u00ed dostali mRNA vakc\u00edny proti&#8230;<\/p>\n","protected":false},"author":2,"featured_media":53558,"comment_status":"closed","ping_status":"closed","sticky":false,"template":"","format":"standard","meta":[],"categories":[7],"tags":[23,1701,523,651],"_links":{"self":[{"href":"https:\/\/www.infokuryr.cz\/n\/wp-json\/wp\/v2\/posts\/53557"}],"collection":[{"href":"https:\/\/www.infokuryr.cz\/n\/wp-json\/wp\/v2\/posts"}],"about":[{"href":"https:\/\/www.infokuryr.cz\/n\/wp-json\/wp\/v2\/types\/post"}],"author":[{"embeddable":true,"href":"https:\/\/www.infokuryr.cz\/n\/wp-json\/wp\/v2\/users\/2"}],"replies":[{"embeddable":true,"href":"https:\/\/www.infokuryr.cz\/n\/wp-json\/wp\/v2\/comments?post=53557"}],"version-history":[{"count":0,"href":"https:\/\/www.infokuryr.cz\/n\/wp-json\/wp\/v2\/posts\/53557\/revisions"}],"wp:featuredmedia":[{"embeddable":true,"href":"https:\/\/www.infokuryr.cz\/n\/wp-json\/wp\/v2\/media\/53558"}],"wp:attachment":[{"href":"https:\/\/www.infokuryr.cz\/n\/wp-json\/wp\/v2\/media?parent=53557"}],"wp:term":[{"taxonomy":"category","embeddable":true,"href":"https:\/\/www.infokuryr.cz\/n\/wp-json\/wp\/v2\/categories?post=53557"},{"taxonomy":"post_tag","embeddable":true,"href":"https:\/\/www.infokuryr.cz\/n\/wp-json\/wp\/v2\/tags?post=53557"}],"curies":[{"name":"wp","href":"https:\/\/api.w.org\/{rel}","templated":true}]}}