{"id":53538,"date":"2024-05-13T00:40:35","date_gmt":"2024-05-12T22:40:35","guid":{"rendered":"https:\/\/www.infokuryr.cz\/n\/?p=53538"},"modified":"2024-05-12T18:49:44","modified_gmt":"2024-05-12T16:49:44","slug":"nemecti-poslanci-chteji-sestrelovat-ruske-rakety-nad-ukrajinou","status":"publish","type":"post","link":"https:\/\/www.infokuryr.cz\/n\/2024\/05\/13\/nemecti-poslanci-chteji-sestrelovat-ruske-rakety-nad-ukrajinou\/","title":{"rendered":"N\u011bme\u010dt\u00ed poslanci cht\u011bj\u00ed sest\u0159elovat rusk\u00e9 rakety nad Ukrajinou"},"content":{"rendered":"<div id=\"fb-root\"><\/div>\n<p><span style=\"font-size: 18pt;\"><strong>P\u0159il\u00e9taj\u00edc\u00ed drony a projektily by mohly b\u00fdt zam\u011b\u0159eny z Polska a Rumunska, uvedli z\u00e1konod\u00e1rci<\/strong><\/span><\/p>\n<p><span>N\u011bme\u010dt\u00ed z\u00e1konod\u00e1rci z vl\u00e1dnouc\u00ed koalice i opozice podporuj\u00ed my\u0161lenku NATO vyhl\u00e1sit bezletovou z\u00f3nu nad z\u00e1padn\u00ed Ukrajinou uprost\u0159ed konfliktu s Ruskem, uvedl Frankfurter Allgemeine Zeitung (FAZ).<\/span><\/p>\n<p><span>List se pro sv\u016fj sobotn\u00ed \u010dl\u00e1nek zeptal \u010dlen\u016f parlamentu na n\u00e1vrh, kter\u00fd d\u0159\u00edve p\u0159edlo\u017eil n\u00e1\u010deln\u00edk gener\u00e1ln\u00edho \u0161t\u00e1bu ministra obrany Nico Lange, kter\u00fd navrhl, aby z \u00fazem\u00ed mohly b\u00fdt sest\u0159eleny rusk\u00e9 rakety a bezpilotn\u00ed letouny zam\u011b\u0159en\u00e9 na ukrajinskou energetickou infrastrukturu a vojensk\u00e1 za\u0159\u00edzen\u00ed. sousedn\u00edho Polska a Rumunska.<\/span><\/p>\n<p><span>Podle Langeho by to vedlo k vytvo\u0159en\u00ed 70 km \u0161irok\u00e9 bezpe\u010dn\u00e9 z\u00f3ny na hranici mezi EU a Ukrajinou a z\u00e1rove\u0148 by Kyjevu umo\u017enilo znovu rozm\u00edstit vlastn\u00ed syst\u00e9my protivzdu\u0161n\u00e9 obrany, kter\u00fdch je nedostatek, z tzv. na z\u00e1pad zem\u011b k frontov\u00e9 linii.<\/span><\/p>\n<p><em><span>&#8222;Obrana vzdu\u0161n\u00e9ho prostoru nad Ukrajinou p\u0159ed Polskem a Rumunskem by nem\u011bla b\u00fdt dlouhodob\u011b vylou\u010dena,&#8220;<\/span><\/em><span>\u00a0\u0159ekl FAZ Anton Hofreiter, poslanec za Stranu zelen\u00fdch, kter\u00e1 je sou\u010d\u00e1st\u00ed n\u011bmeck\u00e9 koalice. O takov\u00e9m kroku se v\u0161ak v tuto chv\u00edli\u00a0<\/span><em><span>\u201enediskutuje\u201c,<\/span><\/em><span>\u00a0proto\u017ee sou\u010dasnou prioritou Z\u00e1padu je dodat Ukrajin\u011b\u00a0<\/span><em><span>\u201ev\u00fdrazn\u011b v\u00edce\u201c<\/span><\/em><span>\u00a0zbran\u00ed a munice, zd\u016fraznil.<\/span><\/p>\n<p><span>Marcus Faber ze Svobodn\u00e9 demokratick\u00e9 strany (FDP), rovn\u011b\u017e ve vl\u00e1dnouc\u00ed koalici, souhlasil s t\u00edm, \u017ee\u00a0<\/span><em><span>\u201evzdu\u0161n\u00fd prostor nad ukrajinsk\u00fdmi pohrani\u010dn\u00edmi regiony\u201c<\/span><\/em><span>\u00a0by mohl b\u00fdt\u00a0<\/span><em><span>\u201echr\u00e1n\u011bn protivzdu\u0161nou obranou na \u00fazem\u00ed NATO\u201c.<\/span><\/em><span>\u00a0Podle Fabera by to bylo\u00a0<\/span><em><span>\u201emo\u017en\u00e9\u201c,<\/span><\/em><span>\u00a0pokud by Z\u00e1pad dok\u00e1zal zajistit dostatek munice pro syst\u00e9my protivzdu\u0161n\u00e9 obrany.<\/span><\/p>\n<p><span>Poslanec opozi\u010dn\u00ed K\u0159es\u0165anskodemokratick\u00e9 unie (CDU) Roderich Kiesewetter tak\u00e9 uvedl, \u017ee z\u00e1padn\u00ed podporovatel\u00e9 Kyjeva by mohli sest\u0159elit rusk\u00e9 bezpilotn\u00ed letouny nad z\u00e1padn\u00ed Ukrajinou.\u00a0<\/span><em><span>&#8222;To by ulevilo ukrajinsk\u00e9 PVO a umo\u017enilo j\u00ed chr\u00e1nit frontu,&#8220;<\/span><\/em><span>\u00a0vysv\u011btlil.<\/span><\/p>\n<p><span>Kiesewetter p\u0159ipomn\u011bl, jak USA, Velk\u00e1 Brit\u00e1nie a Francie pom\u00e1haly Izraeli v boji proti rozs\u00e1hl\u00e9mu bombardov\u00e1n\u00ed ze strany \u00cdr\u00e1nu v dubnu, a \u0159ekl, \u017ee to uk\u00e1zalo, \u017ee zem\u011b mohou poskytnout takovou pomoc sv\u00fdm spojenc\u016fm, ani\u017e by se ve skute\u010dnosti staly\u00a0<\/span><em><span>\u201estranou konfliktu\u201c.<\/span><\/em><\/p>\n<p><span>Rusk\u00fd prezident Vladimir Putin v b\u0159eznu varoval, \u017ee st\u00edha\u010dky F-16 vyroben\u00e9 v USA, kter\u00e9 Z\u00e1pad pl\u00e1nuje dodat Ukrajin\u011b, budou zam\u011b\u0159eny na leti\u0161t\u011b v zem\u00edch NATO, pokud odtud budou operovat.<\/span><\/p>\n<div class=\"Read-more-text-only\" data-has-alias=\"\"><span>Za\u010d\u00e1tkem tohoto t\u00fddne Rusko prohl\u00e1silo, \u017ee provede taktick\u00e9 cvi\u010den\u00ed jadern\u00fdch zbran\u00ed jako varov\u00e1n\u00ed pro USA a jejich spojence, aby neeskalovali konflikt na Ukrajin\u011b. Ozn\u00e1men\u00ed n\u00e1sledovalo po n\u00e1vrhu Polska potenci\u00e1ln\u011b hostit americk\u00e9 jadern\u00e9 zbran\u011b a po pozn\u00e1mk\u00e1ch francouzsk\u00e9ho prezidenta Emmanuela Macrona o mo\u017enosti vyslat na Ukrajinu francouzsk\u00e9 a dal\u0161\u00ed voj\u00e1ky NATO.<\/span><\/div>\n<div data-has-alias=\"\">\n<img decoding=\"async\" loading=\"lazy\" class=\"alignnone size-full wp-image-1185\" src=\"http:\/\/www.infokuryr.cz\/n\/wp-content\/uploads\/2021\/04\/kuryr-podpis.png\" alt=\"\" width=\"84\" height=\"24\" \/><\/div>\n<div data-has-alias=\"\"><\/div>\n<div data-has-alias=\"\"><\/div>\n","protected":false},"excerpt":{"rendered":"<p>P\u0159il\u00e9taj\u00edc\u00ed drony a projektily by mohly b\u00fdt zam\u011b\u0159eny z Polska a Rumunska, uvedli z\u00e1konod\u00e1rci N\u011bme\u010dt\u00ed&#8230;<\/p>\n","protected":false},"author":2,"featured_media":53539,"comment_status":"closed","ping_status":"closed","sticky":false,"template":"","format":"standard","meta":[],"categories":[7],"tags":[429,349,26],"_links":{"self":[{"href":"https:\/\/www.infokuryr.cz\/n\/wp-json\/wp\/v2\/posts\/53538"}],"collection":[{"href":"https:\/\/www.infokuryr.cz\/n\/wp-json\/wp\/v2\/posts"}],"about":[{"href":"https:\/\/www.infokuryr.cz\/n\/wp-json\/wp\/v2\/types\/post"}],"author":[{"embeddable":true,"href":"https:\/\/www.infokuryr.cz\/n\/wp-json\/wp\/v2\/users\/2"}],"replies":[{"embeddable":true,"href":"https:\/\/www.infokuryr.cz\/n\/wp-json\/wp\/v2\/comments?post=53538"}],"version-history":[{"count":0,"href":"https:\/\/www.infokuryr.cz\/n\/wp-json\/wp\/v2\/posts\/53538\/revisions"}],"wp:featuredmedia":[{"embeddable":true,"href":"https:\/\/www.infokuryr.cz\/n\/wp-json\/wp\/v2\/media\/53539"}],"wp:attachment":[{"href":"https:\/\/www.infokuryr.cz\/n\/wp-json\/wp\/v2\/media?parent=53538"}],"wp:term":[{"taxonomy":"category","embeddable":true,"href":"https:\/\/www.infokuryr.cz\/n\/wp-json\/wp\/v2\/categories?post=53538"},{"taxonomy":"post_tag","embeddable":true,"href":"https:\/\/www.infokuryr.cz\/n\/wp-json\/wp\/v2\/tags?post=53538"}],"curies":[{"name":"wp","href":"https:\/\/api.w.org\/{rel}","templated":true}]}}