{"id":5353,"date":"2021-10-13T03:05:23","date_gmt":"2021-10-13T01:05:23","guid":{"rendered":"http:\/\/www.infokuryr.cz\/n\/?p=5353"},"modified":"2021-10-13T03:05:23","modified_gmt":"2021-10-13T01:05:23","slug":"novy-rakousky-kancler-byl-uveden-do-uradu","status":"publish","type":"post","link":"https:\/\/www.infokuryr.cz\/n\/2021\/10\/13\/novy-rakousky-kancler-byl-uveden-do-uradu\/","title":{"rendered":"Nov\u00fd rakousk\u00fd kancl\u00e9\u0159 byl uveden do \u00fa\u0159adu"},"content":{"rendered":"<div id=\"fb-root\"><\/div>\n<p>Alexander Schallenberg p\u0159edchoz\u00ed ministr zahrani\u010d\u00ed vyst\u0159\u00eddal v \u00fa\u0159adu spolkov\u00e9ho Sebastiana Kurze, kter\u00fd po obvin\u011bn\u00ed z korupce odstoupil z funkce. V televizn\u00edm ceremoni\u00e1lu pod obrazem Marie Terezie slo\u017eil p\u0159\u00edsahu p\u0159ed spolkov\u00fdm prezidentem Alexandrem Van der Bellenem ve v\u00edde\u0148sk\u00e9m Hofburgu.<\/p>\n<p>Jde nyn\u00ed o obnoven\u00ed d\u016fv\u011bry, \u0159ekla hlava rakousk\u00e9ho st\u00e1tu nov\u00e9mu kancl\u00e9\u0159i jasn\u00e1 slova. \u201eV\u0161ichni o\u010dek\u00e1v\u00e1me, \u017ee se vl\u00e1da nyn\u00ed vr\u00e1t\u00ed ke spolupr\u00e1ci a spole\u010dn\u011b n\u011bco p\u0159inese, av\u0161ak samotn\u00e1 slova k obnoven\u00ed d\u016fv\u011bry nesta\u010d\u00ed. Bude to vy\u017eadovat tvrdou a soust\u0159ed\u011bnou pr\u00e1ci se skute\u010dn\u00fdmi v\u00fdsledky. V prvn\u00edm prohl\u00e1\u0161en\u00ed Schallenberg sl\u00edbil spolupracovat s vl\u00e1dou na stabilit\u011b. Z\u00e1rove\u0148 ozn\u00e1mil, \u017ee bude \u201e\u00fazce spolupracovat s Kurzem\u201c. Kari\u00e9rov\u00fd diplomat Michael Linhart pak vyst\u0159\u00eddal Schallenberga jako nov\u00fd ministra zahrani\u010d\u00ed. Dosud byl velvyslancem v Pa\u0159\u00ed\u017ei a d\u0159\u00edve gener\u00e1ln\u00edm tajemn\u00edkem ministerstva zahrani\u010dn\u00edch v\u011bc\u00ed.<\/p>\n<p>Dvaapades\u00e1tilet\u00fd Schallenberg k tomu m\u00e1 se sv\u00fdmi diplomatick\u00fdmi schopnostmi ty nejlep\u0161\u00ed p\u0159edpoklady. S p\u0159edchoz\u00edm kancl\u00e9\u0159em spolu l\u00e9ta pracovali. V roce 2019 se Schallenberg se stal ministrem zahrani\u010d\u00ed v p\u0159echodn\u00e9m kabinetu a ve stejn\u00e9 funkci se p\u0159est\u011bhoval do nov\u00e9ho Kurzova kabinetu. Vy\u0161et\u0159ov\u00e1n\u00ed korupce proti Kurzovi zp\u016fsobilo vl\u00e1dn\u00ed krizi, kdy\u017e spoluvl\u00e1dnouc\u00ed Zelen\u00ed po\u017eadovali jeho v\u00fdm\u011bnu a jinak hrozili rozpadem koalice. Stalo se pot\u00e9, co Kurz a jeho doprovod jsou vy\u0161et\u0159ov\u00e1ni pro podez\u0159en\u00ed z korupce a nev\u011bry. \u017de za pomoc\u00ed pen\u011bz z dan\u00ed vy\u0161perkoval ve sv\u016fj politick\u00fd vzestup pr\u016fzkumy a zve\u0159ej\u0148oval v tisku o sob\u011b \u010dl\u00e1nky. Kurz obvin\u011bn\u00ed odm\u00edt\u00e1, ale p\u0159iznal autenti\u010dnost chat\u016f zabaven\u00fdch p\u0159i policejn\u00edch prohl\u00eddk\u00e1ch, kter\u00e9 to potvrzuj\u00ed. Zat\u00edm z\u016fst\u00e1v\u00e1 p\u0159edsedou lidov\u00e9 strany a jako \u0161\u00e9f jej\u00edho poslaneck\u00e9ho klubu se st\u011bhuje zp\u011bt do parlamentu. Pozorovatel\u00e9 p\u0159edpokl\u00e1daj\u00ed, \u017ee se bude nad\u00e1le sna\u017eit o vliv jako \u201est\u00ednov\u00fd kancl\u00e9\u0159\u201c a jeho politick\u00e1 kari\u00e9ra by se sta\u017een\u00edm nem\u011bla skon\u010dit.<\/p>\n<p>Z\u00e1chrana z koali\u010dn\u00ed krize se tak v p\u0159edposledn\u00ed minut\u011b se rychle zm\u011bnila v boj o interpreta\u010dn\u00ed suverenitu. Vznik\u00e1 ot\u00e1zka, zdali Kurz bude skute\u010dn\u011b \u201est\u00ednov\u00fdm kancl\u00e9\u0159em\u201c? Nebo je jeho sobotn\u00ed \u00fastup vlastn\u011b rozlou\u010den\u00edm na spl\u00e1tky, proto\u017ee bez ohledu na presumpci neviny je t\u011b\u017ek\u00e9 b\u00fdt vrcholn\u00fdm p\u0159edstavitelem st\u00e1tu v z\u00e1padoevropsk\u00e9 zemi s t\u00edmto obvin\u011bn\u00edm. V\u00edde\u0148sk\u00fd \u201eDer Standard\u201c konstatoval, \u017ee kone\u010dn\u011b jeho \u00d6VP za\u010dalo b\u00fdt jasn\u00e9, \u017ee Kurz \u201eji\u017e nem\u016f\u017ee b\u00fdt d\u00e1le udr\u017eov\u00e1n\u201c. \u201eVorarlberger Nachrichten\u201c je velmi jasn\u00fd: \u201eS\u00e1m Kurz je st\u00e1le p\u0159esv\u011bd\u010den, \u017ee ho tento v\u00edkend bude v pr\u016fzkumech st\u00e1t mo\u017en\u00e1 deset procent a \u017ee za t\u0159i m\u011bs\u00edce bude zase v\u0161echno v po\u0159\u00e1dku. M\u00fdl\u00ed se v\u0161ak,\u201c p\u00ed\u0161e ve sv\u00e9 aktu\u00e1ln\u00ed anal\u00fdze jej\u00ed \u0161\u00e9fredaktor. \u201eAni za t\u0159i m\u011bs\u00edce nebude v\u0161echno v po\u0159\u00e1dku. To, co nedok\u00e1zal Sebastian Kurz, pro n\u011bj v ned\u011bli ve\u010der ud\u011blal spolkov\u00fd prezident: Omluvil se za mor\u00e1ln\u00ed obraz, jeho politiky. Stru\u010dn\u011b \u0159e\u010deno, konstatuje list, nen\u00ed \u017e\u00e1dn\u00fdm st\u00ednov\u00fdm kancl\u00e9\u0159em, proto\u017ee n\u00e1vrat do kancl\u00e9\u0159stv\u00ed je nep\u0159edstaviteln\u00fd.<\/p>\n<p>Samotn\u00fd Kurz se \u00fatern\u00edho mimo\u0159\u00e1dn\u00e9ho zased\u00e1n\u00ed N\u00e1rodn\u00ed rady nem\u016f\u017ee z\u00fa\u010dastnit, proto\u017ee teprve ve \u010dtvrtek slo\u017e\u00ed slib poslance, pot\u00e9 co se vrac\u00ed do jejich \u0159ad po slo\u017een\u00ed funkce spolkov\u00e9ho kancl\u00e9\u0159e. Zat\u00edm byl jednomysln\u011b zvolen do \u010dela lidoveck\u00e9 poslaneck\u00e9 frakce. Na zased\u00e1n\u00ed vystoup\u00ed nov\u00fd spolkov\u00fd kancl\u00e9\u0159 s vl\u00e1dn\u00edm prohl\u00e1\u0161en\u00edm.<\/p>\n<p>Na \u00fatern\u00edm zased\u00e1n\u00ed parlamentu se k p\u0159ednesen\u00e9mu prohl\u00e1\u0161en\u00ed p\u0159edstavitel\u00e9 t\u0159\u00ed opozi\u010dn\u00edch stran kriticky vyj\u00e1d\u0159ili k vystoupen\u00ed nov\u00e9ho kancl\u00e9\u0159e, proto\u017ee Schallenberg se v\u016f\u010di parlamentu nechoval jako \u201ekancl\u00e9\u0159, ale sp\u00ed\u0161e jako p\u0159edseda lidovc\u016f\u201c. Za jeho t\u011b\u017ekou chybou pova\u017euj\u00ed, \u017ee ozna\u010dil jako fale\u0161n\u00e1 obvin\u011bn\u00ed justi\u010dn\u00edch org\u00e1n\u016f v\u016f\u010di Kurzovi z korupce, m\u00edsto aby se distancoval. P\u0159edsedkyn\u011b soci\u00e1ln\u00edch demokrat\u016f Rendi Wagnerov\u00e1 ozn\u00e1mila, \u017ee bude po\u017eadovat demisi sou\u010dasn\u00e9ho ministra financ\u00ed Bl\u00fcmela, \u0161\u00e9f Svobodn\u00fdch Kickl pak cel\u00e9 vl\u00e1dy. P\u0159edsedkyn\u011b liber\u00e1ln\u00ed NEOS Meinl-Reisingerov\u00e1 prohl\u00e1sila, \u017ee Kurz se svou lidovou stranou uv\u00edzl v bahn\u011b moci, kterou up\u0159ednost\u0148uje p\u0159ed z\u00e1sadami. Nakonec musela b\u00fdt diskuse p\u0159echodn\u011b p\u0159eru\u0161ena, kdy\u017e 28let\u00e1 soci\u00e1ln\u011b demokratick\u00e1 poslankyn\u011b Holzleitnerov\u00e1 se p\u0159i sv\u00e9m vystoupen\u00ed zhroutila. N\u00e1vrhy na vysloven\u00ed ned\u016fv\u011bry nebyly poslanci p\u0159ijaty.\u00a0 Zased\u00e1n\u00ed N\u00e1rodn\u00ed rady bude trvat \u010dty\u0159i dny.<\/p>\n<p><a href=\"http:\/\/vasevec.parlamentnilisty.cz\/novy-rakousky-kancler-byl-uveden-do-uradu\">Richard Seemann<\/a><\/p>\n<p>&nbsp;<\/p>\n","protected":false},"excerpt":{"rendered":"<p>Alexander Schallenberg p\u0159edchoz\u00ed ministr zahrani\u010d\u00ed vyst\u0159\u00eddal v \u00fa\u0159adu spolkov\u00e9ho Sebastiana Kurze, kter\u00fd po obvin\u011bn\u00ed z&#8230;<\/p>\n","protected":false},"author":2,"featured_media":5354,"comment_status":"closed","ping_status":"closed","sticky":false,"template":"","format":"standard","meta":[],"categories":[7],"tags":[1079,120],"_links":{"self":[{"href":"https:\/\/www.infokuryr.cz\/n\/wp-json\/wp\/v2\/posts\/5353"}],"collection":[{"href":"https:\/\/www.infokuryr.cz\/n\/wp-json\/wp\/v2\/posts"}],"about":[{"href":"https:\/\/www.infokuryr.cz\/n\/wp-json\/wp\/v2\/types\/post"}],"author":[{"embeddable":true,"href":"https:\/\/www.infokuryr.cz\/n\/wp-json\/wp\/v2\/users\/2"}],"replies":[{"embeddable":true,"href":"https:\/\/www.infokuryr.cz\/n\/wp-json\/wp\/v2\/comments?post=5353"}],"version-history":[{"count":0,"href":"https:\/\/www.infokuryr.cz\/n\/wp-json\/wp\/v2\/posts\/5353\/revisions"}],"wp:featuredmedia":[{"embeddable":true,"href":"https:\/\/www.infokuryr.cz\/n\/wp-json\/wp\/v2\/media\/5354"}],"wp:attachment":[{"href":"https:\/\/www.infokuryr.cz\/n\/wp-json\/wp\/v2\/media?parent=5353"}],"wp:term":[{"taxonomy":"category","embeddable":true,"href":"https:\/\/www.infokuryr.cz\/n\/wp-json\/wp\/v2\/categories?post=5353"},{"taxonomy":"post_tag","embeddable":true,"href":"https:\/\/www.infokuryr.cz\/n\/wp-json\/wp\/v2\/tags?post=5353"}],"curies":[{"name":"wp","href":"https:\/\/api.w.org\/{rel}","templated":true}]}}