{"id":5351,"date":"2021-10-13T02:53:56","date_gmt":"2021-10-13T00:53:56","guid":{"rendered":"http:\/\/www.infokuryr.cz\/n\/?p=5351"},"modified":"2021-10-13T02:53:56","modified_gmt":"2021-10-13T00:53:56","slug":"francie-chce-jadro-zaradit-do-zelene-energetiky-eu","status":"publish","type":"post","link":"https:\/\/www.infokuryr.cz\/n\/2021\/10\/13\/francie-chce-jadro-zaradit-do-zelene-energetiky-eu\/","title":{"rendered":"Francie chce j\u00e1dro za\u0159adit do zelen\u00e9 energetiky EU"},"content":{"rendered":"<div id=\"fb-root\"><\/div>\n<p>Francie, v \u010dele s ministrem hospod\u00e1\u0159stv\u00ed, Bruno Le Mairem a za podpory dal\u0161\u00edch 9 zem\u00ed, v\u010detn\u011b \u010cR, prosazuje za\u0159azen\u00ed jadern\u00e9 energetiky do Zelen\u00e9 politiky EU. Jedin\u011b tak se d\u00e1 v re\u00e1lu sn\u00ed\u017eit dopad na zm\u011bnu klimatu a zajistit energetick\u00e1 nez\u00e1vislost, jak to vyty\u010dili zelen\u00ed ekologist\u00e9. Tzv. protin\u011bmeckou rebelii v EU za\u0161t\u00edtil ji\u017e i francouzsk\u00fd prezident Macron.<\/p>\n<p>Zelen\u00ed tak paradoxn\u011b\u00a0 &#8211; a umocn\u011bn\u011b sou\u010dasnou energetickou kriz\u00ed &#8211; fors\u00edruj\u00ed jadernou energetiku. P\u0159itom na protestech proti n\u00ed vyhr\u00e1vali volby&#8230;<\/p>\n<p>Jen\u017ee, ut\u00edkaj\u00edc od rusk\u00e9ho plynu, skon\u010d\u00ed op\u011bt na prahu Ruska, kter\u00e9 m\u00e1 jadernou energetiku nejvysp\u011blej\u0161\u00ed a tud\u00ed\u017e nejexportovan\u011bj\u0161\u00ed do sv\u011bta &#8211; po Egyptu Turecko, kter\u00e9 objedn\u00e1v\u00e1 dal\u0161\u00ed dv\u011b,, dal\u0161\u00ed elektr\u00e1rnu chce od Rus\u016f Indie. Rezignace na sv\u011btov\u011b \u0161pi\u010dkov\u00e9ho rusk\u00e9ho dodavatele se rovn\u00e1 jadern\u00e9mu experimentu&#8230;<\/p>\n<p><a href=\"https:\/\/www.lefigaro.fr\/vox\/societe\/nous-europeens-avons-besoin-du-nucleaire-20211010\">ZDROJ<\/a><\/p>\n<p>&nbsp;<\/p>\n","protected":false},"excerpt":{"rendered":"<p>Francie, v \u010dele s ministrem hospod\u00e1\u0159stv\u00ed, Bruno Le Mairem a za podpory dal\u0161\u00edch 9 zem\u00ed,&#8230;<\/p>\n","protected":false},"author":2,"featured_media":2627,"comment_status":"closed","ping_status":"closed","sticky":false,"template":"","format":"standard","meta":[],"categories":[7],"tags":[130,183],"_links":{"self":[{"href":"https:\/\/www.infokuryr.cz\/n\/wp-json\/wp\/v2\/posts\/5351"}],"collection":[{"href":"https:\/\/www.infokuryr.cz\/n\/wp-json\/wp\/v2\/posts"}],"about":[{"href":"https:\/\/www.infokuryr.cz\/n\/wp-json\/wp\/v2\/types\/post"}],"author":[{"embeddable":true,"href":"https:\/\/www.infokuryr.cz\/n\/wp-json\/wp\/v2\/users\/2"}],"replies":[{"embeddable":true,"href":"https:\/\/www.infokuryr.cz\/n\/wp-json\/wp\/v2\/comments?post=5351"}],"version-history":[{"count":0,"href":"https:\/\/www.infokuryr.cz\/n\/wp-json\/wp\/v2\/posts\/5351\/revisions"}],"wp:featuredmedia":[{"embeddable":true,"href":"https:\/\/www.infokuryr.cz\/n\/wp-json\/wp\/v2\/media\/2627"}],"wp:attachment":[{"href":"https:\/\/www.infokuryr.cz\/n\/wp-json\/wp\/v2\/media?parent=5351"}],"wp:term":[{"taxonomy":"category","embeddable":true,"href":"https:\/\/www.infokuryr.cz\/n\/wp-json\/wp\/v2\/categories?post=5351"},{"taxonomy":"post_tag","embeddable":true,"href":"https:\/\/www.infokuryr.cz\/n\/wp-json\/wp\/v2\/tags?post=5351"}],"curies":[{"name":"wp","href":"https:\/\/api.w.org\/{rel}","templated":true}]}}