{"id":5346,"date":"2021-10-13T02:39:31","date_gmt":"2021-10-13T00:39:31","guid":{"rendered":"http:\/\/www.infokuryr.cz\/n\/?p=5346"},"modified":"2021-10-13T02:39:31","modified_gmt":"2021-10-13T00:39:31","slug":"15-konference-smluvnich-stran-umluvy-o-biologicke-rozmanitosti","status":"publish","type":"post","link":"https:\/\/www.infokuryr.cz\/n\/2021\/10\/13\/15-konference-smluvnich-stran-umluvy-o-biologicke-rozmanitosti\/","title":{"rendered":"15. konference smluvn\u00edch stran \u00damluvy o biologick\u00e9 rozmanitosti"},"content":{"rendered":"<div id=\"fb-root\"><\/div>\n<p>V pond\u011bl\u00ed byla ve m\u011bst\u011b Kunming (Kchun-ming) v \u010d\u00ednsk\u00e9 provincii Yunnan (J\u00fcn-nan) zah\u00e1jena 15. konference smluvn\u00edch stran \u00damluvy o biologick\u00e9 rozmanitosti. \u0158ada host\u016f vyj\u00e1d\u0159ila, \u017ee se t\u011b\u0161\u00ed na realizaci v\u00fdsledk\u016f konference a na prosp\u011bch, kter\u00fd konference p\u0159inese pro spole\u010dnou budoucnost lidstva.<\/p>\n<p>T\u00e9matem t\u00e9to konference je \u201eEkologick\u00e1 civilizace: Budov\u00e1n\u00ed spole\u010denstv\u00ed \u017eivota na Zemi\u201c. Na slavnostn\u00edm zah\u00e1jen\u00ed konference z\u00e1stupkyn\u011b gener\u00e1ln\u00edho tajemn\u00edka OSN a v\u00fdkonn\u00e1 \u0159editelka programu OSN pro \u017eivotn\u00ed prost\u0159ed\u00ed Inger Andersen uvedla, \u017ee vl\u00e1dy a soukrom\u00fd sektor mus\u00ed kl\u00e1st ekologick\u00e9 prost\u0159ed\u00ed na d\u016fle\u017eitou pozici p\u0159i rozhodov\u00e1n\u00ed a p\u0159ekonat nedostatek spr\u00e1vy a tr\u017en\u00ed s\u00edly. O\u010dek\u00e1v\u00e1, \u017ee v\u0161echny zem\u011b budou spolupracovat v boji za udr\u017eitelnou budoucnost lidstva.<\/p>\n<p>\u0158ekla: \u201ePokud jde o \u0159e\u0161en\u00ed souvisej\u00edc\u00edho sni\u017eov\u00e1n\u00ed kriz\u00ed biologick\u00e9 rozmanitosti a zm\u011bny klimatu, je posledn\u00edch n\u011bkolik m\u011bs\u00edc\u016f roku 2021 velmi d\u016fle\u017eit\u00fdch. Jeliko\u017e se konference COP15 bude konat postupn\u011b ve dvou f\u00e1z\u00edch, m\u011bli bychom zam\u011b\u0159it na\u0161e \u00fasil\u00ed na \u201eglob\u00e1ln\u00ed r\u00e1mec biologick\u00e9 rozmanitosti po roce 2020\u201c a zajistit jeho prov\u00e1d\u011bn\u00ed. Toto je n\u00e1\u0161 zp\u016fsob, jak zajistit udr\u017eitelnou budoucnost sd\u00edlenou v\u0161emi.\u201c<\/p>\n<p>Lu Wenming (Lu Wen-ming), z\u00e1stupce gener\u00e1ln\u00edho \u0159editele Mezin\u00e1rodn\u00ed organizace pro bambus a ratan, uvedl, \u017ee biologick\u00e1 rozmanitost je v dne\u0161n\u00ed dob\u011b st\u00e1le d\u016fle\u017eit\u011bj\u0161\u00ed, a t\u011b\u0161\u00ed se na tuto konferenci, kter\u00e1 bude d\u00e1le propagovat, aby mezin\u00e1rodn\u00ed spole\u010denstv\u00ed v\u011bnovalo v\u011bt\u0161\u00ed pozornost ochran\u011b biodiverzity.<\/p>\n<p>Lu Wenming uvedl: \u201eO\u010dek\u00e1v\u00e1 se, \u017ee (konference) bude m\u00edt velk\u00fd propaga\u010dn\u00ed \u00fa\u010dinek na mezin\u00e1rodn\u00ed a dom\u00e1c\u00ed \u00fasil\u00ed o pos\u00edlen\u00ed ochrany biologick\u00e9 rozmanitosti. Zejm\u00e9na p\u0159\u00ed\u0161t\u00ed desetilet\u00ed je tak\u00e9 desetilet\u00edm ak\u010dn\u00edho pl\u00e1nu \u201eDek\u00e1da OSN pro obnovu ekosyst\u00e9mu OSN\u201c. Biodiverzita s t\u00edm tak\u00e9 \u00fazce souvis\u00ed a douf\u00e1 se, \u017ee tato konference (smluvn\u00edch stran) o biodiverzit\u011b bude d\u00e1le podporovat r\u016fzn\u00e9 souvisej\u00edc\u00ed oblasti doma i v zahrani\u010d\u00ed.\u201c<\/p>\n<p>Dimitri Nicolas de Boer, hlavn\u00ed p\u0159edstavitel pekingsk\u00e9 kancel\u00e1\u0159e Evropsk\u00e9 asociace ochrany \u017eivotn\u00edho prost\u0159ed\u00ed ClientEarth (UK), p\u0159ikl\u00e1d\u00e1 t\u00e9to konferenci velk\u00fd v\u00fdznam a t\u011b\u0161\u00ed se, \u017ee \u010c\u00edna jako hostitel a p\u0159edseda konference p\u0159inese konstruktivn\u011bj\u0161\u00ed opat\u0159en\u00ed v souvisej\u00edc\u00edch oblastech:<\/p>\n<p>\u201eJedn\u00edm z nich je financov\u00e1n\u00ed, co\u017e je finan\u010dn\u00ed podpora mezin\u00e1rodn\u00ed ochrany biologick\u00e9 rozmanitosti. Druh\u00fdm aspektem je ekologick\u00e1 spodn\u00ed mez. Velkou pozornost si zaslou\u017e\u00ed ochrana oce\u00e1n\u016f. T\u0159et\u00ed aspekt je zelen\u00fd dodavatelsk\u00fd \u0159et\u011bzec a \u010dtvrt\u00fd jsou n\u011bkter\u00e9 z\u00e1vazky t\u00fdkaj\u00edc\u00ed se zm\u011bny klimatu.\u201c<\/p>\n<p>Terry Townshend, poradce fondu Paulson Institute, \u017eije v \u010c\u00edn\u011b u\u017e deset let. Za posledn\u00edch deset let byl sv\u011bdkem neust\u00e1l\u00e9ho v\u00fdvoje \u010d\u00ednsk\u00e9 politiky na ochranu biologick\u00e9 rozmanitosti a osobn\u011b poc\u00edtil zlep\u0161en\u00ed \u010d\u00ednsk\u00e9ho ekologick\u00e9ho prost\u0159ed\u00ed. Vyj\u00e1d\u0159il, \u017ee o\u010dek\u00e1v\u00e1, \u017ee c\u00edle stanoven\u00e9 konferenc\u00ed budou ocen\u011bny a implementov\u00e1ny vl\u00e1dami v\u0161ech zem\u00ed.<\/p>\n<p>V roce 1992 na Sv\u011btov\u00e9 konferenci o \u017eivotn\u00edm prost\u0159ed\u00ed a rozvoji mnoho zem\u00ed v\u010detn\u011b \u010c\u00edny podepsalo \u00damluvu o biologick\u00e9 rozmanitosti. Od doby, kdy \u00damluva vstoupila v platnost, m\u00e1 196 smluvn\u00edch stran, a konalo se 14 konferenc\u00ed smluvn\u00edch stran. 15. konference smluvn\u00edch stran, kter\u00e1 se kon\u00e1 v \u010c\u00edn\u011b, vyd\u00e1 \u201eKunmingskou deklaraci\u201c, kter\u00e1 v\u0161echny strany vyzve, aby p\u0159ijaly opat\u0159en\u00ed reaguj\u00edc\u00ed na v\u00fdzvu k vybudov\u00e1n\u00ed spole\u010denstv\u00ed \u017eivota na Zemi, k omezen\u00ed ztr\u00e1ty biologick\u00e9 rozmanitosti, k pos\u00edlen\u00ed lidsk\u00e9ho blaha a dosa\u017een\u00ed udr\u017eiteln\u00e9ho rozvoje.<\/p>\n<p><img decoding=\"async\" loading=\"lazy\" class=\"alignnone size-full wp-image-1185\" src=\"http:\/\/www.infokuryr.cz\/n\/wp-content\/uploads\/2021\/04\/kuryr-podpis.png\" alt=\"\" width=\"84\" height=\"24\" \/><\/p>\n<p>&nbsp;<\/p>\n","protected":false},"excerpt":{"rendered":"<p>V pond\u011bl\u00ed byla ve m\u011bst\u011b Kunming (Kchun-ming) v \u010d\u00ednsk\u00e9 provincii Yunnan (J\u00fcn-nan) zah\u00e1jena 15. konference&#8230;<\/p>\n","protected":false},"author":2,"featured_media":5347,"comment_status":"closed","ping_status":"closed","sticky":false,"template":"","format":"standard","meta":[],"categories":[7],"tags":[30,758],"_links":{"self":[{"href":"https:\/\/www.infokuryr.cz\/n\/wp-json\/wp\/v2\/posts\/5346"}],"collection":[{"href":"https:\/\/www.infokuryr.cz\/n\/wp-json\/wp\/v2\/posts"}],"about":[{"href":"https:\/\/www.infokuryr.cz\/n\/wp-json\/wp\/v2\/types\/post"}],"author":[{"embeddable":true,"href":"https:\/\/www.infokuryr.cz\/n\/wp-json\/wp\/v2\/users\/2"}],"replies":[{"embeddable":true,"href":"https:\/\/www.infokuryr.cz\/n\/wp-json\/wp\/v2\/comments?post=5346"}],"version-history":[{"count":0,"href":"https:\/\/www.infokuryr.cz\/n\/wp-json\/wp\/v2\/posts\/5346\/revisions"}],"wp:featuredmedia":[{"embeddable":true,"href":"https:\/\/www.infokuryr.cz\/n\/wp-json\/wp\/v2\/media\/5347"}],"wp:attachment":[{"href":"https:\/\/www.infokuryr.cz\/n\/wp-json\/wp\/v2\/media?parent=5346"}],"wp:term":[{"taxonomy":"category","embeddable":true,"href":"https:\/\/www.infokuryr.cz\/n\/wp-json\/wp\/v2\/categories?post=5346"},{"taxonomy":"post_tag","embeddable":true,"href":"https:\/\/www.infokuryr.cz\/n\/wp-json\/wp\/v2\/tags?post=5346"}],"curies":[{"name":"wp","href":"https:\/\/api.w.org\/{rel}","templated":true}]}}