{"id":5338,"date":"2021-10-12T03:32:38","date_gmt":"2021-10-12T01:32:38","guid":{"rendered":"http:\/\/www.infokuryr.cz\/n\/?p=5338"},"modified":"2021-10-12T03:32:38","modified_gmt":"2021-10-12T01:32:38","slug":"who-chce-byt-nejvyssi-autoritou-v-oblasti-verejneho-zdravi","status":"publish","type":"post","link":"https:\/\/www.infokuryr.cz\/n\/2021\/10\/12\/who-chce-byt-nejvyssi-autoritou-v-oblasti-verejneho-zdravi\/","title":{"rendered":"WHO chce b\u00fdt nejvy\u0161\u0161\u00ed autoritou v oblasti ve\u0159ejn\u00e9ho zdrav\u00ed!"},"content":{"rendered":"<div id=\"fb-root\"><\/div>\n<p>Od 29. listopadu do 1. prosince 2021 se \u010dlensk\u00e9 st\u00e1ty sejdou na zvl\u00e1\u0161tn\u00edm zased\u00e1n\u00ed s WHO, aby projednaly a p\u0159\u00edpadn\u011b podepsaly novou smlouvu o p\u0159ipravenosti a reakci na pandemie. Toto rozhodnut\u00ed p\u0159ijat\u00e9 v b\u0159eznu 2021 podpo\u0159ilo 26 zem\u00ed. Pozoruhodn\u00e9 je, \u017ee mezi t\u011bmito 26 zem\u011bmi chyb\u00ed Rusko, \u010c\u00edna a Indie. Mezin\u00e1rodn\u00ed zdravotn\u00ed p\u0159edpisy (2005)2 , kter\u00e9 podepsalo 196 zem\u00ed, ji\u017e d\u00e1vaj\u00ed st\u00e1t\u016fm\u00a0 pr\u00e1vo :<\/p>\n<p>&#8211; p\u0159ezkoum\u00e1n\u00ed historie cest do posti\u017een\u00fdch oblast\u00ed<br \/>\n&#8211; p\u0159ezkoum\u00e1n\u00ed doklad\u016f o l\u00e9ka\u0159sk\u00e9 prohl\u00eddce a p\u0159\u00edpadn\u00fdch laboratorn\u00edch testech<br \/>\n&#8211; vy\u017eadovat l\u00e9ka\u0159sk\u00e9 prohl\u00eddky<br \/>\n&#8211; p\u0159ezkoum\u00e1n\u00ed d\u016fkaz\u016f o o\u010dkov\u00e1n\u00ed nebo jin\u00e9 profylaxi<br \/>\n&#8211; vy\u017eadovat o\u010dkov\u00e1n\u00ed nebo jinou profylaxi<br \/>\n&#8211; um\u00edst\u011bn\u00ed podez\u0159el\u00fdch osob pod dohled ve\u0159ejn\u00e9ho zdravotnictv\u00ed<br \/>\n&#8211; zav\u00e9st karant\u00e9nu nebo jin\u00e1 zdravotn\u00ed opat\u0159en\u00ed pro podez\u0159el\u00e9 osoby<br \/>\n&#8211; v p\u0159\u00edpad\u011b pot\u0159eby prov\u00e9st izolaci a l\u00e9\u010dbu posti\u017een\u00fdch osob.<br \/>\n&#8211; odep\u0159\u00edt vstup podez\u0159el\u00fdm a posti\u017een\u00fdm osob\u00e1m<br \/>\n&#8211; zak\u00e1zat vstup nezasa\u017een\u00fdm osob\u00e1m do posti\u017een\u00fdch oblast\u00ed<br \/>\n&#8211; zav\u00e9st kontrolu p\u0159i odchodu a\/nebo omezen\u00ed pro osoby v posti\u017een\u00fdch oblastech.<\/p>\n<p><a href=\"https:\/\/lilianeheldkhawam.com\/2021\/10\/11\/important-loms-veut-lautorite-absolue-en-matiere-de-sante-publique-mondiale-alain-berset-en-fer-de-lance\/\">ZDROJ<\/a><\/p>\n<p>&nbsp;<\/p>\n<p>&nbsp;<\/p>\n","protected":false},"excerpt":{"rendered":"<p>Od 29. listopadu do 1. prosince 2021 se \u010dlensk\u00e9 st\u00e1ty sejdou na zvl\u00e1\u0161tn\u00edm zased\u00e1n\u00ed s&#8230;<\/p>\n","protected":false},"author":2,"featured_media":1213,"comment_status":"closed","ping_status":"closed","sticky":false,"template":"","format":"standard","meta":[],"categories":[7],"tags":[276,48,81],"_links":{"self":[{"href":"https:\/\/www.infokuryr.cz\/n\/wp-json\/wp\/v2\/posts\/5338"}],"collection":[{"href":"https:\/\/www.infokuryr.cz\/n\/wp-json\/wp\/v2\/posts"}],"about":[{"href":"https:\/\/www.infokuryr.cz\/n\/wp-json\/wp\/v2\/types\/post"}],"author":[{"embeddable":true,"href":"https:\/\/www.infokuryr.cz\/n\/wp-json\/wp\/v2\/users\/2"}],"replies":[{"embeddable":true,"href":"https:\/\/www.infokuryr.cz\/n\/wp-json\/wp\/v2\/comments?post=5338"}],"version-history":[{"count":0,"href":"https:\/\/www.infokuryr.cz\/n\/wp-json\/wp\/v2\/posts\/5338\/revisions"}],"wp:featuredmedia":[{"embeddable":true,"href":"https:\/\/www.infokuryr.cz\/n\/wp-json\/wp\/v2\/media\/1213"}],"wp:attachment":[{"href":"https:\/\/www.infokuryr.cz\/n\/wp-json\/wp\/v2\/media?parent=5338"}],"wp:term":[{"taxonomy":"category","embeddable":true,"href":"https:\/\/www.infokuryr.cz\/n\/wp-json\/wp\/v2\/categories?post=5338"},{"taxonomy":"post_tag","embeddable":true,"href":"https:\/\/www.infokuryr.cz\/n\/wp-json\/wp\/v2\/tags?post=5338"}],"curies":[{"name":"wp","href":"https:\/\/api.w.org\/{rel}","templated":true}]}}