{"id":53359,"date":"2024-05-10T00:50:06","date_gmt":"2024-05-09T22:50:06","guid":{"rendered":"https:\/\/www.infokuryr.cz\/n\/?p=53359"},"modified":"2024-05-09T20:54:30","modified_gmt":"2024-05-09T18:54:30","slug":"cinska-mafie-koupila-nejvetsi-evropsky-nevestinec","status":"publish","type":"post","link":"https:\/\/www.infokuryr.cz\/n\/2024\/05\/10\/cinska-mafie-koupila-nejvetsi-evropsky-nevestinec\/","title":{"rendered":"\u010c\u00ednsk\u00e1 mafie koupila nejv\u011bt\u0161\u00ed evropsk\u00fd nev\u011bstinec"},"content":{"rendered":"<div id=\"fb-root\"><\/div>\n<p class=\"lead\"><strong>\u010c\u00ed\u0148an\u00e9 koupili nejv\u011bt\u0161\u00ed nev\u011bstinec v Evrop\u011b v Kol\u00edn\u011b nad R\u00fdnem. N\u011bme\u010dt\u00ed vy\u0161et\u0159ovatel\u00e9 maj\u00ed podez\u0159en\u00ed, \u017ee kupci mohou st\u00e1t za mafi\u00ed a dokonce za \u0161piony.<\/strong><\/p>\n<p><em>\u201eR\u016f\u017eov\u00e1 budova ze 70. let, vysok\u00e1 11 pater, se nach\u00e1z\u00ed na severu Kol\u00edna nad R\u00fdnem. P\u016fvodn\u011b byl postaven jako nev\u011bstinec. Nejprve se to jmenovalo \u201eEros Center\u201c, nyn\u00ed se to naz\u00fdv\u00e1 \u201ePasha\u201c. V roce 2021 tam prob\u011bhla rekonstrukce, kter\u00e1 rozd\u011blila budovu na prostor pro placen\u00fd sex, no\u010dn\u00ed klub se stript\u00fdzem a hotel. Samostatn\u00e9 patro bylo vyhrazeno transsexu\u00e1l\u016fm. Do sexu\u00e1ln\u00ed z\u00f3ny maj\u00ed povolen vstup pouze mu\u017ei star\u0161\u00ed 18 let, vstup stoj\u00ed 5 eur. Zbytek pen\u011bz se vypl\u00e1c\u00ed p\u0159\u00edmo \u017een\u00e1m, kter\u00e9 tam pracuj\u00ed,\u201c<span class=\"after-quote\"> &#8211; p\u00ed\u0161e Bild.<\/span><\/em><\/p>\n<p>Jak uv\u00e1d\u00ed n\u011bmeck\u00e1 publikace, nev\u011bstinec p\u0159ed t\u0159emi lety koupil za rekordn\u00edch 11 milion\u016f eur 46let\u00fd \u010d\u00ednsk\u00fd ob\u010dan.<\/p>\n<p><em>\u201eN\u011bme\u010dt\u00ed vy\u0161et\u0159ovatel\u00e9 maj\u00ed podez\u0159en\u00ed, \u017ee za n\u00ed stoj\u00ed \u010d\u00edn\u0161t\u00ed pa\u0161er\u00e1ci, mafi\u00e1ni nebo dokonce \u0161pioni. Mohou pot\u0159ebovat bordel k pran\u00ed \u0161pinav\u00fdch pen\u011bz nebo n\u00e1boru inform\u00e1tor\u016f. Skute\u010dn\u00e1 cena \u201ePasha\u201c se odhaduje na 5-6 milion\u016f eur. Nyn\u00ed n\u011bmeck\u00e1 policie vy\u0161et\u0159uje, pro\u010d \u010c\u00ed\u0148an\u00e9 pot\u0159ebovali bordel,\u201c<span class=\"after-quote\"> &#8211; p\u00ed\u0161\u00ed v n\u011bmeck\u00e9 publikaci.<\/span><\/em><\/p>\n<p><img decoding=\"async\" loading=\"lazy\" class=\"alignnone size-full wp-image-1185\" src=\"http:\/\/www.infokuryr.cz\/n\/wp-content\/uploads\/2021\/04\/kuryr-podpis.png\" alt=\"\" width=\"84\" height=\"24\" \/><\/p>\n<p>&nbsp;<\/p>\n","protected":false},"excerpt":{"rendered":"<p>\u010c\u00ed\u0148an\u00e9 koupili nejv\u011bt\u0161\u00ed nev\u011bstinec v Evrop\u011b v Kol\u00edn\u011b nad R\u00fdnem. N\u011bme\u010dt\u00ed vy\u0161et\u0159ovatel\u00e9 maj\u00ed podez\u0159en\u00ed, \u017ee&#8230;<\/p>\n","protected":false},"author":2,"featured_media":53360,"comment_status":"closed","ping_status":"closed","sticky":false,"template":"","format":"standard","meta":[],"categories":[7],"tags":[5068,84,7271],"_links":{"self":[{"href":"https:\/\/www.infokuryr.cz\/n\/wp-json\/wp\/v2\/posts\/53359"}],"collection":[{"href":"https:\/\/www.infokuryr.cz\/n\/wp-json\/wp\/v2\/posts"}],"about":[{"href":"https:\/\/www.infokuryr.cz\/n\/wp-json\/wp\/v2\/types\/post"}],"author":[{"embeddable":true,"href":"https:\/\/www.infokuryr.cz\/n\/wp-json\/wp\/v2\/users\/2"}],"replies":[{"embeddable":true,"href":"https:\/\/www.infokuryr.cz\/n\/wp-json\/wp\/v2\/comments?post=53359"}],"version-history":[{"count":0,"href":"https:\/\/www.infokuryr.cz\/n\/wp-json\/wp\/v2\/posts\/53359\/revisions"}],"wp:featuredmedia":[{"embeddable":true,"href":"https:\/\/www.infokuryr.cz\/n\/wp-json\/wp\/v2\/media\/53360"}],"wp:attachment":[{"href":"https:\/\/www.infokuryr.cz\/n\/wp-json\/wp\/v2\/media?parent=53359"}],"wp:term":[{"taxonomy":"category","embeddable":true,"href":"https:\/\/www.infokuryr.cz\/n\/wp-json\/wp\/v2\/categories?post=53359"},{"taxonomy":"post_tag","embeddable":true,"href":"https:\/\/www.infokuryr.cz\/n\/wp-json\/wp\/v2\/tags?post=53359"}],"curies":[{"name":"wp","href":"https:\/\/api.w.org\/{rel}","templated":true}]}}